{"id":139,"date":"2021-03-16T11:57:42","date_gmt":"2021-03-16T08:57:42","guid":{"rendered":"http:\/\/www.tamerardic.com\/?p=139"},"modified":"2021-03-28T21:50:07","modified_gmt":"2021-03-28T18:50:07","slug":"oluklu-mukavva-sektoru-2020-yilinda-buyumesini-surdurdu","status":"publish","type":"post","link":"https:\/\/www.ambalajveetiket.com\/index.php\/2021\/03\/16\/oluklu-mukavva-sektoru-2020-yilinda-buyumesini-surdurdu\/","title":{"rendered":"Oluklu mukavva sekt\u00f6r\u00fc 2020 y\u0131l\u0131nda b\u00fcy\u00fcmesini s\u00fcrd\u00fcrd\u00fc"},"content":{"rendered":"<ul>\n<li>\n<h5>\u0130la\u00e7, g\u0131da, temizlik ve t\u0131bbi malzeme tedarikinde rol oynayan sekt\u00f6r pandemiye ra\u011fmen aral\u0131ks\u0131z b\u00fcy\u00fcd\u00fc.<\/h5>\n<\/li>\n<li>\n<h5>T\u00fcrkiye\u2019de reel sekt\u00f6re g\u00fc\u00e7 katan sekt\u00f6rlerden biri olan oluklu mukavva ambalaj end\u00fcstrisi, ya\u015fanan zor s\u00fcre\u00e7lere ra\u011fmen 2020\u2019yi b\u00fcy\u00fcmeyle kapatt\u0131.<\/h5>\n<\/li>\n<\/ul>\n<p>Oluklu mukavva ambalaj end\u00fcstrisi 2020\u2019yi bir \u00f6nceki y\u0131la oranla y\u00fczde 12 b\u00fcy\u00fcme ile tamamlad\u0131. Tedarik zincirinde kritik \u00f6neme sahip olan oluklu mukavva ambalaj, pandemiye ra\u011fmen \u00fcretimini \u00e7al\u0131\u015fanlar i\u00e7in gerekli tedbirleri de alarak aral\u0131ks\u0131z s\u00fcrd\u00fcrd\u00fc. Birincil \u00f6ncelikli t\u00fcketim maddelerinin (g\u0131da, ila\u00e7, temizlik ve t\u0131bbi malzeme) depolanmas\u0131, ta\u015f\u0131nmas\u0131 ve ula\u015ft\u0131r\u0131lmas\u0131nda kritik rol oynayan oluklu mukavva sekt\u00f6r\u00fc toplumun elzem t\u00fcketiminin kesintisiz kar\u015f\u0131lanmas\u0131 i\u00e7in aral\u0131ks\u0131z \u00e7al\u0131\u015ft\u0131.<\/p>\n<h4>Avrupa\u2019da 6. s\u0131rada<\/h4>\n<p>T\u00fcrkiye\u2019de oluklu mukavva sekt\u00f6r\u00fcn\u00fcn \u00fcretimi 2020\u2019de 2.5 milyon ton, 4,5 milyar metre kare seviyelerine ula\u015f\u0131rken; bu rakamlar ile Avrupa\u2019da 6. en b\u00fcy\u00fck pazar haline geldi. Ciro a\u00e7\u0131s\u0131ndan y\u0131ll\u0131k 15 milyar TL\u2019ye yakla\u015fan oluklu mukavva sekt\u00f6r\u00fc, 12 bine yak\u0131n \u00e7al\u0131\u015fan\u0131 ile \u00e7al\u0131\u015fmalar\u0131n\u0131 h\u0131z kesmeden devam ettirdi. Sekt\u00f6r\u00fcn toplam istihdam etkisi 25 bin ki\u015fi olurken, sekt\u00f6r\u00fcn temas etti\u011fi ki\u015fi say\u0131s\u0131 ise 100 bine yakla\u015f\u0131yor.<\/p>\n<h4>OM\u00dcD faaliyetleri pandemiye ra\u011fmen h\u0131z kesmedi<\/h4>\n<p>Ambalaj sekt\u00f6r\u00fcn\u00fcn ilk meslek kurulu\u015fu olarak; \u00fcyeleri ve y\u00f6netim kurulu ile sekt\u00f6r\u00fcn geli\u015fmesi ad\u0131na faaliyetlerini s\u00fcrd\u00fcren Oluklu Mukavva Sanayicileri Derne\u011fi (OM\u00dcD) 2020\u2019de de yo\u011fun \u00e7al\u0131\u015fmalar\u0131n\u0131 s\u00fcrd\u00fcrd\u00fc. OM\u00dcD olarak oluklu mukavvan\u0131n \u00fcst\u00fcn \u00f6zelliklerini daha iyi anlatmak, pazar\u0131 b\u00fcy\u00fctmek ve sekt\u00f6r\u00fcn sorunlar\u0131na \u00e7\u00f6z\u00fcm bulmak ad\u0131na \u00e7al\u0131\u015fmalar y\u00fcr\u00fctt\u00fcklerinin alt\u0131n\u0131 \u00e7izen OM\u00dcD Y\u00f6netim Kurulu Ba\u015fkan\u0131 Bu\u011fra S\u00fckan,<\/p>\n<p><img loading=\"lazy\" class=\"wp-image-8798 alignleft\" src=\"https:\/\/www.matbaahaber.com\/wp-content\/uploads\/2021\/03\/MH211_OMUD_BugraSukan-1-e1614755339169-1024x800.jpg\" alt=\"\" width=\"289\" height=\"252\">&nbsp;\u201cOluklu mukavva sekt\u00f6r\u00fc olarak 2020\u2019de ya\u015fanan t\u00fcm zor ko\u015fullara ra\u011fmen y\u0131l boyunca \u00fcretimimizi kesintiye u\u011fratmadan devam ettiren sekt\u00f6rler aras\u0131nda yer ald\u0131k\u201d diyor ve \u015f\u00f6yle devam ediyor: \u201c\u00c7eyrekler baz\u0131nda bakacak olursak sekt\u00f6r\u00fcm\u00fcz\u00fcn genel performans\u0131 dalgal\u0131 bir seyir izledi. Birinci ve \u00fc\u00e7\u00fcnc\u00fc \u00e7eyrekler g\u00fc\u00e7l\u00fc b\u00fcy\u00fcme g\u00f6sterirken, ikinci \u00e7eyrekte bunun tersine \u00e7ok sert bir d\u00fc\u015f\u00fc\u015f ya\u015fand\u0131. Buna ra\u011fmen y\u0131l\u0131 y\u00fczde 12 oran\u0131nda b\u00fcy\u00fcme ile tamamlad\u0131k. T\u00fcrkiye oluklu mukavva sekt\u00f6r\u00fc Avrupa\u2019n\u0131n en h\u0131zl\u0131 b\u00fcy\u00fcyen alt\u0131nc\u0131 pazar\u0131 konumunda yer al\u0131yor. Hedefimiz, y\u00fcksek kalitede hizmet sunma anlay\u0131\u015f\u0131yla bu basamaklar\u0131 t\u0131rmanmak ve daha \u00fcst s\u0131ralara y\u00fckselmek. Sekt\u00f6r\u00fcm\u00fcz\u00fcn daha iyi noktalara ta\u015f\u0131nmas\u0131 i\u00e7in oluklu mukavvan\u0131n ham maddesi olan, at\u0131k k\u00e2\u011f\u0131d\u0131n fiyat\u0131 ile bulunabilirli\u011finde bir istikrar sa\u011flanmas\u0131 ve sekt\u00f6r\u00fcn ihtiyac\u0131 olan nitelikli i\u015f g\u00fcc\u00fcn\u00fcn artmas\u0131 konular\u0131nda iyile\u015ftirmeler yap\u0131lmas\u0131 gerek. Di\u011fer yandan; oluklu mukavvan\u0131n \u00fcst\u00fcn \u00f6zelliklerinin daha iyi anlat\u0131lmas\u0131, g\u0131dayla temas eden ambalaj taraf\u0131nda oluklu mukavvan\u0131n avantajl\u0131 y\u00f6nlerinin \u00f6n plana \u00e7\u0131kar\u0131lmas\u0131 ve g\u00fcndemin bir di\u011fer \u00f6nemli konusu olan AB Ye\u015fil Mutabakat\u2019a haz\u0131rl\u0131kla ilgili \u00e7al\u0131\u015fmalar\u0131m\u0131z var. Bu \u00e7al\u0131\u015fmalar\u0131m\u0131z\u0131n, ilerleyen d\u00f6nemde sekt\u00f6r\u00fcm\u00fcz\u00fc daha da b\u00fcy\u00fctece\u011fine inan\u0131yorum.\u201d<\/p>\n","protected":false},"excerpt":{"rendered":"<p>\u0130la\u00e7, g\u0131da, temizlik ve t\u0131bbi malzeme tedarikinde rol oynayan sekt\u00f6r pandemiye ra\u011fmen aral\u0131ks\u0131z b\u00fcy\u00fcd\u00fc. T\u00fcrkiye\u2019de reel sekt\u00f6re g\u00fc\u00e7 katan sekt\u00f6rlerden biri olan oluklu mukavva ambalaj end\u00fcstrisi, ya\u015fanan zor s\u00fcre\u00e7lere ra\u011fmen 2020\u2019yi b\u00fcy\u00fcmeyle kapatt\u0131. Oluklu mukavva ambalaj end\u00fcstrisi 2020\u2019yi bir \u00f6nceki y\u0131la oranla y\u00fczde 12 b\u00fcy\u00fcme ile tamamlad\u0131. Tedarik zincirinde kritik \u00f6neme sahip olan oluklu mukavva [&hellip;]<\/p>\n","protected":false},"author":2,"featured_media":140,"comment_status":"closed","ping_status":"open","sticky":false,"template":"","format":"standard","meta":[],"categories":[1],"tags":[],"_links":{"self":[{"href":"https:\/\/www.ambalajveetiket.com\/index.php\/wp-json\/wp\/v2\/posts\/139"}],"collection":[{"href":"https:\/\/www.ambalajveetiket.com\/index.php\/wp-json\/wp\/v2\/posts"}],"about":[{"href":"https:\/\/www.ambalajveetiket.com\/index.php\/wp-json\/wp\/v2\/types\/post"}],"author":[{"embeddable":true,"href":"https:\/\/www.ambalajveetiket.com\/index.php\/wp-json\/wp\/v2\/users\/2"}],"replies":[{"embeddable":true,"href":"https:\/\/www.ambalajveetiket.com\/index.php\/wp-json\/wp\/v2\/comments?post=139"}],"version-history":[{"count":2,"href":"https:\/\/www.ambalajveetiket.com\/index.php\/wp-json\/wp\/v2\/posts\/139\/revisions"}],"predecessor-version":[{"id":192,"href":"https:\/\/www.ambalajveetiket.com\/index.php\/wp-json\/wp\/v2\/posts\/139\/revisions\/192"}],"wp:featuredmedia":[{"embeddable":true,"href":"https:\/\/www.ambalajveetiket.com\/index.php\/wp-json\/wp\/v2\/media\/140"}],"wp:attachment":[{"href":"https:\/\/www.ambalajveetiket.com\/index.php\/wp-json\/wp\/v2\/media?parent=139"}],"wp:term":[{"taxonomy":"category","embeddable":true,"href":"https:\/\/www.ambalajveetiket.com\/index.php\/wp-json\/wp\/v2\/categories?post=139"},{"taxonomy":"post_tag","embeddable":true,"href":"https:\/\/www.ambalajveetiket.com\/index.php\/wp-json\/wp\/v2\/tags?post=139"}],"curies":[{"name":"wp","href":"https:\/\/api.w.org\/{rel}","templated":true}]}}