{"id":148,"date":"2021-03-13T21:06:22","date_gmt":"2021-03-13T18:06:22","guid":{"rendered":"http:\/\/www.tamerardic.com\/?p=148"},"modified":"2021-03-28T21:49:02","modified_gmt":"2021-03-28T18:49:02","slug":"murat-demir-sade-ofset-matbaacilik-ambalaj-genel-muduru-screen-kriterlerimizi-buyuk-olcude-karsiladi","status":"publish","type":"post","link":"https:\/\/www.ambalajveetiket.com\/index.php\/2021\/03\/13\/murat-demir-sade-ofset-matbaacilik-ambalaj-genel-muduru-screen-kriterlerimizi-buyuk-olcude-karsiladi\/","title":{"rendered":"Murat Demir (Sade Ofset Matbaac\u0131l\u0131k Ambalaj Genel M\u00fcd\u00fcr\u00fc): \u201cScreen kriterlerimizi b\u00fcy\u00fck \u00f6l\u00e7\u00fcde kar\u015f\u0131lad\u0131\u201d"},"content":{"rendered":"<p>2018 y\u0131l\u0131 sonbahar\u0131nda SCREEN Truepress L350UV+ bobin beslemeli dijital inkjet etiket bask\u0131 makinesine yat\u0131r\u0131m yaparak Elektroser ile dijital bask\u0131y\u0131 da makine park\u0131na ve hizmet portf\u00f6y\u00fcne ekleyen Sade Ofset Matbaac\u0131l\u0131k Ambalaj Ltd. \u015eti., bir y\u0131lda kendinden yap\u0131\u015fkanl\u0131 etiket cirosunu %25 art\u0131rd\u0131.<\/p>\n<p>Screen Truepress Jet L350UV+ inkjet dijital bask\u0131 makinesi 6 renkli ve 35 cm eninde bobin i\u015fliyor. CMYK + beyaz + orange renklerle geni\u015f bir renk gamutu elde eden makinede bir de korona \u00fcnitesi var. Dakikada 60 metre h\u0131za ula\u015fan 1200 dpi \u00e7\u00f6z\u00fcn\u00fcrl\u00fckteki makine, beyaz bask\u0131da ise 30 metre h\u0131zda \u00e7al\u0131\u015f\u0131yor. Vargel so\u011futma sistemi ile herhangi bir deformasyon olmadan bas\u0131lan ince malzemelerin arka y\u00fcz\u00fcne bask\u0131 yapmak veya ikinci bir ge\u00e7i\u015fle katma de\u011feri artt\u0131r\u0131c\u0131 uygulamalar yapmak m\u00fcmk\u00fcn. Yeni d\u00fc\u015f\u00fck migrasyonlu m\u00fcrekkepler ile g\u0131da g\u00fcvenli\u011fi kriterlerini kar\u015f\u0131layan makine Screen\u2019\u0131n kendi yaz\u0131l\u0131mlar\u0131 ile \u00e7al\u0131\u015f\u0131yor.<\/p>\n<p>Sade Ofset Matbaac\u0131l\u0131k Ambalaj Genel M\u00fcd\u00fcr\u00fc Murat Demir, Screen Truepress Jet L350UV+ dijital etiket bask\u0131 makinesiyle \u00e7al\u0131\u015fma deneyimleri ve inkjet dijital bask\u0131n\u0131n \u015firketin \u00fcretimine ve i\u015fine katk\u0131lar\u0131 \u00fczerine sorular\u0131 yan\u0131tlad\u0131.<\/p>\n<ul>\n<li><em><strong>Firman\u0131zdan, mevcut makine park\u0131n\u0131z\u0131n genel yap\u0131s\u0131ndan ve i\u015f &#8211; \u00fcr\u00fcn gruplar\u0131n\u0131zdan k\u0131sa da olsa bahseder misiniz?<\/strong><\/em><\/li>\n<\/ul>\n<p>Firmam\u0131zda bobin beslemeli UV ve su bazl\u0131 flekso bask\u0131 makineleri, konvansiyonel ve UV ofset tabaka bask\u0131 makineleri ile \u00e7ok \u00e7e\u015fitli tabaka ve sonland\u0131rma alternatifleri i\u00e7eren \u00e7ok kapsaml\u0131 bir makine park\u0131 mevcut. G\u0131da ambalaj\u0131 ve kimya, otomotiv, boya end\u00fcstrisine hizmet veren \u015firketimiz, sat\u0131\u015flar\u0131n\u0131n %35\u2019ini de ihra\u00e7 ediyor.<\/p>\n<ul>\n<li><em><strong>Bobinden bobine dijital etiket bask\u0131 makinesi se\u00e7iminizi belirleyen kriterler nelerdi?<\/strong><\/em><\/li>\n<\/ul>\n<p>Bobinden bobine dijital etiket makinesi se\u00e7iminde olduk\u00e7a detayl\u0131 bir \u00e7al\u0131\u015fma yapt\u0131k. Kuru toner, s\u0131v\u0131 toner, su bazl\u0131 inkjet ve UV inkjet bask\u0131 opsiyonlar\u0131n\u0131n hepsini inceledik. Her birinin g\u00fc\u00e7l\u00fc ve zay\u0131f yanlar\u0131n\u0131 de\u011ferlendirdik. Kimyasal malzemelere dayan\u0131kl\u0131l\u0131k, y\u00fcksek kapasite gibi unsurlar\u0131 dikkate al\u0131p tercihimizi UV inkjetten yana yapt\u0131k.<\/p>\n<ul>\n<li><em><strong>Screen\u2019in bu kriterlerinizi ne \u00f6l\u00e7\u00fcde kar\u015f\u0131lad\u0131\u011f\u0131n\u0131 de\u011ferlendirebilir misiniz?<\/strong><\/em><\/li>\n<\/ul>\n<p>Screen kriterlerimizi b\u00fcy\u00fck \u00f6l\u00e7\u00fcde kar\u015f\u0131lad\u0131. Yukar\u0131da bahsetti\u011fim konularda bize herhangi bir s\u00fcrpriz ya\u015fatmad\u0131.<\/p>\n<p>Murat Demir: \u201cScreen kendinden yap\u0131\u015fkanl\u0131 etiket ciromuzun bir y\u0131lda %25 artmas\u0131na sebep oldu\u201d<\/p>\n<ul>\n<li><em><strong>Yakla\u015f\u0131k 2,5 y\u0131ld\u0131r Screen Teknolojisini kullan\u0131yorsunuz. Bu s\u00fcre\u00e7te, sat\u0131\u015f \u00f6ncesi ve sat\u0131\u015f sonras\u0131 beklentileriniz kar\u015f\u0131land\u0131 m\u0131?<\/strong><\/em><\/li>\n<\/ul>\n<p>Screen markas\u0131n\u0131 daha \u00f6nce de tan\u0131yordum. Matbaac\u0131l\u0131kta \u00f6zellikle bask\u0131 \u00f6ncesinde \u00f6nemli ve g\u00fcven veren bir markad\u0131r. T\u00fcrkiye Temsilcisi Elektroser\u2019in Genel M\u00fcd\u00fcr\u00fc \u00d6nc\u00fc G\u00fcyer de T\u00fcrk matbaac\u0131l\u0131k sekt\u00f6r\u00fcndeki ba\u015far\u0131 ve tecr\u00fcbesi ile bir profesyonel olarak Screen\u2019in de \u00f6n\u00fcne ge\u00e7en bir isim. Bu ikiliye Turgut Karc\u0131 ve Ayhan Araz gibi iki profesyonelin kat\u0131l\u0131m\u0131 ile \u00e7ok keyifle ge\u00e7en bir sat\u0131n alma s\u00fcreci ya\u015fad\u0131k. T\u00fcrkiye\u2019deki ilk makine olmas\u0131 sebebi ile bir\u00e7ok e\u011fitim ve demoyu Hollanda Amstelveen\u2019deki Screen Europe HQ\u2019da yapt\u0131k. Oradaki Screen ekibi bize \u00e7ok yard\u0131mc\u0131 oldu. Japon, \u0130ngiliz ve Hollandal\u0131 uzmanlar ile bir\u00e7ok toplant\u0131 yapt\u0131k. Sat\u0131n almadan sonra kurulum a\u015famas\u0131nda da bu ekibin profesyonel yakla\u015f\u0131m\u0131n\u0131 g\u00f6rd\u00fck. Her zaman yap\u0131c\u0131 ve \u00e7\u00f6z\u00fcm sa\u011flay\u0131c\u0131 bir yakla\u015f\u0131m i\u00e7inde oldular. Bu vesile ile te\u015fekk\u00fcr ederim.<\/p>\n<ul>\n<li><em><strong>&nbsp;M\u00fc\u015fterilerinizin ve onlar\u0131n m\u00fc\u015fterilerinin hangi problemlerini \u00e7\u00f6z\u00fcyorsunuz ya da hangi taleplerini kar\u015f\u0131l\u0131yorsunuz?<\/strong><\/em><\/li>\n<\/ul>\n<p>UV inkjet\u2019in kendine ait baz\u0131 k\u0131s\u0131tlamalar\u0131 var, teknolojik bu k\u0131s\u0131tlamalar d\u0131\u015f\u0131nda SCREEN makinemizin kendisi ile ilgili herhangi bir s\u0131k\u0131nt\u0131 ya\u015famad\u0131k.<\/p>\n<ul>\n<li><em><strong>&nbsp;Screen\u2019in size yeni i\u015f imk\u00e2nlar\u0131 sa\u011flad\u0131\u011f\u0131n\u0131 \/ sa\u011flayaca\u011f\u0131n\u0131 d\u00fc\u015f\u00fcn\u00fcyor musunuz?<\/strong><\/em><\/li>\n<\/ul>\n<p>\u015eimdiden sa\u011flamaya ba\u015flad\u0131 bile, Screen kendinden yap\u0131\u015fkanl\u0131 etiket ciromuzun bir y\u0131lda %25 artmas\u0131na sebep oldu.<\/p>\n<ul>\n<li><em><strong>Etiket bask\u0131 sistemlerinde dijitalle\u015fmenin gelece\u011fi ile ilgili d\u00fc\u015f\u00fcnceleriniz nelerdir?<\/strong><\/em><\/li>\n<\/ul>\n<p>Hi\u00e7bir sekt\u00f6rde hi\u00e7bir zaman sadece dijitalin var olup konvansiyonel sistemlerin yok olaca\u011f\u0131na inananlardan de\u011filim. Dijital pay\u0131n\u0131 art\u0131racakt\u0131r ama her zaman tamamlay\u0131c\u0131 olacakt\u0131r. Yukar\u0131da bahsetti\u011fim gibi farkl\u0131 dijital teknolojilerin farkl\u0131 avantajlar\u0131 bulunmaktad\u0131r. Bunlar\u0131 iyi de\u011ferlendirip i\u015fe g\u00f6re se\u00e7im yapmak en do\u011fru yok olacakt\u0131r.<\/p>\n","protected":false},"excerpt":{"rendered":"<p>2018 y\u0131l\u0131 sonbahar\u0131nda SCREEN Truepress L350UV+ bobin beslemeli dijital inkjet etiket bask\u0131 makinesine yat\u0131r\u0131m yaparak Elektroser ile dijital bask\u0131y\u0131 da makine park\u0131na ve hizmet portf\u00f6y\u00fcne ekleyen Sade Ofset Matbaac\u0131l\u0131k Ambalaj Ltd. \u015eti., bir y\u0131lda kendinden yap\u0131\u015fkanl\u0131 etiket cirosunu %25 art\u0131rd\u0131. Screen Truepress Jet L350UV+ inkjet dijital bask\u0131 makinesi 6 renkli ve 35 cm eninde bobin [&hellip;]<\/p>\n","protected":false},"author":2,"featured_media":149,"comment_status":"closed","ping_status":"open","sticky":false,"template":"","format":"standard","meta":[],"categories":[31],"tags":[56,60,59,58,57],"_links":{"self":[{"href":"https:\/\/www.ambalajveetiket.com\/index.php\/wp-json\/wp\/v2\/posts\/148"}],"collection":[{"href":"https:\/\/www.ambalajveetiket.com\/index.php\/wp-json\/wp\/v2\/posts"}],"about":[{"href":"https:\/\/www.ambalajveetiket.com\/index.php\/wp-json\/wp\/v2\/types\/post"}],"author":[{"embeddable":true,"href":"https:\/\/www.ambalajveetiket.com\/index.php\/wp-json\/wp\/v2\/users\/2"}],"replies":[{"embeddable":true,"href":"https:\/\/www.ambalajveetiket.com\/index.php\/wp-json\/wp\/v2\/comments?post=148"}],"version-history":[{"count":2,"href":"https:\/\/www.ambalajveetiket.com\/index.php\/wp-json\/wp\/v2\/posts\/148\/revisions"}],"predecessor-version":[{"id":189,"href":"https:\/\/www.ambalajveetiket.com\/index.php\/wp-json\/wp\/v2\/posts\/148\/revisions\/189"}],"wp:featuredmedia":[{"embeddable":true,"href":"https:\/\/www.ambalajveetiket.com\/index.php\/wp-json\/wp\/v2\/media\/149"}],"wp:attachment":[{"href":"https:\/\/www.ambalajveetiket.com\/index.php\/wp-json\/wp\/v2\/media?parent=148"}],"wp:term":[{"taxonomy":"category","embeddable":true,"href":"https:\/\/www.ambalajveetiket.com\/index.php\/wp-json\/wp\/v2\/categories?post=148"},{"taxonomy":"post_tag","embeddable":true,"href":"https:\/\/www.ambalajveetiket.com\/index.php\/wp-json\/wp\/v2\/tags?post=148"}],"curies":[{"name":"wp","href":"https:\/\/api.w.org\/{rel}","templated":true}]}}