{"id":177,"date":"2021-03-13T21:35:36","date_gmt":"2021-03-13T18:35:36","guid":{"rendered":"http:\/\/www.tamerardic.com\/?p=177"},"modified":"2021-03-28T21:49:14","modified_gmt":"2021-03-28T18:49:14","slug":"matset-araciligiyla-yatirimlarini-gerceklestiren-can-etiket-dijital-ve-konvansiyonel-cozumlerle-makine-parkini-yeniledi","status":"publish","type":"post","link":"https:\/\/www.ambalajveetiket.com\/index.php\/2021\/03\/13\/matset-araciligiyla-yatirimlarini-gerceklestiren-can-etiket-dijital-ve-konvansiyonel-cozumlerle-makine-parkini-yeniledi\/","title":{"rendered":"Matset arac\u0131l\u0131\u011f\u0131yla yat\u0131r\u0131mlar\u0131n\u0131 ger\u00e7ekle\u015ftiren Can Etiket dijital ve konvansiyonel \u00e7\u00f6z\u00fcmlerle makine park\u0131n\u0131 yeniledi"},"content":{"rendered":"<h6>Can Etiket, pandemide yapt\u0131\u011f\u0131 Lombardi ve HP Indigo yat\u0131r\u0131mlar\u0131yla hem eskiyen makinelerini yeniledi hem de bask\u0131 kalitesini, yeteneklerini ve kapasitesini artt\u0131rd\u0131. \u015eirket orta\u011f\u0131 ve y\u00f6neticisi H. Can \u00d6zak\u0131n, \u201c\u015eu anda bask\u0131 ve kalite kontrol taraf\u0131nda T\u00fcrkiye\u2019deki en gen\u00e7 makine park\u0131na sahibiz, bu da bask\u0131 kalitemize ve hizmet h\u0131z\u0131m\u0131za yans\u0131d\u0131k\u00e7a pazar pay\u0131m\u0131z daha da art\u0131yor\u201d diyor.<\/h6>\n<p>\u0130zmir, \u00c7i\u011fli\u2019de Atat\u00fcrk Organize Sanayi B\u00f6lgesi\u2019nde merkezi ve Gaziantep\u2019te irtibat ofisi bulunan Can Etiket, pandemide eski makinelerini elden \u00e7\u0131kararak Matset A.\u015e.\u2019den manuel register ve elektronik tansiyon kontrol\u00fc donan\u0131m\u0131 sayesinde y\u00fcksek bask\u0131 kalitesi sunan Flexoline flekso bask\u0131 makinesi, Geli\u015fmi\u015f Verimlilik Modu (EPM) sayesinde ekonomik \u00fcretim se\u00e7ene\u011fi de sunan kaliteli dijital rulo etiket ve esnek ambalaj makinesi HP Indigo WS6900 ve her iki makine i\u00e7in uygun sonland\u0131rma \u00e7\u00f6z\u00fcm\u00fc Lombardi Digistar 330\u2019a yat\u0131r\u0131m yapt\u0131.<\/p>\n<p><img loading=\"lazy\" class=\"wp-image-8824 alignleft\" src=\"https:\/\/www.matbaahaber.com\/wp-content\/uploads\/2021\/03\/MH211_Matset_3.jpg\" alt=\"\" width=\"346\" height=\"246\"><\/p>\n<p>\u015eirket orta\u011f\u0131 ve y\u00f6neticisi H. Can \u00d6zak\u0131n, son yat\u0131r\u0131mlar\u0131 ve hedefleriyle ilgili sorular\u0131m\u0131z\u0131 yan\u0131tlad\u0131.<\/p>\n<ul>\n<li><em><strong>Can Etiket\u2019in kurulu\u015fundan bug\u00fcne nas\u0131l bir s\u00fcre\u00e7 ya\u015fand\u0131? Firman\u0131n \u00f6nemli kilometre ta\u015flar\u0131 neler?<\/strong><\/em><\/li>\n<\/ul>\n<p>1985 \u0130zmir Kar\u015f\u0131yaka do\u011fumluyum. Ege \u00dcniversitesi Makina M\u00fchendisli\u011fi mezunuyum. Babam Erhan \u00d6zak\u0131n sayesinde k\u00fc\u00e7\u00fckl\u00fc\u011f\u00fcmden beri etiket \u00fcretiminin i\u00e7inde oldum. 2000 y\u0131l\u0131ndan \u00f6nce kendisi sekt\u00f6rden bir s\u00fcreli\u011fine uzakla\u015ft\u0131 ve ben de k\u0131sa bir s\u00fcre kurumsal bir esnek ambalaj \u00fcreticisinde \u00e7al\u0131\u015fma imk\u00e2n\u0131 buldum. 2011 y\u0131l\u0131nda da tekrar barkod etiketi \u00fcretimine ba\u015flad\u0131k, daha sonra bask\u0131 i\u00e7in makine park\u0131m\u0131z\u0131 olu\u015fturmaya ba\u015flad\u0131k. Kendisi 2020 sonunda emekli olmay\u0131 planl\u0131yordu ancak pandemi bu s\u00fcreci biraz \u00f6ne \u00e7ekti.<\/p>\n<h4>Kendinden yap\u0131\u015fkanl\u0131 etiket \u00fcretimi yapan Can Etiket aile \u015firketinden kurumsal yap\u0131ya evriliyor<\/h4>\n<p>Finans y\u00f6netimini tek ba\u015f\u0131ma nas\u0131l yapaca\u011f\u0131m\u0131 kara kara d\u00fc\u015f\u00fcn\u00fcrken, 11 y\u0131l boyunca Ernst &amp; Young \u0130stanbul ofisi vergi departman\u0131nda \u00e7al\u0131\u015ft\u0131ktan sonra Almanya\u2019n\u0131n Stuttgart kentindeki Ernst &amp; Young ofisine ge\u00e7en Cenk Esin ile yollar\u0131m\u0131z kesi\u015fti. \u0130ki \u00fc\u00e7 y\u0131l sonunda akl\u0131nda T\u00fcrkiye\u2019ye d\u00f6n\u00fc\u015f plan\u0131 olan Cenk Esin ile g\u00f6r\u00fc\u015fmelerimiz sonucunda, aram\u0131za Finans M\u00fcd\u00fcr\u00fc ve firma orta\u011f\u0131 olarak kat\u0131ld\u0131. Kendisi, tecr\u00fcbesi ile Anonim \u015eirkete d\u00f6n\u00fc\u015f i\u015flemlerimizi de ba\u015flatarak, aile \u015firketi yap\u0131s\u0131ndan uzakla\u015f\u0131p, \u015firketimizi daha kurumsal bir noktaya ta\u015f\u0131mak i\u00e7in mesai harc\u0131yor.<\/p>\n<p>Bu i\u015f b\u00f6l\u00fcm\u00fc bize \u00e7ok daha verimli \u00e7al\u0131\u015fma imk\u00e2n\u0131 sundu ve gelecek y\u0131llara ili\u015fkin planlar\u0131m\u0131z\u0131 \u00f6ne \u00e7ekmemizi sa\u011flad\u0131.<\/p>\n<ul>\n<li><em><strong>\u0130\u015f tan\u0131m\u0131n\u0131zda neler var? Nerelere ve hangi sekt\u00f6rlere hizmet veriyorsunuz?<\/strong><\/em><\/li>\n<\/ul>\n<p>Kendinden yap\u0131\u015fkanl\u0131 etiket \u00fcretimi konusunda faaliyet g\u00f6steriyoruz. A\u011f\u0131rl\u0131kl\u0131 olarak medikal, ila\u00e7 ve alkoll\u00fc i\u00e7ecek sekt\u00f6r\u00fcne hizmet veriyoruz. End\u00fcstri ve g\u0131da taraf\u0131nda da \u00f6nemli m\u00fc\u015fterilerimiz var.<\/p>\n<ul>\n<li><em><strong>Can Etiket ka\u00e7 personelle hizmet veriyor, pazarlama i\u00e7in bir ekip var m\u0131, kendiniz mi \u00fcstleniyorsunuz?<\/strong><\/em><\/li>\n<\/ul>\n<p>23 personelle hizmet veriyoruz, \u0130zmir d\u0131\u015f\u0131nda Gaziantep\u2019te de ofisimiz ve sat\u0131\u015f ekibimiz var.<\/p>\n<p>\u00c7i\u011fli Atat\u00fcrk OSB\u2019de 2100 m\u00b2 toplam, 1400 m\u00b2 kapal\u0131 alana sahip fabrikam\u0131zda hizmet veriyoruz. 1 adet Gallus EM\u00b280 flekso Bask\u0131 Makinas\u0131, 1 Adet Lombardi Flexoline, 1 adet Lombardi Digistar, 1 adet HP Indigo WS6900, 3 adet Kalite Kontrol Makinas\u0131, 1 adet Flat Kesim, 1 adet de Rotasyon Kesim makinam\u0131z var.<\/p>\n<h4>\u201c\u015eu anda bask\u0131 ve kalite kontrol taraf\u0131nda T\u00fcrkiye\u2019deki en gen\u00e7 makine park\u0131na sahibiz\u201d<\/h4>\n<p>Ge\u00e7en y\u0131l t\u00fcm d\u00fcnya gibi \u00fclkemiz de salg\u0131n dolay\u0131s\u0131yla olumsuz bir y\u0131l ya\u015fad\u0131. Siz bu s\u00fcre\u00e7te yeni yat\u0131r\u0131mlar yapt\u0131n\u0131z. Bunun arkas\u0131ndaki itici g\u00fc\u00e7 nedir? Neleri hedeflediniz? Sizin i\u00e7in 2020 nas\u0131l ge\u00e7ti?<\/p>\n<p>2020 y\u0131l\u0131n\u0131 ciro olarak hedefledi\u011fimiz d\u00fczeyde kapatt\u0131k. \u00d6zellikle ilk Lombardi yat\u0131r\u0131m\u0131 sonras\u0131nda ivmemiz \u00e7ok art\u0131nca hem flekso&nbsp; taraf\u0131n\u0131 daha verimli hale getirmek hem de g\u00f6r\u00fc\u015fmeleri s\u00fcren de\u011fi\u015fken data projelerimizi hayata ge\u00e7irmek i\u00e7in HP Indigo yat\u0131r\u0131m\u0131na karar verdik. Asl\u0131nda bu yat\u0131r\u0131mlar\u0131 2 sene i\u00e7inde ad\u0131m ad\u0131m ger\u00e7ekle\u015ftirmek istiyorduk ama beklenen faiz art\u0131r\u0131mlar\u0131n\u0131 da g\u00f6z \u00f6n\u00fcne alarak biraz daha \u00f6ne \u00e7ektik.<\/p>\n<p>Yurt d\u0131\u015f\u0131ndan 2. el makine getirmekle ilgili problemler olunca elimizde bulunan 4 adet bask\u0131 makinesini de i\u00e7 pazara \u00e7ok rahat bir \u015fekilde satabildik, bu da yeni yat\u0131r\u0131m yaparken finansman k\u0131sm\u0131n\u0131 \u00e7ok kolayla\u015ft\u0131rd\u0131. \u015eu anda bask\u0131 ve kalite kontrol taraf\u0131nda T\u00fcrkiye\u2019deki en gen\u00e7 makine park\u0131na sahibiz, bu da bask\u0131 kalitemize ve hizmet h\u0131z\u0131m\u0131za yans\u0131d\u0131k\u00e7a pazar pay\u0131m\u0131z daha da art\u0131yor.<\/p>\n<p>Salg\u0131n ile ilgili sadece tedarik s\u00fcrecinde baz\u0131 s\u0131k\u0131nt\u0131lar ya\u015fad\u0131k. Daha yasaklar gelmeden 3 ayl\u0131k ham maddeyi stoklar\u0131m\u0131za ald\u0131k ancak \u00f6zel \u00fcr\u00fcnlerde ve kli\u015fe, b\u0131\u00e7ak gibi d\u0131\u015far\u0131dan tedarik etti\u011fimiz sipari\u015fe \u00f6zel \u00fcr\u00fcnlerde \u00f6zellikle nakliye konusunda problemler ya\u015fad\u0131k. Ancak bunlar\u0131n hepsini Nisan &#8211; May\u0131s aylar\u0131ndan sonra belirli bir d\u00fczene soktuk.<\/p>\n<h4>\u201cDe\u011fi\u015fken dataya y\u00f6nelik yo\u011fun talep nedeniyle HP Indigo projesini daha \u00f6ne ald\u0131k\u201d<\/h4>\n<ul>\n<li><em><strong>Yeni yat\u0131r\u0131mlar\u0131n\u0131z Lombardi Flexoline, Lombardi Digistar 330 ve HP Indigo WS6900 hangi ihtiya\u00e7lar\u0131n\u0131z i\u00e7in yat\u0131r\u0131m plan\u0131na al\u0131nd\u0131? Bu makineler kapasite ve hizmet a\u011f\u0131n\u0131za nas\u0131l katk\u0131 yapacaklar?<\/strong><\/em><\/li>\n<\/ul>\n<p>Zaten mevcutta bir bask\u0131l\u0131 etiket park\u0131m\u0131z vard\u0131. Ya\u015f ortalamas\u0131 biraz y\u00fcksekti ve art\u0131k h\u0131z anlam\u0131nda mevcut teknolojinin gerisinde kal\u0131yordu. Bunun i\u00e7in yeni y\u00fcksek h\u0131zl\u0131 bir flekso yat\u0131r\u0131m\u0131 tek vardiyada 2 flekso makinan\u0131n yapt\u0131\u011f\u0131 i\u015fi rahat\u00e7a yapacakt\u0131. Tabii artan talep sonras\u0131nda biz kurulumdan 1 ay sonra 2. vardiyaya ge\u00e7tik.<\/p>\n<p>K\u0131sa metrajl\u0131 i\u015fler flekso \u2019da hem h\u0131z\u0131m\u0131z\u0131 hem de k\u00e2r marj\u0131m\u0131z\u0131 d\u00fc\u015f\u00fcr\u00fcyordu. Ayr\u0131ca de\u011fi\u015fken dataya y\u00f6nelik yo\u011fun bir talep vard\u0131. Bu y\u00fczden HP Indigo projesini daha \u00f6ne ald\u0131k.<\/p>\n<p>Digistar ise hem HP Indigo arkas\u0131na sonland\u0131rma i\u00e7in hem baz\u0131 2 renkli medikal \u00fcr\u00fcn projelerimiz i\u00e7in hem de y\u00fcksek h\u0131zda bask\u0131s\u0131z etiket \u00fcretimi i\u00e7in en \u00e7ok ihtiyac\u0131m\u0131z olan makineydi. K\u0131sa bir s\u00fcre sonra hem Digistar hem de Indigo\u2019da 2. vardiyaya ge\u00e7me plan\u0131m\u0131z var. Bu makineler hem kapasitemizi hem de kalite ve h\u0131z\u0131m\u0131z\u0131 3-4 kat artt\u0131racak.<\/p>\n<h4>\u201c2022 y\u0131l\u0131n\u0131n ba\u015f\u0131nda lazer kesim ve serigrafi konusunda yat\u0131r\u0131mlar d\u00fc\u015f\u00fcn\u00fcyoruz\u201d<\/h4>\n<ul>\n<li><em><strong>Yeni makineleriniz kurulduktan ve \u00e7al\u0131\u015fmaya ba\u015flad\u0131ktan sonra beklentilerinizi kar\u015f\u0131lad\u0131 m\u0131?<\/strong><\/em><\/li>\n<\/ul>\n<p>Operat\u00f6rlerimizin tecr\u00fcbesi artt\u0131k\u00e7a beklentilerimiz kar\u015f\u0131lanmaya ba\u015fl\u0131yor ancak \u00f6zellikle HP Indigo beklentilerimizin \u00f6tesinde performans veriyor diyebilirim.<\/p>\n<ul>\n<li><em><strong>G\u00fcndeminizde ihracat var m\u0131? Bu konuda giri\u015fimleriniz oldu mu?<\/strong><\/em><\/li>\n<\/ul>\n<p>Gaziantep\u2019teki ofisimiz a\u011f\u0131rl\u0131kl\u0131 olarak Irak ve Suriye b\u00f6lgesi ile \u00e7al\u0131\u015f\u0131yor. Onun d\u0131\u015f\u0131nda Hollanda\u2019ya ihracat yapmaya ba\u015flad\u0131k ancak pandemi ve y\u0131lba\u015f\u0131 dolay\u0131s\u0131yla oras\u0131 bu aralar \u00e7ok yo\u011fun de\u011fil.<\/p>\n<ul>\n<li><em><strong>2021\u2019de yeni projeleriniz, yat\u0131r\u0131mlar\u0131n\u0131z olacak m\u0131? 2021\u2019den beklentileriniz neler?<\/strong><\/em><\/li>\n<\/ul>\n<p>2021\u2019de daha \u00e7ok yaz\u0131l\u0131m ve otomasyon taraf\u0131nda yat\u0131r\u0131mlar\u0131m\u0131z s\u00fcrecek, \u015fu anda yat\u0131r\u0131mdan daha \u00f6nceki hedefimiz kapasitemizi doldurmak ve \u00fcretim verimlili\u011fimizi artt\u0131rmak. Ancak 2022 y\u0131l\u0131n\u0131n ba\u015f\u0131nda lazer kesim ve serigrafi konusunda yat\u0131r\u0131mlar d\u00fc\u015f\u00fcn\u00fcyoruz<\/p>\n","protected":false},"excerpt":{"rendered":"<p>Can Etiket, pandemide yapt\u0131\u011f\u0131 Lombardi ve HP Indigo yat\u0131r\u0131mlar\u0131yla hem eskiyen makinelerini yeniledi hem de bask\u0131 kalitesini, yeteneklerini ve kapasitesini artt\u0131rd\u0131. \u015eirket orta\u011f\u0131 ve y\u00f6neticisi H. Can \u00d6zak\u0131n, \u201c\u015eu anda bask\u0131 ve kalite kontrol taraf\u0131nda T\u00fcrkiye\u2019deki en gen\u00e7 makine park\u0131na sahibiz, bu da bask\u0131 kalitemize ve hizmet h\u0131z\u0131m\u0131za yans\u0131d\u0131k\u00e7a pazar pay\u0131m\u0131z daha da art\u0131yor\u201d diyor. [&hellip;]<\/p>\n","protected":false},"author":2,"featured_media":179,"comment_status":"closed","ping_status":"open","sticky":false,"template":"","format":"standard","meta":[],"categories":[31,24,91,25],"tags":[55,56,60,54],"_links":{"self":[{"href":"https:\/\/www.ambalajveetiket.com\/index.php\/wp-json\/wp\/v2\/posts\/177"}],"collection":[{"href":"https:\/\/www.ambalajveetiket.com\/index.php\/wp-json\/wp\/v2\/posts"}],"about":[{"href":"https:\/\/www.ambalajveetiket.com\/index.php\/wp-json\/wp\/v2\/types\/post"}],"author":[{"embeddable":true,"href":"https:\/\/www.ambalajveetiket.com\/index.php\/wp-json\/wp\/v2\/users\/2"}],"replies":[{"embeddable":true,"href":"https:\/\/www.ambalajveetiket.com\/index.php\/wp-json\/wp\/v2\/comments?post=177"}],"version-history":[{"count":2,"href":"https:\/\/www.ambalajveetiket.com\/index.php\/wp-json\/wp\/v2\/posts\/177\/revisions"}],"predecessor-version":[{"id":180,"href":"https:\/\/www.ambalajveetiket.com\/index.php\/wp-json\/wp\/v2\/posts\/177\/revisions\/180"}],"wp:featuredmedia":[{"embeddable":true,"href":"https:\/\/www.ambalajveetiket.com\/index.php\/wp-json\/wp\/v2\/media\/179"}],"wp:attachment":[{"href":"https:\/\/www.ambalajveetiket.com\/index.php\/wp-json\/wp\/v2\/media?parent=177"}],"wp:term":[{"taxonomy":"category","embeddable":true,"href":"https:\/\/www.ambalajveetiket.com\/index.php\/wp-json\/wp\/v2\/categories?post=177"},{"taxonomy":"post_tag","embeddable":true,"href":"https:\/\/www.ambalajveetiket.com\/index.php\/wp-json\/wp\/v2\/tags?post=177"}],"curies":[{"name":"wp","href":"https:\/\/api.w.org\/{rel}","templated":true}]}}