{"id":1982,"date":"2017-11-05T14:37:30","date_gmt":"2017-11-05T11:37:30","guid":{"rendered":"http:\/\/www.ambalajveetiket.com\/?p=1982"},"modified":"2021-03-26T15:42:59","modified_gmt":"2021-03-26T12:42:59","slug":"avrupa-oluklu-mukavva-uretiminde-besinci-siradayiz","status":"publish","type":"post","link":"https:\/\/www.ambalajveetiket.com\/index.php\/2017\/11\/05\/avrupa-oluklu-mukavva-uretiminde-besinci-siradayiz\/","title":{"rendered":"Avrupa oluklu mukavva \u00fcretiminde be\u015finci s\u0131raday\u0131z"},"content":{"rendered":"<p>Yeni yat\u0131r\u0131mlar sekt\u00f6r\u00fcm\u00fcz\u00fcn ve T\u00fcrkiye ekonomisinin s\u00fcrd\u00fcr\u00fclebilir b\u00fcy\u00fcmesi a\u00e7\u0131s\u0131ndan umut verici.<\/p>\n<p><em><strong>Mehmet Nuri G\u00d6RENO\u011eLU \/ Oluklu Mukavva Sanayicileri Derne\u011fi (OM\u00dcD) Y\u00f6netim Kurulu Ba\u015fkan\u0131&nbsp;&nbsp;<\/strong><\/em><\/p>\n<p>T\u00fcrkiye ekonomisinin aynas\u0131 konumunda bulunan oluklu mukavva sekt\u00f6r\u00fc y\u0131l\u0131n \u00fc\u00e7\u00fcnc\u00fc \u00e7eyre\u011finde y\u00fczde 15 b\u00fcy\u00fcyerek son 20 y\u0131l\u0131n rekorunu k\u0131rd\u0131. Bu performansta; t\u00fcketim harcamalar\u0131 ve ihracattaki art\u0131\u015f etkili olurken, e-ticarete artan ra\u011fbet sekt\u00f6r\u00fcn gelecekte \u00fcretiminin katlanarak b\u00fcy\u00fcmesini sa\u011flayacak.<br \/>\nSekt\u00f6r\u00fcm\u00fcz genellikle her y\u0131l T\u00fcrkiye\u2019nin Gayri Safi Milli Has\u0131las\u0131\u2019ndaki b\u00fcy\u00fcmenin yakla\u015f\u0131k 1-1,5 kat\u0131 kadar \u00fczerinde bir performans sergiliyor. 2017 y\u0131l\u0131 sonu itibar\u0131yla T\u00fcrkiye b\u00fcy\u00fcmesinin y\u00fczde 6,5-7 civar\u0131nda ger\u00e7ekle\u015fmesi beklenirken, biz de sekt\u00f6r\u00fcm\u00fcz\u00fcn 2017 y\u0131l\u0131nda y\u00fczde 10\u2019luk art\u0131\u015fla 2 milyon 250 bin tonluk \u00fcretime ula\u015faca\u011f\u0131n\u0131 tahmin ediyoruz. \u00c7\u00fcnk\u00fc oluklu mukavvadan \u00fcretilen ambalaja ilgi her ge\u00e7en g\u00fcn art\u0131yor. \u00c7evreci trendler dolay\u0131s\u0131yla hijyenik ve geri d\u00f6n\u00fc\u015ft\u00fcr\u00fclebilir ambalaj malzemelerine olan ilginin artmas\u0131 g\u00fcn\u00fcm\u00fczde, oluklu mukavvay\u0131 \u00f6n plana \u00e7\u0131kard\u0131. Ba\u015fta e-ticaret olmak \u00fczere ya\u015f meyve-sebze, ila\u00e7, kozmetik, temizlik maddeleri, et \u00fcr\u00fcnleri, haz\u0131r giyim, makine par\u00e7as\u0131, seramik, cam ve benzeri bir\u00e7ok alanda paketleme ve nakliye a\u015famas\u0131nda oluklu mukavva kullan\u0131l\u0131yor. Dolay\u0131s\u0131yla b\u00fcy\u00fcme ivmesindeki h\u0131zlanma do\u011frudan sekt\u00f6r\u00fcm\u00fcz\u00fcn \u00fcretim rakamlar\u0131na yans\u0131yor. Ayr\u0131ca gelecekte drone ile kargo teslimat\u0131n\u0131n yayg\u0131nla\u015facak olmas\u0131 ve e-ticaretteki canl\u0131l\u0131k da \u00fcretimi art\u0131racak di\u011fer fakt\u00f6rler aras\u0131nda yer alacak.<br \/>\n2018 i\u00e7in en son OECD T\u00fcrkiye\u2019nin b\u00fcy\u00fcme oran\u0131n\u0131 y\u00fczde 4,9 olarak revize etti. Bizim de beklentimiz buna paralel olarak sekt\u00f6r\u00fcm\u00fcz\u00fcn 2018 y\u0131l\u0131nda y\u00fczde 7-8 b\u00fcy\u00fcyece\u011fi y\u00f6n\u00fcnde.<br \/>\n2017 y\u0131l\u0131 sekt\u00f6r cirosunun, hem yurt i\u00e7i talepteki art\u0131\u015f, hem de son bir y\u0131l i\u00e7erisinde yurt d\u0131\u015f\u0131 fakt\u00f6rlere ba\u011fl\u0131 olarak ka\u011f\u0131t fiyatlar\u0131n\u0131n y\u00fczde 60\u2019a yak\u0131n artm\u0131\u015f olmas\u0131ndan dolay\u0131 7,5 milyar TL\u2019ye ula\u015faca\u011f\u0131n\u0131 tahmin ediyoruz. 2018 y\u0131l\u0131 i\u00e7in ise mevcut ko\u015fullar\u0131n devam etmesi halinde, cironun 8-8,5 milyara ula\u015faca\u011f\u0131n\u0131 \u00f6ng\u00f6r\u00fcyoruz.<br \/>\n<strong>Yabanc\u0131lar\u0131n g\u00f6zdesi<\/strong><br \/>\nSekt\u00f6re yabanc\u0131 firmalar\u0131n ilgisi son y\u0131llarda giderek art\u0131yor. Sekt\u00f6rdeki en b\u00fcy\u00fck d\u00f6rt firman\u0131n \u00fc\u00e7\u00fc yabanc\u0131 \u015firket olup, ayr\u0131ca sekt\u00f6rde orta \u00f6l\u00e7ekli yabanc\u0131 firmalar da bulunuyor. Sekt\u00f6r\u00fcn y\u00fczde 40\u2019\u0131 yabanc\u0131lar taraf\u0131ndan temsil ediliyor. Bu ilginin gelecekte de artarak devam edece\u011fini \u00f6ng\u00f6r\u00fcyoruz. \u00c7\u00fcnk\u00fc T\u00fcrkiye ekonomisi Avrupa \u00fclkeleri ile kar\u015f\u0131la\u015ft\u0131r\u0131ld\u0131\u011f\u0131nda y\u00fcksek b\u00fcy\u00fcme h\u0131z\u0131 ve demografik yap\u0131s\u0131 ile yabanc\u0131 yat\u0131r\u0131mc\u0131 a\u00e7\u0131s\u0131ndan h\u00e2l\u00e2 cazibesini koruyor.<br \/>\n<strong>Avrupa\u2019da oluklu mukavva \u00fcretiminde be\u015finci s\u0131raday\u0131z. Yat\u0131r\u0131mlar devam ediyor<\/strong><br \/>\nAvrupa\u2019da oluklu mukavva \u00fcretiminde be\u015finci s\u0131raday\u0131z. 1990 y\u0131l\u0131nda 5,6 kg olan ki\u015fi ba\u015f\u0131 oluklu mukavva t\u00fcketimi, T\u00fcrkiye\u2019de 2016 sonu itibar\u0131 ile 25,3 kg \u2019ye ula\u015ft\u0131 ama ki\u015fi ba\u015f\u0131 t\u00fcketimin 48 kg oldu\u011fu Bat\u0131 Avrupa \u00fclkeleri ortalamalar\u0131na ula\u015fmak i\u00e7in h\u00e2l\u00e2 katedece\u011fimiz \u00e7ok yol var\u2026<br \/>\nEn son Avusturyal\u0131 Prinzhorn Holding b\u00fcnyesindeki Hamburger Conteainerboard \u015firketi K\u00fctahya\u2019da 300 milyon Euro de\u011ferinde ka\u011f\u0131t fabrikas\u0131 yat\u0131r\u0131m\u0131 yapaca\u011f\u0131n\u0131 a\u00e7\u0131klad\u0131. Yine ayn\u0131 firma KASTA\u015e\u2019\u0131n da sat\u0131n al\u0131nmas\u0131 i\u00e7in g\u00f6r\u00fc\u015fmelere ba\u015flad\u0131\u011f\u0131n\u0131 a\u00e7\u0131klam\u0131\u015ft\u0131.<br \/>\nYabanc\u0131 yat\u0131r\u0131mlar\u0131n yan\u0131 s\u0131ra mevcut firmalar\u0131n da yat\u0131r\u0131mlar\u0131 devam ediyor. Yerli firmalardan Kahramanmara\u015f Ka\u011f\u0131t K\u00fctahya\u2019da yeni bir oluklu mukavva firmas\u0131n\u0131n temelini atarken, Kipa\u015f, 500 milyon dolarl\u0131k yeni ka\u011f\u0131t fabrikas\u0131 yat\u0131r\u0131m\u0131yla sekt\u00f6rde daha da b\u00fcy\u00fcmeyi hedefledi\u011fini a\u00e7\u0131klad\u0131. Kurulacak olan fabrikan\u0131n Avrupa\u2019n\u0131n en b\u00fcy\u00fck ka\u011f\u0131t fabrikas\u0131 olaca\u011f\u0131 belirtildi. Kipa\u015f ayr\u0131ca 2018 y\u0131l\u0131n\u0131n ortas\u0131nda Boz\u00fcy\u00fck\u2019te yeni oluklu mukavva tesisini de a\u00e7acak. Bir di\u011fer yerli \u015firket olan Varaka ise Bal\u0131kesir de 1 milyar TL\u2019lik ka\u011f\u0131t fabrikas\u0131 yat\u0131r\u0131m\u0131n\u0131 kamuoyu ile payla\u015ft\u0131. Bu arada bir\u00e7ok firma da makine parklar\u0131n\u0131 yenilemeyi 2018 projeksiyonlar\u0131na ald\u0131.<br \/>\nKu\u015fkusuz; yeni yat\u0131r\u0131mlar sekt\u00f6r\u00fcm\u00fcz\u00fcn ve T\u00fcrkiye ekonomisinin s\u00fcrd\u00fcr\u00fclebilir b\u00fcy\u00fcmesi a\u00e7\u0131s\u0131ndan umut verici. S\u00fcrd\u00fcr\u00fclebilir bir b\u00fcy\u00fcme i\u00e7in de gelecek nesillere ya\u015fanabilir bir d\u00fcnyay\u0131 miras b\u0131rakmal\u0131y\u0131z. Bu ba\u011flamda; \u00e7evre dostu bir ambalaj malzemesi olmas\u0131 \u00f6zelli\u011fi ile di\u011fer ambalaj t\u00fcrlerinden ayr\u0131\u015fan oluklu mukavva kullan\u0131m\u0131n yayg\u0131nla\u015fmas\u0131n\u0131 OM\u00dcD olarak \u00e7ok \u00f6nemsiyoruz.<br \/>\n2018 y\u0131l\u0131nda da halk\u0131m\u0131z\u0131; do\u011fadan ald\u0131klar\u0131n\u0131 do\u011faya geri kazand\u0131rmaya ve do\u011fayla uyumlu \u00fcr\u00fcnleri tercih etmeye davet ediyoruz.<\/p>\n","protected":false},"excerpt":{"rendered":"<p>Yeni yat\u0131r\u0131mlar sekt\u00f6r\u00fcm\u00fcz\u00fcn ve T\u00fcrkiye ekonomisinin s\u00fcrd\u00fcr\u00fclebilir b\u00fcy\u00fcmesi a\u00e7\u0131s\u0131ndan umut verici. Mehmet Nuri G\u00d6RENO\u011eLU \/ Oluklu Mukavva Sanayicileri Derne\u011fi (OM\u00dcD) Y\u00f6netim Kurulu Ba\u015fkan\u0131&nbsp;&nbsp; T\u00fcrkiye ekonomisinin aynas\u0131 konumunda bulunan oluklu mukavva sekt\u00f6r\u00fc y\u0131l\u0131n \u00fc\u00e7\u00fcnc\u00fc \u00e7eyre\u011finde y\u00fczde 15 b\u00fcy\u00fcyerek son 20 y\u0131l\u0131n rekorunu k\u0131rd\u0131. Bu performansta; t\u00fcketim harcamalar\u0131 ve ihracattaki art\u0131\u015f etkili olurken, e-ticarete artan ra\u011fbet sekt\u00f6r\u00fcn [&hellip;]<\/p>\n","protected":false},"author":2,"featured_media":4516,"comment_status":"closed","ping_status":"open","sticky":false,"template":"","format":"standard","meta":[],"categories":[38],"tags":[],"_links":{"self":[{"href":"https:\/\/www.ambalajveetiket.com\/index.php\/wp-json\/wp\/v2\/posts\/1982"}],"collection":[{"href":"https:\/\/www.ambalajveetiket.com\/index.php\/wp-json\/wp\/v2\/posts"}],"about":[{"href":"https:\/\/www.ambalajveetiket.com\/index.php\/wp-json\/wp\/v2\/types\/post"}],"author":[{"embeddable":true,"href":"https:\/\/www.ambalajveetiket.com\/index.php\/wp-json\/wp\/v2\/users\/2"}],"replies":[{"embeddable":true,"href":"https:\/\/www.ambalajveetiket.com\/index.php\/wp-json\/wp\/v2\/comments?post=1982"}],"version-history":[{"count":1,"href":"https:\/\/www.ambalajveetiket.com\/index.php\/wp-json\/wp\/v2\/posts\/1982\/revisions"}],"predecessor-version":[{"id":4517,"href":"https:\/\/www.ambalajveetiket.com\/index.php\/wp-json\/wp\/v2\/posts\/1982\/revisions\/4517"}],"wp:featuredmedia":[{"embeddable":true,"href":"https:\/\/www.ambalajveetiket.com\/index.php\/wp-json\/wp\/v2\/media\/4516"}],"wp:attachment":[{"href":"https:\/\/www.ambalajveetiket.com\/index.php\/wp-json\/wp\/v2\/media?parent=1982"}],"wp:term":[{"taxonomy":"category","embeddable":true,"href":"https:\/\/www.ambalajveetiket.com\/index.php\/wp-json\/wp\/v2\/categories?post=1982"},{"taxonomy":"post_tag","embeddable":true,"href":"https:\/\/www.ambalajveetiket.com\/index.php\/wp-json\/wp\/v2\/tags?post=1982"}],"curies":[{"name":"wp","href":"https:\/\/api.w.org\/{rel}","templated":true}]}}