{"id":2494,"date":"2018-09-04T11:24:07","date_gmt":"2018-09-04T08:24:07","guid":{"rendered":"http:\/\/www.ambalajveetiket.com\/?p=2494"},"modified":"2021-03-26T15:26:50","modified_gmt":"2021-03-26T12:26:50","slug":"yeni-fujifilm-gida-guvenli-murekkepleriyle-jet-press-720s-birincil-gida-ambalaji-basabiliyor","status":"publish","type":"post","link":"https:\/\/www.ambalajveetiket.com\/index.php\/2018\/09\/04\/yeni-fujifilm-gida-guvenli-murekkepleriyle-jet-press-720s-birincil-gida-ambalaji-basabiliyor\/","title":{"rendered":"Yeni Fujifilm g\u0131da g\u00fcvenli m\u00fcrekkepleriyle Jet Press 720S birincil g\u0131da ambalaj\u0131 basabiliyor"},"content":{"rendered":"<p>Jet Press 720S karton kutu \u00e7\u00f6z\u00fcm\u00fc g\u0131da ambalaj\u0131 i\u00e7in onaylanm\u0131\u015f ilk B2 dijital bask\u0131 \u00e7\u00f6z\u00fcm\u00fc.<\/p>\n<p>Fujifilm Europe 4 Haziran&#8217;da yapt\u0131\u011f\u0131 a\u00e7\u0131klamada Jet Press 720S&#8217;in birincil g\u0131da ambalaj\u0131na bask\u0131 yapmas\u0131n\u0131 sa\u011flayarak ambalaj \u00fcretimi i\u00e7in uygulama \u00e7ok y\u00f6nl\u00fcl\u00fc\u011f\u00fcn\u00fc \u00f6nemli \u00f6l\u00e7\u00fcde artt\u0131ran yeni bir g\u0131da g\u00fcvenli m\u00fcrekkebinin lansman\u0131n\u0131 duyurdu.<br \/>\nPiyasa, daha fazla rafta yer almak ve \u00fcr\u00fcnlerini rakiplerinden farkl\u0131la\u015ft\u0131rmak isteyen ambalaj marka sahipleri ve belirleyicilerin say\u0131s\u0131nda art\u0131\u015f oldu\u011funu g\u00f6r\u00fcyor. Ayn\u0131 zamanda stoklar\u0131 azaltmak, tedarik zincirlerini iyile\u015ftirmek ve ofset kalitesini daha k\u00e2rl\u0131 bir \u015fekilde basmalar\u0131na, daha k\u0131sa ve daha s\u0131k aral\u0131klarla \u00f6zelle\u015ftirilmi\u015f ambalaja olanak verecek dijital bask\u0131 \u00e7\u00f6z\u00fcmlerini ar\u0131yorlar.<br \/>\nKarton veya sentetik 600 mikron kal\u0131nl\u0131\u011fa kadar medya \u00fczerine bask\u0131 sonras\u0131 i\u015flemlerine haz\u0131r, son derece tutarl\u0131, y\u00fcksek kaliteli \u00e7\u0131kt\u0131lar \u00fcreten Jet Press 720S kutu \u00e7\u00f6z\u00fcm\u00fc, halihaz\u0131rda bask\u0131 makinesiyle ambalaj \u00fcreten t\u00fcm Avrupal\u0131 m\u00fc\u015fterilerin \u00fc\u00e7te birinde bu gereksinimleri t\u00fcm\u00fcyle kar\u015f\u0131l\u0131yor. Alman Straub Druck &amp; Medien AG bas\u0131mevi b\u00f6yle m\u00fc\u015fterilerden biri ve onun CEO&#8217;su Francisco Martinez, \u015fu yorumu yap\u0131yor. \u201cAmbalaj al\u0131c\u0131lar\u0131 tutarl\u0131l\u0131k, d\u00fczg\u00fcn ve parlak renkler istiyor ve Jet Press bask\u0131 makineleri t\u00fcm bunlar\u0131 sa\u011fl\u0131yor. \u00d6n\u00fcm\u00fczdeki birka\u00e7 y\u0131l i\u00e7inde, ticari bask\u0131 operasyonumuzla birlikte ambalaj\u0131n b\u00fcy\u00fcyece\u011fine inan\u0131yoruz ve Fujifilm makineleri bu sekt\u00f6rdeki ba\u015far\u0131m\u0131z i\u00e7in vazge\u00e7ilmezdir.\u201d<br \/>\n<img loading=\"lazy\" class=\" wp-image-2496 alignleft\" src=\"http:\/\/www.ambalajveetiket.com\/wp-content\/uploads\/2018\/10\/Fujifilm_foodpackaging2-200x133.jpg\" alt=\"\" width=\"486\" height=\"323\">Bununla birlikte, yeni g\u0131da g\u00fcvenli m\u00fcrekkebi, Jet Press karton ambalaj \u00e7\u00f6z\u00fcm\u00fcn\u00fcn \u00f6nemli bir ek bile\u015fenini olu\u015fturuyor ve bu da onu birincil g\u0131da ambalaj\u0131 i\u00e7in onaylanan ilk B2 dijital bask\u0131 makinesi haline getiriyor. Bu, g\u0131da, ila\u00e7 ve kozmetik \/ ev \/ ki\u015fisel bak\u0131m pazarlar\u0131 i\u00e7in y\u00fcksek kaliteli kartonl kutular \u00fcretimine y\u00f6nelik g\u00fcvenilir bir dijital \u00e7\u00f6z\u00fcm i\u00e7in artan gereksinimi kar\u015f\u0131lamak i\u00e7in ideal hale getiriyor.<br \/>\nYeni, d\u00fc\u015f\u00fck migrasyonlu, su bazl\u0131 g\u0131da g\u00fcvenli m\u00fcrekkep, \u0130svi\u00e7re Y\u00f6netmeli\u011fi 817.023.21 ve Avrupa Komisyonu Y\u00f6netmeli\u011fi 1935\/2004 (metnin sonuna bak\u0131n\u0131z) dahil olmak \u00fczere s\u0131k\u0131 birincil g\u0131da temas d\u00fczenlemelerine uygun ve \u00f6zel olarak hat i\u00e7i (bir k\u00f6pr\u00fc yoluyla) ve yak\u0131n hat \u00e7al\u0131\u015facak \u015fekilde form\u00fcle edilmi\u015f.<br \/>\nBir dizi Jet Press 720S m\u00fc\u015fterisi halihaz\u0131rda bask\u0131 makinesini ikinc\u0131l g\u0131da ambalaj\u0131 dahil sadece ambalaj bask\u0131s\u0131 i\u00e7in kullan\u0131yor. Onlardan biri Bel\u00e7ikal\u0131 Packaging for Professionals (P4P). Y\u00fcksek kaliteli, talep \u00fczerine \u00fcretilmi\u015f d\u00fc\u015f\u00fck hacimli ambalaja d\u00f6n\u00fck Avrupa ambalaj pazar\u0131ndaki bir bo\u015flu\u011fu doldurmak \u00fczere kurulmu\u015f ve i\u015fini Jet Press 720S etraf\u0131nda tesis etmi\u015f. P4P&#8217;nin kurucu orta\u011f\u0131, CEO&#8217;su Mohamed Toual \u015fu yorumu yap\u0131yor. \u201cGeleneksel olarak, ambalaj end\u00fcstrisindeki m\u00fc\u015fteriler, dijital bir bask\u0131n\u0131n, ofset veya flekso bask\u0131 kalitesine denk gelme becerisinden \u015f\u00fcphe duyuyorlard\u0131. Ancak m\u00fc\u015fterilerimiz, Jet Press 720S&#8217;de \u00fcretti\u011fimiz \u00fcr\u00fcnlerin kalitesinden \u00e7ok etkilendiler. Ald\u0131\u011f\u0131m\u0131z geri bildirimler genel olarak olumluydu ve bunun devam edece\u011finden \u00e7ok eminiz.\u201d<br \/>\nAmbalajda \u00e7e\u015fitlendirme pe\u015findeki \u015firketler i\u00e7in Jet Press karton kutu \u00e7\u00f6z\u00fcm\u00fc ayn\u0131 zamanda Tilia Labs firmas\u0131ndan montaj ve planlama yaz\u0131l\u0131m\u0131 Phoenix ile birlikte kullan\u0131labiliyor. Bu yaz\u0131l\u0131m, i\u015fleri fireyi en aza indirme ve bask\u0131 h\u0131z\u0131n\u0131 en \u00fcst d\u00fczeye \u00e7\u0131karma temelinde bask\u0131 i\u00e7in bir araya getirme veya &#8216;grupland\u0131rma&#8217; y\u00f6ntemini iyile\u015ftirebiliyor. Bu grupland\u0131rma i\u015flevi ger\u00e7ek \u015fekil yuvalamay\u0131 destekliyor ve otomatik olarak kullan\u0131c\u0131lara i\u015fleri d\u00fczenlerken farkl\u0131 se\u00e7enekler sunuyor.<br \/>\nFujifilm EMEA&#8217;dan Dijital Bask\u0131 \u00c7\u00f6z\u00fcmleri Y\u00f6neticisi Taro Aoki, \u015fu de\u011ferlendirmeyi yap\u0131yor. \u201cYeni bir g\u0131da g\u00fcvenli m\u00fcrekkebin piyasaya s\u00fcr\u00fclmesi, Fujifilm&#8217;in Jet Press platformunu geli\u015ftirme ve m\u00fc\u015fteri geri bildirimlerine yan\u0131t olarak pazara yeni \u00e7\u00f6z\u00fcmler getirme taahh\u00fcd\u00fcn\u00fc daha da \u00f6ne \u00e7\u0131kar\u0131yor. Daha yarat\u0131c\u0131, ki\u015fiselle\u015ftirilmi\u015f ve daha k\u0131sa tirajl\u0131 ambalaja y\u00f6nelik devam eden e\u011filimle, ileri g\u00f6r\u00fc\u015fl\u00fc konvert\u00f6rler, mevcut sistemlerin g\u00fcvenilirli\u011fini ve bask\u0131 kalitesini sunan ancak k\u0131sa tirajlarda k\u00e2rl\u0131 bir \u015fekilde bask\u0131 yapabilme olana\u011f\u0131na sahip olan dijital bask\u0131 teknolojilerini ar\u0131yorlar. Jet Press 720S, hem ticari hem de karton ambalaj uygulamalar\u0131 i\u00e7in y\u00fcksek performansl\u0131 ve \u00e7ok y\u00f6nl\u00fc bir bask\u0131 makinesi oldu\u011funu kan\u0131tlad\u0131. Yeni g\u0131da g\u00fcvenli m\u00fcrekkebimizin, hat i\u00e7i ve hat yan\u0131nda lak ve \u00f6zel bask\u0131 \u00f6ncesi yaz\u0131l\u0131m se\u00e7enekleri ile birlikte sunulmas\u0131, bu \u00e7ok y\u00f6nl\u00fcl\u00fc\u011f\u00fc yeni bir seviyeye ta\u015f\u0131yor ve bir\u00e7ok karton ambalaj \u00fcreticisine hitap edecek.\u201d<br \/>\nFujifilm\u2019in yeni g\u0131da g\u00fcvenli m\u00fcrekkebi a\u015fa\u011f\u0131daki mevzuat ve standartlar ile de uyumlu:<br \/>\n\u2022 G\u0131daya Temas Eden Materyallerle Uyum &#8211; Regulation (EC) 1935\/2004<br \/>\n\u2022 Ek 2 ve 10&#8217;da listelenen (A ve B listeleri) -G\u0131daya Temas Eden Malzemeler ve E\u015fyalar \u00dczerine \u0130svi\u00e7re Mevzuat\u0131 (SR 817.023.21) &#8211; 01.05.2017 g\u00fcncellemesi<br \/>\n\u2022 Ba\u011f\u0131ms\u0131z olarak test edilmi\u015f ve sertifikaland\u0131r\u0131lm\u0131\u015f g\u0131da ile temas edecek plastik malzemeler ve e\u015fyalar \u00fczerine Komisyon Mevzuat\u0131 (AB) No. 10\/2011 ile uyumluluk<br \/>\n\u2022 Fujifilm&#8217;in ISO 9001 Standard&#8217;\u0131n\u0131n bir par\u00e7as\u0131 olarak tesis edilmi\u015f ve ger\u00e7ekle\u015ftirilmi\u015f GMP (Good Manufacturing Practice &#8211; \u0130yi G\u0131da Uygulamas\u0131)<br \/>\n\u2022 (EC) No. 1907\/2006 (REACH) &#8211; ekler XIV ve XVII acc.&#8217;den 0,1&#8217;den fazla olmayan a\u011f\u0131rl\u0131k (Referans Tarihi: Temmuz 2017)<br \/>\n\u2022 Ba\u011f\u0131ms\u0131z olarak test edilmi\u015f ve sertifikaland\u0131r\u0131lm\u0131\u015f EN 71-3 uyumlulu\u011fu<br \/>\n\u2022 Mevzuat (AB) 528\/2012 (AB) 528\/2012 (Biyosit Mevzuat\u0131) ile uyumluluk.<\/p>\n","protected":false},"excerpt":{"rendered":"<p>Jet Press 720S karton kutu \u00e7\u00f6z\u00fcm\u00fc g\u0131da ambalaj\u0131 i\u00e7in onaylanm\u0131\u015f ilk B2 dijital bask\u0131 \u00e7\u00f6z\u00fcm\u00fc. Fujifilm Europe 4 Haziran&#8217;da yapt\u0131\u011f\u0131 a\u00e7\u0131klamada Jet Press 720S&#8217;in birincil g\u0131da ambalaj\u0131na bask\u0131 yapmas\u0131n\u0131 sa\u011flayarak ambalaj \u00fcretimi i\u00e7in uygulama \u00e7ok y\u00f6nl\u00fcl\u00fc\u011f\u00fcn\u00fc \u00f6nemli \u00f6l\u00e7\u00fcde artt\u0131ran yeni bir g\u0131da g\u00fcvenli m\u00fcrekkebinin lansman\u0131n\u0131 duyurdu. Piyasa, daha fazla rafta yer almak ve \u00fcr\u00fcnlerini rakiplerinden [&hellip;]<\/p>\n","protected":false},"author":2,"featured_media":4494,"comment_status":"open","ping_status":"open","sticky":false,"template":"","format":"standard","meta":[],"categories":[169,1,39,40],"tags":[],"_links":{"self":[{"href":"https:\/\/www.ambalajveetiket.com\/index.php\/wp-json\/wp\/v2\/posts\/2494"}],"collection":[{"href":"https:\/\/www.ambalajveetiket.com\/index.php\/wp-json\/wp\/v2\/posts"}],"about":[{"href":"https:\/\/www.ambalajveetiket.com\/index.php\/wp-json\/wp\/v2\/types\/post"}],"author":[{"embeddable":true,"href":"https:\/\/www.ambalajveetiket.com\/index.php\/wp-json\/wp\/v2\/users\/2"}],"replies":[{"embeddable":true,"href":"https:\/\/www.ambalajveetiket.com\/index.php\/wp-json\/wp\/v2\/comments?post=2494"}],"version-history":[{"count":1,"href":"https:\/\/www.ambalajveetiket.com\/index.php\/wp-json\/wp\/v2\/posts\/2494\/revisions"}],"predecessor-version":[{"id":4495,"href":"https:\/\/www.ambalajveetiket.com\/index.php\/wp-json\/wp\/v2\/posts\/2494\/revisions\/4495"}],"wp:featuredmedia":[{"embeddable":true,"href":"https:\/\/www.ambalajveetiket.com\/index.php\/wp-json\/wp\/v2\/media\/4494"}],"wp:attachment":[{"href":"https:\/\/www.ambalajveetiket.com\/index.php\/wp-json\/wp\/v2\/media?parent=2494"}],"wp:term":[{"taxonomy":"category","embeddable":true,"href":"https:\/\/www.ambalajveetiket.com\/index.php\/wp-json\/wp\/v2\/categories?post=2494"},{"taxonomy":"post_tag","embeddable":true,"href":"https:\/\/www.ambalajveetiket.com\/index.php\/wp-json\/wp\/v2\/tags?post=2494"}],"curies":[{"name":"wp","href":"https:\/\/api.w.org\/{rel}","templated":true}]}}