{"id":2578,"date":"2018-10-15T13:50:30","date_gmt":"2018-10-15T10:50:30","guid":{"rendered":"http:\/\/www.ambalajveetiket.com\/?p=2578"},"modified":"2021-03-26T15:02:58","modified_gmt":"2021-03-26T12:02:58","slug":"surdurulebilirligin-en-tatli-hali-elif2twist","status":"publish","type":"post","link":"https:\/\/www.ambalajveetiket.com\/index.php\/2018\/10\/15\/surdurulebilirligin-en-tatli-hali-elif2twist\/","title":{"rendered":"S\u00fcrd\u00fcr\u00fclebilirli\u011fin  en tatl\u0131 hali: Elif2Twist"},"content":{"rendered":"<p>Elif\u2019in \u00e7evreci inovasyonlar\u0131n\u0131n son temsilcisi olan Elif2Twist \u00e7evre dostu yap\u0131s\u0131 ve \u00fcst\u00fcn b\u00fck\u00fclme performans\u0131 ile \u015fekerleme markalar\u0131na s\u00fcrd\u00fcr\u00fclebilirlikte bir ad\u0131m \u00f6ne ge\u00e7me f\u0131rsat\u0131 sunuyor.<br \/>\n\u2018Ya\u015fam i\u00e7in Ambalaj\u2019 yakla\u015f\u0131m\u0131 ile 1972 y\u0131l\u0131ndan bu yana s\u00fcrd\u00fcr\u00fclebilir bir gelecek vizyonu ile \u00e7al\u0131\u015fan ve \u00fcreten Elif, ye\u015fil ambalaj \u00e7\u00f6z\u00fcmlerine her ge\u00e7en g\u00fcn bir yenisini ekleyerek \u00e7evre ve insan hayat\u0131n\u0131n korunmas\u0131 ve iyile\u015ftirilmesine katk\u0131 sa\u011fl\u0131yor. Elif geli\u015ftirdi\u011fi inovatif \u00fcr\u00fcn\u00fc b\u00fck\u00fclebilir (PE) polietilen ambalaj \u00e7\u00f6z\u00fcm\u00fc Elif2Twist\u2019i \u015fekerleme sekt\u00f6r\u00fc ile bulu\u015fturdu.<br \/>\nElif2Twist\u2019in m\u00fckemmel b\u00fck\u00fclebilme ve ald\u0131\u011f\u0131 \u015fekli koruma \u00f6zellikleri sayesinde sert bonbonlardan drajelere, \u00e7ikolata barlar\u0131ndan \u015feker ve lolipoplara kadar uzanan geni\u015f uygulama alan\u0131 ile \u015fekerleme sekt\u00f6r\u00fcn\u00fcn bir numaral\u0131 ambalaj tercihi olmas\u0131 bekleniyor. Bunun yan\u0131 s\u0131ra, test edilip onaylanm\u0131\u015f g\u0131da ile temasa uygunlu\u011fu, Elif\u2019in farkl\u0131la\u015ft\u0131ran bask\u0131 \u00e7\u00f6z\u00fcmleri ve maliyet avantaj\u0131 ile Elif2Twist \u015fekerleme \u00fcreticileri i\u00e7in de avantajl\u0131 bir ambalaj alternatifi haline geliyor.<br \/>\n\u015eeffaf, beyaz ve metalize versiyonlar\u0131 ile Elif2Twist, geli\u015ftirilmi\u015f y\u00fczey s\u00fcrt\u00fcnme de\u011feri sayesinde y\u00fcksek h\u0131zlarda \u00e7al\u0131\u015fan paketleme makinelerinde de sorunsuz bir bi\u00e7imde \u00e7al\u0131\u015f\u0131yor. Elif\u2019in farkl\u0131 bask\u0131 ihtiya\u00e7lar\u0131na uygun y\u00fcksek kalite bask\u0131 \u00e7\u00f6z\u00fcmleri ve \u00fcr\u00fcn\u00fcn raf \u00e7ekicili\u011fini artt\u0131ran finisaj\/kaplama uygulamalar\u0131 sayesinde t\u00fcketicilerle dokunsal ve g\u00f6rsel ileti\u015fim kuran Elif2Twist hem marka sadakatini hem de sat\u0131\u015flar\u0131 artt\u0131rmak i\u00e7in marka sahiplerine yard\u0131mc\u0131 oluyor.<br \/>\nElif, her ge\u00e7en g\u00fcn de\u011fi\u015fen ve geli\u015fen ambalaj ihtiya\u00e7lar\u0131na y\u00f6nelik \u00e7evre dostu \u00fcr\u00fcnler sunmaya, son teknoloji ekipmanlar\u0131 ve uzman Ar-Ge kadrosu ile projeler geli\u015ftirmeye ve s\u00fcrd\u00fcr\u00fclebilir bir gelecek i\u00e7in \u2018Ya\u015fam i\u00e7in Ambalaj\u2019 \u00fcretmeye devam ediyor.<\/p>\n","protected":false},"excerpt":{"rendered":"<p>Elif\u2019in \u00e7evreci inovasyonlar\u0131n\u0131n son temsilcisi olan Elif2Twist \u00e7evre dostu yap\u0131s\u0131 ve \u00fcst\u00fcn b\u00fck\u00fclme performans\u0131 ile \u015fekerleme markalar\u0131na s\u00fcrd\u00fcr\u00fclebilirlikte bir ad\u0131m \u00f6ne ge\u00e7me f\u0131rsat\u0131 sunuyor. \u2018Ya\u015fam i\u00e7in Ambalaj\u2019 yakla\u015f\u0131m\u0131 ile 1972 y\u0131l\u0131ndan bu yana s\u00fcrd\u00fcr\u00fclebilir bir gelecek vizyonu ile \u00e7al\u0131\u015fan ve \u00fcreten Elif, ye\u015fil ambalaj \u00e7\u00f6z\u00fcmlerine her ge\u00e7en g\u00fcn bir yenisini ekleyerek \u00e7evre ve insan hayat\u0131n\u0131n [&hellip;]<\/p>\n","protected":false},"author":2,"featured_media":4124,"comment_status":"closed","ping_status":"open","sticky":false,"template":"","format":"standard","meta":[],"categories":[109],"tags":[],"_links":{"self":[{"href":"https:\/\/www.ambalajveetiket.com\/index.php\/wp-json\/wp\/v2\/posts\/2578"}],"collection":[{"href":"https:\/\/www.ambalajveetiket.com\/index.php\/wp-json\/wp\/v2\/posts"}],"about":[{"href":"https:\/\/www.ambalajveetiket.com\/index.php\/wp-json\/wp\/v2\/types\/post"}],"author":[{"embeddable":true,"href":"https:\/\/www.ambalajveetiket.com\/index.php\/wp-json\/wp\/v2\/users\/2"}],"replies":[{"embeddable":true,"href":"https:\/\/www.ambalajveetiket.com\/index.php\/wp-json\/wp\/v2\/comments?post=2578"}],"version-history":[{"count":1,"href":"https:\/\/www.ambalajveetiket.com\/index.php\/wp-json\/wp\/v2\/posts\/2578\/revisions"}],"predecessor-version":[{"id":4125,"href":"https:\/\/www.ambalajveetiket.com\/index.php\/wp-json\/wp\/v2\/posts\/2578\/revisions\/4125"}],"wp:featuredmedia":[{"embeddable":true,"href":"https:\/\/www.ambalajveetiket.com\/index.php\/wp-json\/wp\/v2\/media\/4124"}],"wp:attachment":[{"href":"https:\/\/www.ambalajveetiket.com\/index.php\/wp-json\/wp\/v2\/media?parent=2578"}],"wp:term":[{"taxonomy":"category","embeddable":true,"href":"https:\/\/www.ambalajveetiket.com\/index.php\/wp-json\/wp\/v2\/categories?post=2578"},{"taxonomy":"post_tag","embeddable":true,"href":"https:\/\/www.ambalajveetiket.com\/index.php\/wp-json\/wp\/v2\/tags?post=2578"}],"curies":[{"name":"wp","href":"https:\/\/api.w.org\/{rel}","templated":true}]}}