{"id":2721,"date":"2018-11-15T14:27:50","date_gmt":"2018-11-15T11:27:50","guid":{"rendered":"http:\/\/www.ambalajveetiket.com\/?p=2721"},"modified":"2021-03-26T14:46:11","modified_gmt":"2021-03-26T11:46:11","slug":"bahcivanlar-basim-iml-ve-etikette-tam-kapasite-devam-ediyor","status":"publish","type":"post","link":"https:\/\/www.ambalajveetiket.com\/index.php\/2018\/11\/15\/bahcivanlar-basim-iml-ve-etikette-tam-kapasite-devam-ediyor\/","title":{"rendered":"Bah\u00e7\u0131vanlar Bas\u0131m IML ve etikette tam kapasite devam ediyor"},"content":{"rendered":"<p>Konya&#8217;n\u0131n \u00f6nde gelen matbaa ve ambalaj i\u015fletmelerinden Bah\u00e7\u0131vanlar Bas\u0131m Sanayi A.\u015e., Aras Grup&#8217;tan ald\u0131\u011f\u0131 Komori Lithrone G40 H-UV 6+lak bask\u0131 makinesiyle In Mould Etiket (IML) \u00fcretimine ba\u015flad\u0131\u011f\u0131 Kas\u0131m 2013\u2019ten bu yana teknik ve sermaye olarak \u00e7ok emek ve \u00f6zveri gerektiren bu alanda bir hayli yol alm\u0131\u015f. Komori Lithrone G40 6+ lak ofset bask\u0131 makinesi, benzersiz bir konfig\u00fcrasyonla m\u00fc\u015fteriye \u00f6zel H-UV donan\u0131ml\u0131 olarak \u00e7ok y\u00fcksek kalite, d\u00fc\u015f\u00fck fire ve d\u00fc\u015f\u00fck kurutma maliyeti ile IML etiket \u00fcretiyor. Ticari bask\u0131da yat\u0131r\u0131mlar\u0131n\u0131 tamamlayan firma, IML tesisine ikinci bir makine i\u00e7in mevcut ekonomik durgunlu\u011fu a\u015f\u0131lmas\u0131n\u0131, ekonomide g\u00f6r\u00fc\u015f\u00fc k\u0131s\u0131tlayan bulutlar\u0131n da\u011f\u0131lmas\u0131n\u0131 bekliyor.<br \/>\nSorular\u0131m\u0131z\u0131 firma orta\u011f\u0131 Tufan Ali Bah\u00e7\u0131van yan\u0131tlad\u0131.<br \/>\n<strong>\u2022 Konya&#8217;da i\u015fler nas\u0131l gidiyor?<\/strong><br \/>\nKonya&#8217;da hayat Anadolu&#8217;nun di\u011fer illerinden farkl\u0131 de\u011fil. Bayram \u00f6ncesi ba\u015flayan dura\u011fan d\u00f6nem, promosyon sezonu a\u00e7\u0131ld\u0131\u011f\u0131 halde aynen devam ediyor. \u015eu anda s\u00fcrekli m\u00fc\u015fterilerimizin projeli i\u015flerine devam ediyoruz. Yurt d\u0131\u015f\u0131na \u00e7al\u0131\u015f\u0131yoruz ve i\u00e7 piyasadaki durgunlu\u011fu biraz onunla dengelemeye \u00e7al\u0131\u015f\u0131yoruz.<br \/>\n<img loading=\"lazy\" class=\" wp-image-2723 alignleft\" src=\"http:\/\/www.ambalajveetiket.com\/wp-content\/uploads\/2018\/11\/Bahcivanlar_EtiketMakinasi_a-200x133.jpg\" alt=\"\" width=\"340\" height=\"226\"><strong>\u2022 Ne zamandan beri ihracat yap\u0131yorsunuz?<\/strong><br \/>\nYakla\u015f\u0131k \u00fc\u00e7 y\u0131ld\u0131r IML ve ticari ofset bask\u0131da ihracat\u0131m\u0131z var. K\u0131br\u0131s&#8217;ta 10 &#8211; 12 y\u0131ld\u0131r \u00e7al\u0131\u015f\u0131yoruz ve 7 y\u0131ld\u0131r orada bir \u015firketimiz var ve K\u0131br\u0131s&#8217;taki turizm sekt\u00f6r\u00fcne ciddi anlamda destek veriyoruz. Ambalaj taraf\u0131 fena de\u011fil. Son bir bu\u00e7uk y\u0131ld\u0131r ihracat b\u00fcy\u00fcyen bir hacimle \u00e7ok iyi gidiyor. Ne kadar ihracata da \u00e7al\u0131\u015fsak i\u00e7 pazar\u0131n durmas\u0131 bizi de \u00e7ok ciddi anlamda etkiledi. \u0130\u00e7 pazarda ana ham madde, yard\u0131mc\u0131 malzemeler, ka\u011f\u0131t temini tamamen nakite d\u00f6nd\u00fc\u011f\u00fc i\u00e7in bu bizi finansal olarak zorluyor. Y\u00fczde 60-70 oran\u0131nda, m\u00fc\u015fteriyle pe\u015fin \u00e7al\u0131\u015fmaya gayret ediyoruz. Bu nedenle anla\u015famad\u0131\u011f\u0131m\u0131z, ayr\u0131lan m\u00fc\u015fterilerimiz oluyor. Fiyattan de\u011fil \u00f6deme \u015fartlar\u0131ndan dolay\u0131 anla\u015famad\u0131\u011f\u0131m\u0131z m\u00fc\u015fteriler oluyor.<br \/>\nBu konuda yapacak hi\u00e7bir \u015fey yok. Finans\u0131 g\u00fc\u00e7l\u00fc olan, zorlansa da \u00e7al\u0131\u015fmaya devam edecek. Sadece matbaac\u0131l\u0131kta de\u011fil her alanda tesisler ciddi alanda s\u0131k\u0131nt\u0131 ya\u015f\u0131yor. Her sekt\u00f6re i\u015f yapt\u0131\u011f\u0131m\u0131z i\u00e7in bu s\u0131k\u0131nt\u0131lar\u0131 g\u00f6r\u00fcyoruz. Hacimler \u00e7ok d\u00fc\u015ft\u00fc, bask\u0131 adetleri \u00e7ok d\u00fc\u015ft\u00fc. Y\u00fcz bin adet gelen sipari\u015fler 20 bin &#8211; 30 bin gibi rakamlara d\u00fc\u015f\u00fcr\u00fcl\u00fcyor. Herkes g\u00fcn\u00fc kurtarma pe\u015finde. \u0130ki ayda de\u011fil, 20 g\u00fcnde bir sipari\u015f veriyorlar ve b\u00fct\u00e7elerine g\u00f6re kendilerini korumaya al\u0131yorlar. \u0130l d\u0131\u015f\u0131ndaki m\u00fc\u015fterilerimizin neredeyse % 60-70&#8217;ini pe\u015fine d\u00f6nd\u00fcrd\u00fck ama yirmi &#8211; otuz y\u0131ll\u0131k m\u00fc\u015fterilerimizle eskisi gibi devam ediyoruz. Anadolu&#8217;da olman\u0131n s\u0131k\u0131nt\u0131lar\u0131n\u0131 da hissediyoruz.<br \/>\n<strong>\u2022 K\u0131br\u0131s haricinde hangi \u00fclkelere ihracat\u0131n\u0131z var? O \u00fclkelerdeki m\u00fc\u015fteriler i\u00e7in neler yap\u0131yorsunuz?<\/strong><br \/>\nBulgaristan, Hollanda gibi \u00fclkelerde turizm sekt\u00f6r\u00fcne \u00e7al\u0131\u015f\u0131yoruz. Bu i\u015fler hep referansla geliyor. Yeni bir otel a\u00e7\u0131ld\u0131\u011f\u0131nda bizi buluyor ve onun i\u015fi di\u011ferlerine, \u00f6zellikle yeni a\u00e7\u0131lanlara referans oluyor. Bir otel sat\u0131n alma grubu ile \u00e7al\u0131\u015f\u0131l\u0131yorsa, sat\u0131n alma grubu b\u00fct\u00fcn ihtiya\u00e7lar\u0131n\u0131 en az\u0131ndan a\u00e7\u0131l\u0131\u015f d\u00f6neminde \u00f6nceden kestiremiyor. Bize gelirlerse, \u00f6nlerine ihtiya\u00e7lar\u0131 olaca\u011f\u0131n\u0131 bildi\u011fimiz dok\u00fcmanlar\u0131n bir listesini koyuyoruz ve adetler, ebatlar onlar taraf\u0131ndan belirleniyor; t\u00fcm bask\u0131 ihtiya\u00e7lar\u0131n\u0131 bizden temin edebiliyorlar.<br \/>\n<strong>\u2022 \u0130\u015finizin ne kadar\u0131 ticari bask\u0131 i\u015flerinden olu\u015fuyor?<\/strong><br \/>\nTicari ofset grubu i\u015fin % 28&#8217;ini, IML etiket % 50&#8217;sini ve di\u011fer etiket i\u015fleri de % 22&#8217;sini olu\u015fturuyor.<br \/>\n<strong>\u2022 IML size bir hayli ivme kazand\u0131rd\u0131 de\u011fil mi?<\/strong><br \/>\nKazand\u0131rd\u0131\u011f\u0131 gibi \u015fu anda IML b\u00f6l\u00fcm\u00fc 7\/24 \u00e7al\u0131\u015f\u0131yor. \u00d6nce ikinci el bir makine ile ba\u015flam\u0131\u015ft\u0131k. \u0130ki y\u0131l sonra onu 6+ lak konfig\u00fcrasyonlu Komori Lithrone G40 ile de\u011fi\u015ftirdik. O da yetmedi, bask\u0131, bask\u0131 sonras\u0131, kalite kontrol dahil ekibin tamam\u0131n\u0131 \u0130stanbul ve \u0130zmir&#8217;den Konya&#8217;ya transfer ettik. Ondan sonra i\u015fler ivme kazand\u0131 ve \u015fu anda 7\/24 \u00e7al\u0131\u015f\u0131r duruma geldik.<br \/>\n<strong>\u2022 IML&#8217;de hangi \u00fclkelere i\u015f yap\u0131yorsunuz?<\/strong><br \/>\n\u015eu anda Kuzey Afrika ve Orta Asya b\u00f6lgesine \u00e7ok yo\u011fun i\u015f yap\u0131yoruz. Avrupa\u2019da da g\u00f6r\u00fc\u015fmelerimiz devam ediyor, teknik detaylar, test bask\u0131lar\u0131, kar\u015f\u0131l\u0131kl\u0131 ziyaretler ve g\u00f6r\u00fc\u015fmeler biraz zaman al\u0131yor ama sonu\u00e7lara yakla\u015f\u0131yoruz.<br \/>\n<strong>\u2022 Malzeme temininde durum nedir?<\/strong><br \/>\nIML taraf\u0131nda malzeme avro bazl\u0131 d\u00f6n\u00fcyor. Yine 60 &#8211; 90 g\u00fcn vadeyle malzeme alabiliyoruz ama kur fark\u0131 ekleniyor. D\u00f6viz baz\u0131nda malzeme alabiliyoruz. \u00d6yle olunca i\u015f biraz daha riske giriyor. Orada avantaj\u0131m\u0131z IML&#8217;de i\u015fimizin % 55&#8217;i yurt d\u0131\u015f\u0131na gitti\u011fi i\u00e7in d\u00f6viz bazl\u0131 olmas\u0131. Dolay\u0131s\u0131yla ham madde, makine leasing bor\u00e7lar\u0131n\u0131 d\u00f6vizle \u00f6demede problem ya\u015fam\u0131yoruz.<br \/>\n<strong>\u2022 IML&#8217;de ihracat art\u0131yor mu?<\/strong><br \/>\nHer ge\u00e7en g\u00fcn y\u00fckselen bir trendi var. \u0130hracata ilk ba\u015flad\u0131\u011f\u0131m\u0131zda haftada \u00fc\u00e7 d\u00f6rt palet mal g\u00f6nderirken \u015fimdi 7-8 palete \u00e7\u0131kt\u0131. Ayn\u0131 i\u015fi yapa yapa o i\u015f \u00fczerinde teknik bilgiye sahip olduk\u00e7a, kalitemiz artt\u0131k\u00e7a i\u015f hacmimiz s\u00fcrekli art\u0131yor.<br \/>\n<img loading=\"lazy\" class=\" wp-image-2724 alignright\" src=\"http:\/\/www.ambalajveetiket.com\/wp-content\/uploads\/2018\/11\/Bahcivanlar_Komori_G40_c-200x133.jpg\" alt=\"\" width=\"400\" height=\"266\"><strong>\u2022 Makine 6+lak, i\u015fler genelde ka\u00e7 renk oluyor?<\/strong><br \/>\nBe\u015f renk garanti, bazen alt\u0131nc\u0131 rengi de kullan\u0131yoruz. Be\u015f rengin alt\u0131na IML&#8217;de hi\u00e7 d\u00fc\u015fm\u00fcyoruz. E\u011fer ince beyaz yaz\u0131lar varsa orada rengi tutturmak i\u00e7in Pantone renk kullanabiliyor ve d\u00f6rt rengi be\u015f renge kendimiz de m\u00fc\u015fteri lehine \u00e7\u0131karabiliyoruz.<br \/>\n<strong>\u2022 Kadroda de\u011fi\u015fiklik var m\u0131?<\/strong><br \/>\nEfektif personel say\u0131m\u0131z zaten 110 &#8211; 120 aras\u0131ndad\u0131r; o say\u0131y\u0131 koruyoruz. Kendili\u011finden emekli olan personel oluyor. Yerlerine yine yenilerini al\u0131yoruz. Herhangi bir personel eksiltmesine gitmedik. Maliyette bir k\u0131s\u0131tlama yapacaksan\u0131z o personel ile olacak i\u015f de\u011fil. Eleman eksiltmek sorunu \u00e7\u00f6zm\u00fcyor. Elemanlar\u0131n\u0131z tecr\u00fcbe kazanm\u0131\u015f oldu\u011fundan, yeni eleman alman\u0131z gerekti\u011finde yine iki \u00fc\u00e7 ay tecr\u00fcbe kazanmas\u0131 gerekiyor ve o arada i\u015f kayb\u0131n\u0131z oluyor.<br \/>\n<img loading=\"lazy\" class=\" wp-image-2725 alignleft\" src=\"http:\/\/www.ambalajveetiket.com\/wp-content\/uploads\/2018\/11\/yeni-meram-gazete-113x150.jpg\" alt=\"\" width=\"174\" height=\"231\"><strong>\u2022 Gazete Yeni Meram devam ediyor, de\u011fil mi? Gazete ka\u011f\u0131d\u0131nda s\u0131k\u0131nt\u0131 var m\u0131?<\/strong><br \/>\nGazete devam ediyor. \u00d6demeler de sorun olmad\u0131\u011f\u0131 zaman hi\u00e7bir malzemede, ka\u011f\u0131t dahil s\u0131k\u0131nt\u0131 olmuyor.<br \/>\n<strong>\u2022 Baban\u0131z (Mustafa Yal\u00e7\u0131n Bah\u00e7\u0131van) matbaaya geliyor mu?<\/strong><br \/>\nBabam 82 ya\u015f\u0131nda, sabah geliyor; \u00f6\u011fle saatlerine kadar kal\u0131yor, gidiyor. Kendisi hala Y\u00f6netim Kurul Ba\u015fkan\u0131m\u0131z ve her konuda dan\u0131\u015f\u0131yoruz, fikrini al\u0131yoruz, tecr\u00fcbelerinden faydalan\u0131yoruz. Sadece i\u015f de\u011fil her \u015feyi konu\u015fuyoruz.<br \/>\n<strong>\u2022 Yeni yat\u0131r\u0131m d\u00fc\u015f\u00fcn\u00fcyor musunuz?<\/strong><br \/>\nIML grubunda iki adet 70 x 100 kesim makinemiz vard\u0131, yeti\u015fmedi; ge\u00e7en sene \u00fc\u00e7\u00fcnc\u00fc 70 x 100 kesim makinesini ald\u0131k. Etikete bo\u015f etiket kesim ve yald\u0131z makinesi ald\u0131k; ayn\u0131 zamanda tabakalama da yap\u0131yor. Hat\u0131rlamad\u0131\u011f\u0131m ufak tefek yat\u0131r\u0131mlar\u0131m\u0131z da olabilir.<br \/>\nY\u0131llard\u0131r teknolojiyi yak\u0131ndan takip ederek bu firmay\u0131 belli bir seviyeye ta\u015f\u0131may\u0131 ba\u015fard\u0131k, her zaman \u00fcretilmeyeni veya say\u0131ca az firman\u0131n \u00fcretti\u011fi \u00fcr\u00fcnlere y\u00f6nelik yat\u0131r\u0131mlar yapt\u0131k. Tabii ki teknolojinin ve yat\u0131r\u0131m\u0131n sonu yok, her ne kadar yat\u0131r\u0131m yapmayal\u0131m desek de, akl\u0131m\u0131z da s\u00fcrekli yeni bir \u015feyler var, sadece biraz daha zaman ge\u00e7mesi gerek.<br \/>\n<strong>\u2022 Karde\u015fler aras\u0131nda i\u015f b\u00f6l\u00fcm\u00fc nas\u0131l yap\u0131ld\u0131?<\/strong><br \/>\nBen s\u00fcrekli form ve etiket grubu ile ilgileniyorum. A\u011fabeyim (Ahmet Hakan Bah\u00e7\u0131van) gazete ve ticari ofset grubu ile ilgileniyor. Karde\u015fim (\u00c7a\u011fatay \u0130brahim Bah\u00e7\u0131van) ise finans ve IML ile ilgileniyor. Fakat bu i\u015flerin tamam\u0131nda hepimizin \u00fcretim-maliyet ve di\u011fer konular da bilgisi var, birimiz olmad\u0131\u011f\u0131 zaman di\u011ferleri g\u00f6revi \u00fcstlenir. \u015eirkette kalifiyeli personel ve i\u015f tan\u0131mlar\u0131 sayesinde sistem \u00e7al\u0131\u015fmaya ba\u015flad\u0131, geriye sadece ufak dokunu\u015flar kal\u0131yor.<br \/>\n<strong>\u2022 \u0130hracat i\u00e7in bir departman var m\u0131, kendiniz mi y\u00f6netiyorsunuz?<\/strong><br \/>\n\u0130hracatla ilgilenen iki arkada\u015f\u0131m\u0131z var. Zaten sipari\u015fler ve t\u00fcm detaylar belli; \u00fcretimden detaylar arkada\u015flar\u0131m\u0131za geliyor ve onlar sevkiyat\u0131, faturaland\u0131rmay\u0131 ve g\u00fcmr\u00fcklemelerini ve m\u00fc\u015fteri bilgilendirmelerini yap\u0131yorlar.<br \/>\n<strong>\u2022 IML&#8217;de bo\u015f kapasite var m\u0131?<\/strong><br \/>\n\u015eu anda IML&#8217;de bo\u015f kapasite yok. Yat\u0131r\u0131m yapmak gerektiriyor ama \u015fu anda do\u011frusu biz de yat\u0131r\u0131m yapmak istemiyoruz \u00e7\u00fcnk\u00fc o b\u00f6l\u00fcmde kapasite artt\u0131rman\u0131z demek neredeyse 2.5 milyon avro yat\u0131r\u0131m yapmak demek. Bunu piyasalar a\u00e7\u0131l\u0131ncaya kadar bekletiyoruz.<br \/>\n<img loading=\"lazy\" class=\" wp-image-2726 alignright\" src=\"http:\/\/www.ambalajveetiket.com\/wp-content\/uploads\/2018\/11\/Bahcivanlar_Genel1-200x133.jpg\" alt=\"\" width=\"389\" height=\"259\"><strong>\u2022 IML&#8217;den \u00f6nce etikete girmi\u015ftiniz; bekledi\u011finizi buldunuz mu? Etikette ve IML&#8217;de tirajlar nedir?<\/strong><br \/>\nEtikette Konya i\u00e7inden ve d\u0131\u015f\u0131ndan \u00e7ok iyi bir m\u00fc\u015fteri profilimiz var. \u00c7ok nadir m\u00fc\u015fteri de\u011fi\u015ftiriyoruz.<br \/>\nEtiketin tiraj\u0131 IML&#8217;e hi\u00e7 yakla\u015famaz. IML&#8217;de ayda 50 ton civar\u0131nda \u00fcr\u00fcn i\u015fliyoruz. Bir \u00e7e\u015fit etiketten milyonlarca adet sipari\u015f al\u0131yoruz. Fakat Etikette palet baz\u0131nda, koli baz\u0131nda teslimat yap\u0131yoruz, \u00e7ok miktarl\u0131 i\u015flere talip olmuyoruz, daha \u00e7ok \u00f6zel \u00fcr\u00fcnler ve k\u0131sa tirajl\u0131 i\u015fler yap\u0131yoruz.<br \/>\nIML&#8217;in makinesi (Komori Lithrone G40) \u00e7ok h\u0131zl\u0131, \u00fcretim kapasitesi y\u00fcksek. Etikette y\u00fcz\u00fcm\u00fcz\u00fc g\u00fcld\u00fcren \u015fey, az say\u0131da personel ile i\u015fin d\u00f6nmesi. Burada personel de hi\u00e7 de\u011fi\u015fmedi. Etiketin masraf\u0131, k\u00e2r\u0131 hep sabit. \u00c7ok k\u00fc\u00e7\u00fck de\u011fi\u015fiklikler oluyor. Etikette orta seviyede bir \u00fcretici olarak kalmay\u0131 tercih ettik. B\u00fcy\u00fcrseniz, b\u00fcy\u00fcklerle rekabet etmek durumunda kal\u0131yorsunuz; g\u00fcn\u00fcn sonunda k\u00e2r\u0131n\u0131zda pek bir de\u011fi\u015fiklik olmuyor. D\u00f6rt be\u015f y\u0131l sonra k\u00e2r\u0131n\u0131z fazladan bir etiket makinesi oluyor. O y\u00fczden biz etikette \u00f6rne\u011fin daha h\u0131zl\u0131 bir flekso bask\u0131 makinesi koyma yoluna gitmedik.<br \/>\n<strong>\u2022 Etikette dijitali d\u00fc\u015f\u00fcnd\u00fcn\u00fcz m\u00fc?<\/strong><br \/>\nHem makine bedelini hem de her ay &#8216;click&#8217; bedelini \u00f6demek bize cazip gelmedi. Makine benimse neden &#8216;click&#8217; bedeli \u00f6d\u00fcyorum? De\u011filse niye makine bedelini \u00f6d\u00fcyorum. Her ay birinin gelip benim sayac\u0131m\u0131 kontrol etmesi i\u015fime gelmiyor. Bu y\u00fczden dijitali tercih etmedik.<br \/>\n<strong>\u2022 Bir ara sekt\u00f6rden memnun de\u011fildiniz? \u015eimdi ne d\u00fc\u015f\u00fcn\u00fcyorsunuz?<\/strong><br \/>\nBazen gene umutsuzlu\u011fa kap\u0131l\u0131yoruz ama ondan sonra bir iki hafta kendimizi tedavi ediyoruz; yine devam ediyoruz. Sonu\u00e7 olarak ben bu \u015firkette 30 y\u0131l\u0131m\u0131 ge\u00e7irdim, abim daha fazla, sekt\u00f6rden \u00e7\u0131k\u0131\u015f gibi bir niyetimiz hi\u00e7 olmad\u0131. Piyasa \u015fartlar\u0131 de\u011fi\u015fiyor, \u00fcr\u00fcn \u00e7e\u015fitlili\u011fi ve talepler farkl\u0131la\u015f\u0131yor, S\u00fcrekli form talepleri her ge\u00e7en g\u00fcn e-fatura\u2019dan dolay\u0131 azal\u0131yor, Ticari ofset bask\u0131lar, dijitalle\u015fmeden, sosyal medyadan dolay\u0131 azal\u0131yor. Bu y\u00fczden piyasadaki \u015fartlara g\u00f6re de\u011fi\u015fimleri yaparak devam etmek gerek.<br \/>\n<img loading=\"lazy\" class=\" wp-image-2727 alignleft\" src=\"http:\/\/www.ambalajveetiket.com\/wp-content\/uploads\/2018\/11\/Bahcivanlar_EtiketOrnekleri-200x133.jpg\" alt=\"\" width=\"357\" height=\"237\"><strong>\u2022 Binan\u0131zla ilgili t\u00fcm in\u015faat i\u015fleri tamamlanm\u0131\u015f g\u00f6r\u00fcn\u00fcyor. Bu konuda eksi\u011finiz var m\u0131?<\/strong><br \/>\nEksi\u011fimiz yok. \u015eu anda 5600 metre kare alan\u0131m\u0131z tamamen dolu. \u0130ki bin metre kare daha olsa hay\u0131r demezdik. Tonajlar \u00e7ok artt\u0131. Stokta tutulmas\u0131 gereken malzeme \u00e7ok artt\u0131. Bu y\u00fczden yer s\u0131k\u0131nt\u0131s\u0131 olabiliyor. Ka\u011f\u0131t, karton ve malzemeyi sipari\u015fe g\u00f6re alarak stok tutmamaya \u00e7al\u0131\u015f\u0131yoruz.<br \/>\n<strong>\u2022 Konya&#8217;daki durumu nas\u0131l tan\u0131mlars\u0131n\u0131z?<\/strong><br \/>\nKonya&#8217;da \u00e7ok ciddi bir sanayi yat\u0131r\u0131m\u0131 var. Ama bu d\u00f6nemde herkes beklemede. Pek hareketlilik yok. Yat\u0131r\u0131mlarla 4. ve 5. Organize Sanayi B\u00f6lgeleri doldu; 6. Organize Sanayi B\u00f6lgesi kuruluyor. Ama orada da in\u015faatlar durmu\u015f durumda. Bu belirsizlik herkesi tedbir almaya y\u00f6nlendirdi.<br \/>\n<strong>\u2022 \u00d6n\u00fcm\u00fczdeki bir y\u0131la ili\u015fkin projeksiyonunuz nedir?<\/strong><br \/>\nDo\u011frusu bu d\u00f6nemde yava\u015f yava\u015f uzun d\u00f6nem planlamalar yap\u0131yoruz, \u00e7ok k\u0131sa d\u00f6nem plan yapmamaya \u00e7al\u0131\u015f\u0131yoruz. Hedeflerimiz devam ediyor ama \u00fc\u00e7 ay &#8211; d\u00f6rt ay ask\u0131ya al\u0131nm\u0131\u015f durumda. Yerel se\u00e7imler sonras\u0131nda duruma bakaca\u011f\u0131z. Tahsilatlarda inan\u0131lmaz zorlan\u0131yoruz ama bor\u00e7lar\u0131 da \u00f6demek zorunday\u0131z.<br \/>\nSon bir y\u0131ld\u0131r \u00fczerinde durdu\u011fumuz bir konu vard\u0131; bir tasar\u0131m merkezi kurduk. Sanayi Bakanl\u0131\u011f\u0131&#8217;na m\u00fcracaat etmi\u015ftik; ge\u00e7en ay Tasar\u0131m Merkezimiz onayland\u0131. Bir t\u00fcr Ar-Ge \u00e7al\u0131\u015fmas\u0131yla, \u00f6zel \u00fcr\u00fcnler i\u00e7in, ambalaj \u00fcr\u00fcnleri i\u00e7in \u00e7ok farkl\u0131 modeller geli\u015ftiriyoruz. Orada 12 arkada\u015f\u0131m\u0131z \u00e7al\u0131\u015f\u0131yor. S\u00fcrekli bir \u015feyler geli\u015ftiriyorlar ve biz de uygulanabilirlik konusunda yard\u0131mc\u0131 oluyoruz. Ortaya \u00e7ok g\u00fczel \u00e7al\u0131\u015fmalar \u00e7\u0131k\u0131yor ve onlar\u0131 m\u00fc\u015fterilere sunuyoruz. Ambalajda farkl\u0131 bir pazar yaratmaya \u00e7al\u0131\u015f\u0131yoruz. \u015eu anda farkl\u0131 \u00e7anta ve defter modellerimiz, piyasada sat\u0131lan ve m\u00fc\u015fterilerin kulland\u0131\u011f\u0131 ambalaj \u00fcr\u00fcnlerimiz var.<\/p>\n","protected":false},"excerpt":{"rendered":"<p>Konya&#8217;n\u0131n \u00f6nde gelen matbaa ve ambalaj i\u015fletmelerinden Bah\u00e7\u0131vanlar Bas\u0131m Sanayi A.\u015e., Aras Grup&#8217;tan ald\u0131\u011f\u0131 Komori Lithrone G40 H-UV 6+lak bask\u0131 makinesiyle In Mould Etiket (IML) \u00fcretimine ba\u015flad\u0131\u011f\u0131 Kas\u0131m 2013\u2019ten bu yana teknik ve sermaye olarak \u00e7ok emek ve \u00f6zveri gerektiren bu alanda bir hayli yol alm\u0131\u015f. Komori Lithrone G40 6+ lak ofset bask\u0131 makinesi, benzersiz [&hellip;]<\/p>\n","protected":false},"author":2,"featured_media":3999,"comment_status":"closed","ping_status":"open","sticky":false,"template":"","format":"standard","meta":[],"categories":[170,31,32],"tags":[],"_links":{"self":[{"href":"https:\/\/www.ambalajveetiket.com\/index.php\/wp-json\/wp\/v2\/posts\/2721"}],"collection":[{"href":"https:\/\/www.ambalajveetiket.com\/index.php\/wp-json\/wp\/v2\/posts"}],"about":[{"href":"https:\/\/www.ambalajveetiket.com\/index.php\/wp-json\/wp\/v2\/types\/post"}],"author":[{"embeddable":true,"href":"https:\/\/www.ambalajveetiket.com\/index.php\/wp-json\/wp\/v2\/users\/2"}],"replies":[{"embeddable":true,"href":"https:\/\/www.ambalajveetiket.com\/index.php\/wp-json\/wp\/v2\/comments?post=2721"}],"version-history":[{"count":1,"href":"https:\/\/www.ambalajveetiket.com\/index.php\/wp-json\/wp\/v2\/posts\/2721\/revisions"}],"predecessor-version":[{"id":4000,"href":"https:\/\/www.ambalajveetiket.com\/index.php\/wp-json\/wp\/v2\/posts\/2721\/revisions\/4000"}],"wp:featuredmedia":[{"embeddable":true,"href":"https:\/\/www.ambalajveetiket.com\/index.php\/wp-json\/wp\/v2\/media\/3999"}],"wp:attachment":[{"href":"https:\/\/www.ambalajveetiket.com\/index.php\/wp-json\/wp\/v2\/media?parent=2721"}],"wp:term":[{"taxonomy":"category","embeddable":true,"href":"https:\/\/www.ambalajveetiket.com\/index.php\/wp-json\/wp\/v2\/categories?post=2721"},{"taxonomy":"post_tag","embeddable":true,"href":"https:\/\/www.ambalajveetiket.com\/index.php\/wp-json\/wp\/v2\/tags?post=2721"}],"curies":[{"name":"wp","href":"https:\/\/api.w.org\/{rel}","templated":true}]}}