{"id":2802,"date":"2018-12-15T08:59:46","date_gmt":"2018-12-15T05:59:46","guid":{"rendered":"http:\/\/www.ambalajveetiket.com\/?p=2802"},"modified":"2021-03-26T14:46:36","modified_gmt":"2021-03-26T11:46:36","slug":"kerem-dereli-dereli-graphic-yonetim-kurulu-baskani-talep-geldiginde-yurt-disina-proje-bazli-isler-yapiyoruz","status":"publish","type":"post","link":"https:\/\/www.ambalajveetiket.com\/index.php\/2018\/12\/15\/kerem-dereli-dereli-graphic-yonetim-kurulu-baskani-talep-geldiginde-yurt-disina-proje-bazli-isler-yapiyoruz\/","title":{"rendered":"Kerem Dereli (Dereli Graphic Y\u00f6netim Kurulu Ba\u015fkan\u0131) \u201cTalep geldi\u011finde yurt d\u0131\u015f\u0131na proje bazl\u0131 i\u015fler yap\u0131yoruz\u201d"},"content":{"rendered":"<p>&nbsp;<\/p>\n<p>Teknik servis konusunda sa\u011flam bir altyap\u0131ya sahip olan Dereli Graphic yurtd\u0131\u015f\u0131na yat\u0131r\u0131m yapan T\u00fcrk firmalar\u0131na her t\u00fcrl\u00fc sat\u0131\u015f ve teknik deste\u011fi sa\u011fl\u0131yor.<\/p>\n<p>Dereli Graphic bir Avrasya Ambalaj \u0130stanbul Fuar\u0131\u2019na daha ge\u00e7mi\u015f y\u0131llarda oldu\u011fu gibi Printpack B\u00f6l\u00fcm\u00fc 9. Salon\u2019daki ayn\u0131 yerinde kat\u0131ld\u0131. Firma bas\u0131m sekt\u00f6r\u00fcnde ofset, tifdruk, flekso ve dijital bask\u0131 alanlar\u0131nda makine, yaz\u0131l\u0131m ve malzeme tedarik\u00e7isi olarak sekt\u00f6re hizmet veriyor. &nbsp;3M, Kodak, KBA, Ferag, FlintGroup, Perfecta, Epple, Day gibi g\u00fc\u00e7l\u00fc markalar\u0131n temsilcisi olan Dereli Graphic Teknik M\u00fcd\u00fcr\u00fc Recep Yaman \u201cEsnek ambalaj ve karton ambalaj taraf\u0131nda bizim m\u00fc\u015fterilerimiz zaten bu fuarda yer al\u0131yorlar. \u0130lk zamanlar bu ama\u00e7la m\u00fc\u015fterilerimize yak\u0131n olmak i\u00e7in geldik. \u2018Dereli Graphic de bu fuarda olsun baz\u0131 yenilikleri aktars\u0131n, en az\u0131ndan birlikte \u00e7ay kahve i\u00e7ilsin\u2019 diye d\u00fc\u015f\u00fcn\u00fclm\u00fc\u015ft\u00fc\u201d diyor. Kerem Dereli ekliyor: \u201cO zaman Printtek \u00f6zel b\u00f6l\u00fcm\u00fc de yoktu. Belki de bizim s\u00fcrekli kat\u0131l\u0131\u015f\u0131m\u0131z y\u0131llar i\u00e7inde buna vesile oldu.\u201d<\/p>\n<p>Dereli Graphic Y\u00f6netim Kurulu Ba\u015fkan\u0131 Kerem Dereli fuara ili\u015fkin sorular\u0131m\u0131z\u0131 yan\u0131tlad\u0131.<\/p>\n<p><strong><img loading=\"lazy\" class=\" wp-image-2804 alignleft\" src=\"http:\/\/www.ambalajveetiket.com\/wp-content\/uploads\/2019\/01\/Dereli_Stant3-200x133.jpg\" alt=\"\" width=\"347\" height=\"231\">Fuar\u0131 nas\u0131l de\u011ferlendiriyorsunuz?<\/strong><\/p>\n<p>Fuarda g\u00fczel, beklentinin \u00fczerinde bir kitle var. Uzun zamand\u0131r g\u00f6rmedi\u011fimiz, daha \u00f6nce fuara kat\u0131lm\u0131\u015f, birka\u00e7 m\u00fc\u015fterimizle temas etme imk\u00e2n\u0131m\u0131z da oldu.<\/p>\n<p>Her sene yap\u0131lmas\u0131na ra\u011fmen fuar gitgide b\u00fcy\u00fcyor, \u00f6zellikle bask\u0131 taraf\u0131 geni\u015flemi\u015f g\u00f6z\u00fck\u00fcyor. T\u00fcyap da g\u00fczel bir \u00e7al\u0131\u015fmaya imza atm\u0131\u015f. Yurtd\u0131\u015f\u0131nda da tan\u0131t\u0131mlar\u0131n yap\u0131ld\u0131\u011f\u0131n\u0131 bizzat g\u00f6rd\u00fcm. \u00d6zellikle web alan\u0131nda, sosyal medyada ciddi anlamda aktif olunmu\u015f. Bunun da etkileri yans\u0131yor. \u00d6nceki senelerde olmayan bu sinerjiyle fuara gelen kat\u0131l\u0131mc\u0131 firmalar var. Ge\u00e7en sene bo\u015f olan giri\u015f k\u0131s\u0131m\u0131 da dolmu\u015f. Bu da umut verici. T\u00fcrkiye, A\u011fustos ay\u0131nda ciddi bir \u015fok ya\u015fad\u0131; \u00fclke olarak sars\u0131ld\u0131k. Test edici d\u00f6nemlerden ge\u00e7iyoruz. Bu anlamda fuarlar daha da \u00f6nem kazan\u0131yor. \u00c7\u00fcnk\u00fc \u00f6nemli bir g\u00f6sterge. M\u00fc\u015fterilerimizin yan\u0131nda olma, onlarla fikir al\u0131\u015fveri\u015finde bulunma ad\u0131na \u00f6nemli bir platform.<\/p>\n<p><strong>Gelen ziyaret\u00e7ilerle daha \u00e7ok neler konu\u015fuluyor? Ziyaret\u00e7iler nelere yo\u011funla\u015fm\u0131\u015f durumda?<\/strong><\/p>\n<p>G\u00f6n\u00fcl isterdi ki burada yaln\u0131zca teknolojiler, \u00fcr\u00fcn lansmanlar\u0131 \u00fczerine konu\u015fal\u0131m ama a\u00e7\u0131k\u00e7as\u0131 piyasan\u0131n durumu daha \u00e7ok konu\u015fuluyor. Tabii ki \u00f6zellikle teknik oryantasyonu olan arkada\u015flar onlarla alakal\u0131 bilgiyi al\u0131yorlar ama onun d\u0131\u015f\u0131nda \u00f6zellikle sat\u0131\u015f taraf\u0131na bakan kitleyle konu\u015fulan \u015fey ekonomi oluyor. \u015eu andaki mevcut ger\u00e7ekler gere\u011fi&nbsp; \u00f6demeler, piyasan\u0131n durumu, i\u015f olanaklar\u0131, \u00e7\u0131k\u0131\u015f yollar\u0131 gibi konular konu\u015fuluyor. Biz de, kendi perspektifimizden bir \u015feyleri yans\u0131tmaya \u00e7al\u0131\u015f\u0131yoruz. Onlardan geri d\u00f6n\u00fc\u015f alma yolunday\u0131z asl\u0131nda. \u2018Sizde i\u015fler nas\u0131l\u2019 diyor soruyoruz. Benim m\u00fc\u015fterim, benim m\u00fc\u015fterimin m\u00fc\u015fterisi, hepimiz bu tedarik zinciri i\u00e7erisinde birer halkay\u0131z. Yurt d\u0131\u015f\u0131yla olan ili\u015fkide bir tamponuz. A\u011fustos ay\u0131nda kriz patlak verince yurt d\u0131\u015f\u0131 ile g\u00f6r\u00fc\u015fmelere ba\u015flam\u0131\u015ft\u0131k. \u015eimdi y\u0131l sonu toplant\u0131lar\u0131m\u0131zda gelen geri d\u00f6n\u00fc\u015f\u00fc yurt d\u0131\u015f\u0131yla da payla\u015f\u0131yorum.<\/p>\n<p><strong>\u00d6n\u00fcm\u00fczdeki d\u00f6neme ili\u015fkin temsilciliklerinizde de\u011fi\u015fiklik, yeni temsilcilikler olacak m\u0131?<\/strong><\/p>\n<p>\u015eimdi elimizde bulunan temsilciliklerle alakal\u0131, ileriye y\u00f6nelik ne yapabiliriz diye ortaklar\u0131m\u0131zla ve partnerlerimizle toplant\u0131lar yap\u0131yoruz. \u00c7\u0131kacak sonuca g\u00f6re farkl\u0131 d\u00fc\u015f\u00fcncelerimiz olabilir. Yeni temsilcilik olarak da d\u00fc\u015f\u00fcnd\u00fc\u011f\u00fcm\u00fcz baz\u0131 markalar var ama somutla\u015fm\u0131\u015f bir \u015fey yok.<\/p>\n<p>D\u0131\u015far\u0131dan bak\u0131\u015fta T\u00fcrkiye pazar\u0131nda ya\u015fanan dalgalanman\u0131n getirdi\u011fi bir \u00e7ekingenlik de var asl\u0131nda ama tabii bunu k\u0131sa vadeli g\u00f6r\u00fcyoruz. \u00d6n\u00fcm\u00fczdeki 6 ay i\u00e7erisinde bu durum da\u011f\u0131lacakt\u0131r diye d\u00fc\u015f\u00fcn\u00fcyorum. Biraz daha toparlanma s\u00fcrecine girince \u00f6n\u00fcm\u00fczdeki sene i\u00e7erisinde her \u015fey ray\u0131na oturacakt\u0131r. 2019\u2019da ilk \u00e7eyrek biraz d\u00fc\u015f\u00fck profilli ge\u00e7er ilk \u00e7eyrek sonras\u0131 biraz daha toparlayacak gibi \u00f6ng\u00f6r\u00fcyorum.<\/p>\n<p>Makine taraf\u0131nda \u00e7ok b\u00fcy\u00fck hareket olmad\u0131\u011f\u0131n\u0131 biliyoruz ama kurumsal ve b\u00fcy\u00fck firmalar\u0131n bo\u015f durmad\u0131\u011f\u0131n\u0131 i\u015f yapt\u0131\u011f\u0131n\u0131 da biliyoruz.<\/p>\n<p>Kurumsal ve b\u00fcy\u00fck firmalar kendi planlar\u0131 ve b\u00fct\u00e7eleri dahilinde \u00f6nceden yapt\u0131klar\u0131 planlara genelde sad\u0131k kal\u0131yorlar ve bir \u015fekilde yat\u0131r\u0131mlar\u0131n\u0131 yap\u0131yorlar.<\/p>\n<p>Son makine kurulumumuz Gaziantep\u2019te ger\u00e7ekle\u015fti. Onun d\u0131\u015f\u0131ndakiler biraz daha frenli. Bu da normal.<\/p>\n<p><strong><img loading=\"lazy\" class=\" wp-image-2805 alignright\" src=\"http:\/\/www.ambalajveetiket.com\/wp-content\/uploads\/2019\/01\/MG_6759-200x133.jpg\" alt=\"\" width=\"331\" height=\"220\">Malzemede durum nas\u0131l, sekt\u00f6r ne kadar kan kaybetti sizce?<\/strong><\/p>\n<p>Kimi firmalar i\u015f ve sat\u0131\u015f anlam\u0131nda bir \u015fekilde durumu avantaj haline d\u00f6n\u00fc\u015ft\u00fcrd\u00fc, kimi firmalar \u00f6demeler konusunda zorland\u0131\u011f\u0131 i\u00e7in k\u00fc\u00e7\u00fclmeye gitmek durumunda kald\u0131. Sat\u0131\u015f anlam\u0131nda biz \u00e7ok \u015f\u00fck\u00fcr h\u00e2l\u00e2 iyiyiz. Zaman zaman, \u015fartlarla alakal\u0131 olarak m\u00fc\u015fteri kayb\u0131 olabilir. \u00d6demeler dengesi gibi konularda biz de kendimize g\u00f6re baz\u0131 \u00f6nlemler almak durumunda oldu\u011fumuz i\u00e7in fiyat olarak y\u00fcksek kalabiliriz. Normal bir piyasa ko\u015fulunda belki indirim uygulayabilirim diyebilece\u011fin bir nokta vard\u0131r ama \u015fu a\u015famada biz de o esnekli\u011fi g\u00f6steremeyebiliyoruz.<\/p>\n<p><b>Bu fuarda yurt d\u0131\u015f\u0131ndan&nbsp;da \u00e7ok ciddi say\u0131da ziyaret\u00e7i var. Yurt d\u0131\u015f\u0131na, ihracata y\u00f6nelik \u00f6zel bir \u00e7aban\u0131z ve y\u00f6neliminiz var m\u0131?<\/b><\/p>\n<p>A\u00e7\u0131k\u00e7as\u0131 biz, daha \u00f6nce, \u0130ran piyasas\u0131yla \u00e7ok i\u00e7li d\u0131\u015fl\u0131yd\u0131k: ancak, Amerika\u2019yla ya\u015fanan problemler nedeniyle \u0130ran piyasas\u0131nda \u015fu anda yokuz. \u00c7al\u0131\u015ft\u0131\u011f\u0131m\u0131z firmalar o konuda olduk\u00e7a ciddi. Onun d\u0131\u015f\u0131nda baz\u0131 spot i\u015flerimiz olabiliyor. \u00c7e\u015fitli talepler geldi\u011finde proje baz\u0131nda de\u011ferlendiriyoruz. Bunun i\u00e7in \u00f6zel bir \u00e7abam\u0131z yok. Biz daha ziyade T\u00fcrkiye pazar\u0131na odakl\u0131y\u0131z. Eskisi gibi de\u011fil. D\u00fcnya \u00e7ap\u0131nda her b\u00f6lgenin dahil oldu\u011fu gruplar oluyor. Neredeyse her \u00fclkenin ya kendi firma temsilcisi var ya da firma kendisi orada bulunuyor.<\/p>\n<p>T\u00fcrkiye\u2019den yurt d\u0131\u015f\u0131na yat\u0131r\u0131m yapan baz\u0131 firmalar var ve biz o kanala hizmet verme yolunu se\u00e7iyoruz. Bunun \u00f6rne\u011fi Elif Plastik, Hayat Kimya gibi g\u00fczide T\u00fcrk firmalar\u0131. Bu firmalar\u0131m\u0131z yurt d\u0131\u015f\u0131nda yat\u0131r\u0131m yap\u0131yor. Onlara her t\u00fcrl\u00fc sat\u0131\u015f ve teknik deste\u011fini sa\u011fl\u0131yoruz. Buradan bizzat teknik servisimizi yollay\u0131p yurt d\u0131\u015f\u0131nda makine kurulumundan itibaren her \u015feyiyle bu deste\u011fi veriyoruz. O konuda sa\u011flam altyap\u0131ya sahibiz.<\/p>\n<p>Umuyoruz ki \u00fclkemizin ya\u015fad\u0131\u011f\u0131 bu ekonomik zorluklar\u0131 bir an evvel atlat\u0131r\u0131z. Herkesin olumlu bir \u015fekilde bakt\u0131\u011f\u0131, ekonominin toparland\u0131\u011f\u0131 bir d\u00f6neme giri\u015f yapar\u0131z. Benim tek dile\u011fim bu.<\/p>\n","protected":false},"excerpt":{"rendered":"<p>&nbsp; Teknik servis konusunda sa\u011flam bir altyap\u0131ya sahip olan Dereli Graphic yurtd\u0131\u015f\u0131na yat\u0131r\u0131m yapan T\u00fcrk firmalar\u0131na her t\u00fcrl\u00fc sat\u0131\u015f ve teknik deste\u011fi sa\u011fl\u0131yor. Dereli Graphic bir Avrasya Ambalaj \u0130stanbul Fuar\u0131\u2019na daha ge\u00e7mi\u015f y\u0131llarda oldu\u011fu gibi Printpack B\u00f6l\u00fcm\u00fc 9. Salon\u2019daki ayn\u0131 yerinde kat\u0131ld\u0131. Firma bas\u0131m sekt\u00f6r\u00fcnde ofset, tifdruk, flekso ve dijital bask\u0131 alanlar\u0131nda makine, yaz\u0131l\u0131m ve [&hellip;]<\/p>\n","protected":false},"author":2,"featured_media":3986,"comment_status":"closed","ping_status":"open","sticky":false,"template":"","format":"standard","meta":[],"categories":[170,31,72,42],"tags":[],"_links":{"self":[{"href":"https:\/\/www.ambalajveetiket.com\/index.php\/wp-json\/wp\/v2\/posts\/2802"}],"collection":[{"href":"https:\/\/www.ambalajveetiket.com\/index.php\/wp-json\/wp\/v2\/posts"}],"about":[{"href":"https:\/\/www.ambalajveetiket.com\/index.php\/wp-json\/wp\/v2\/types\/post"}],"author":[{"embeddable":true,"href":"https:\/\/www.ambalajveetiket.com\/index.php\/wp-json\/wp\/v2\/users\/2"}],"replies":[{"embeddable":true,"href":"https:\/\/www.ambalajveetiket.com\/index.php\/wp-json\/wp\/v2\/comments?post=2802"}],"version-history":[{"count":1,"href":"https:\/\/www.ambalajveetiket.com\/index.php\/wp-json\/wp\/v2\/posts\/2802\/revisions"}],"predecessor-version":[{"id":3987,"href":"https:\/\/www.ambalajveetiket.com\/index.php\/wp-json\/wp\/v2\/posts\/2802\/revisions\/3987"}],"wp:featuredmedia":[{"embeddable":true,"href":"https:\/\/www.ambalajveetiket.com\/index.php\/wp-json\/wp\/v2\/media\/3986"}],"wp:attachment":[{"href":"https:\/\/www.ambalajveetiket.com\/index.php\/wp-json\/wp\/v2\/media?parent=2802"}],"wp:term":[{"taxonomy":"category","embeddable":true,"href":"https:\/\/www.ambalajveetiket.com\/index.php\/wp-json\/wp\/v2\/categories?post=2802"},{"taxonomy":"post_tag","embeddable":true,"href":"https:\/\/www.ambalajveetiket.com\/index.php\/wp-json\/wp\/v2\/tags?post=2802"}],"curies":[{"name":"wp","href":"https:\/\/api.w.org\/{rel}","templated":true}]}}