{"id":2812,"date":"2018-12-15T09:14:24","date_gmt":"2018-12-15T06:14:24","guid":{"rendered":"http:\/\/www.ambalajveetiket.com\/?p=2812"},"modified":"2021-03-26T14:47:01","modified_gmt":"2021-03-26T11:47:01","slug":"dogu-pabuccuoglu-matset-a-s-genel-muduru-bu-fuara-katilmak-zorunluluk-haline-geldi","status":"publish","type":"post","link":"https:\/\/www.ambalajveetiket.com\/index.php\/2018\/12\/15\/dogu-pabuccuoglu-matset-a-s-genel-muduru-bu-fuara-katilmak-zorunluluk-haline-geldi\/","title":{"rendered":"Do\u011fu Pabu\u00e7\u00e7uo\u011flu \u2013 Matset A.\u015e. Genel M\u00fcd\u00fcr\u00fc \u201cBu fuara kat\u0131lmak zorunluluk haline geldi\u201d"},"content":{"rendered":"<p>&nbsp;<\/p>\n<p>Avrasya Ambalaj \u0130stanbul Fuar\u0131\u2019na Print Pack \u00f6zel b\u00f6l\u00fcm\u00fcnde yeni a\u00e7\u0131lan \u00e7ad\u0131r alan\u0131nda kat\u0131lan Matset A.\u015e., sergiledi\u011fi Hp Indigo 6800 ve temsil etti\u011fi yeni markalar\u0131 ile ziyaret\u00e7ilerini kar\u015f\u0131lad\u0131<\/p>\n<p>Bu y\u0131l Avrasya Ambalaj fuar\u0131ndaki geni\u015flemenin ilgin\u00e7 bir yan\u0131 da fuar kompleksinin orta k\u0131sm\u0131nda yer alan ve park yeri olarak kullan\u0131lan alanda olu\u015fturulan \u201c\u00c7ad\u0131r\u201d salonu idi. Matset\u2019in geni\u015f bir yer iste\u011fine ve fuar\u0131n geni\u015flemesine istinaden olu\u015fturulmu\u015f bu alanda Matset 140 metre karelik stand\u0131nd\u0131 ile yer ald\u0131 ve y\u00fcksek hacimli etiketler ve ambalaj \u00fcretimi i\u00e7in dar web bask\u0131 \u00e7\u00f6z\u00fcm\u00fc olan HP Indigo WS6800 dijital bask\u0131 makinesini sergiledi. Ayr\u0131ca yeni temsilcilikleri HP Scitex\u2019in karton ve oluklu ambalaj makineleri ile \u0130ngiliz Edale\u2019in fleksografik, hibrit bask\u0131 ve sonland\u0131rma makinelerinin tan\u0131t\u0131m\u0131n\u0131 yapt\u0131.<\/p>\n<p>Matset fuarda HP ve Edale yetkililerinin de yer ald\u0131\u011f\u0131 toplamda 15 ki\u015filik teknik ve sat\u0131\u015f ekibi ile ziyaret\u00e7ilerini kar\u015f\u0131lad\u0131.<\/p>\n<p>Fuarda sorular\u0131m\u0131z\u0131 Matset A.\u015e. Genel M\u00fcd\u00fcr\u00fc Do\u011fu Pabu\u00e7\u00e7uo\u011flu yan\u0131tlad\u0131.<\/p>\n<p><strong><img loading=\"lazy\" class=\" wp-image-2814 alignleft\" src=\"http:\/\/www.ambalajveetiket.com\/wp-content\/uploads\/2019\/01\/Matset_Stant5-200x133.jpg\" alt=\"\" width=\"353\" height=\"235\">Bu y\u0131l fuara ikinci kez kat\u0131l\u0131yorsunuz ve farkl\u0131 bir alandas\u0131n\u0131z, bu fuarda neleri \u00f6ne \u00e7\u0131kard\u0131n\u0131z?<\/strong><\/p>\n<p>Ge\u00e7en sene Avrasya Ambalaj fuar\u0131 Printtek\u2019ten tam bir ay sonrayd\u0131. Biz de son anda kat\u0131lmaya karar vermi\u015ftik. Bu fuara kat\u0131lman\u0131n iki avantaj\u0131n\u0131 g\u00f6rd\u00fck. \u0130lki temsil etti\u011fimiz markalar\u0131 tan\u0131tmak ikincisi m\u00fc\u015fterilerimiz ya da potansiyel m\u00fc\u015fterilerimizin \u00e7o\u011funun bu fuarda kat\u0131l\u0131mc\u0131 olmas\u0131, kat\u0131l\u0131mc\u0131 olmayanlar\u0131n da ziyarete gelmesi sonucu onlarla kurdu\u011fumuz h\u0131zl\u0131 ve verimli ileti\u015fim. Asl\u0131nda bir kazan kazan modeli oldu\u011fu i\u00e7in bu sene stand\u0131m\u0131z\u0131 b\u00fcy\u00fctt\u00fck. Ayr\u0131ca ge\u00e7ti\u011fimiz y\u0131l makine sergilememiz y\u00f6n\u00fcndeki talepleri de de\u011ferlendirdik. \u0130lk plan\u0131m\u0131z fuara bir HP Indigo 20000 getirmekti ama ekonomik s\u0131k\u0131nt\u0131 tavan yap\u0131nca 6800\u2019de karar k\u0131ld\u0131k.<\/p>\n<p>Konumlanma da asl\u0131nda fuar\u0131n zorlamas\u0131yla oldu. Biz daha b\u00fcy\u00fck yer isteyince T\u00fcyap alternatif olarak \u00c7ad\u0131r fikrini geli\u015ftirdi. Buras\u0131 ge\u00e7en sene yoktu. Bizim de ho\u015fumuza gitti ama biraz da altyap\u0131dan dolay\u0131 zor oldu. Ona ra\u011fmen h\u0131zl\u0131 bir \u00e7al\u0131\u015fmayla stand\u0131m\u0131z\u0131 kurduk.<\/p>\n<p>Biz bu fuarda makine satt\u0131k m\u0131 satmad\u0131k m\u0131 diye bakm\u0131yoruz. Amac\u0131m\u0131z sekt\u00f6r\u00fc bilgilendirmek. Zaten piyasa ko\u015fullar\u0131nda hen\u00fcz pozitif bir iyile\u015fme yok. \u015eu anda finans alan\u0131nda bir ad\u0131m at\u0131lmad\u0131\u011f\u0131 i\u00e7in bankalardan kredi almak \u00e7ok zor, verenler de \u00e7ok y\u00fcksek faiz uyguluyor. Leasing \u015firketleri h\u00e2l\u00e2 ne yapacaklar\u0131n\u0131 bilmiyorlar. Dolay\u0131s\u0131yla \u015fu anda zaten makine sat\u0131yorum demek \u00e7ok da mant\u0131kl\u0131 de\u011fil.<\/p>\n<p><strong>HP\u2019nin kendi finans \u00e7\u00f6z\u00fcm\u00fc h\u00e2l\u00e2 avantajl\u0131 m\u0131?<\/strong><\/p>\n<p>Kendi finans \u00e7\u00f6z\u00fcm\u00fcm\u00fcz\u00fc kullanabiliyoruz ama orada da faizler artt\u0131, daha ince eleyip s\u0131k dokunmaya ba\u015fland\u0131. T\u00fcrkiye\u2019nin \u00fclke riski artt\u0131\u011f\u0131 i\u00e7in faizler de art\u0131yor ama sekt\u00f6r yat\u0131r\u0131m yapmaktan vazge\u00e7miyor. Bu fuarda distrib\u00fct\u00f6rl\u00fc\u011f\u00fcn\u00fc ald\u0131\u011f\u0131m\u0131z HP Scitex\u2019in tan\u0131t\u0131m\u0131n\u0131 da yap\u0131yoruz. O k\u0131s\u0131mda bir hareket var.<\/p>\n<p>Scitex\u2019in makineleri sekt\u00f6r\u00fcn \u00f6zellikle ambalaj taraf\u0131nda yat\u0131r\u0131ma a\u00e7\u0131k yeni bir kulvar de\u011fil mi?<\/p>\n<p>Tabii. Scitex, ihracata y\u00f6nelik \u00fcretimde kullan\u0131lacak bir makine. 2020\u2019den sonra plastik kasayla sebze meyve ihracat\u0131 yasaklanacak. Bu makineye ihtiyac\u0131n\u0131z olacak. Tirajlar d\u00fc\u015ft\u00fc. Art\u0131k 5000 yerine 1000 takvim yapt\u0131r\u0131l\u0131yor; 100 bin kutu yerine 10 bin kutu sipari\u015f veriliyor, satt\u0131k\u00e7a bast\u0131r\u0131l\u0131yor. Bu ortam dijitalin \u00f6n\u00fcn\u00fc a\u00e7t\u0131. Ayr\u0131ca temsilcisi oldu\u011fumuz Edale var, sekt\u00f6r\u00fc rahatlatacak \u00e7\u00f6z\u00fcmleriyle o da burada. Onun i\u00e7in de g\u00f6r\u00fc\u015ft\u00fc\u011f\u00fcm\u00fcz m\u00fc\u015fteriler var.<\/p>\n<p><strong>Edale\u2019de en \u00e7ok hangi makine konu\u015fuluyor?<\/strong><\/p>\n<p>Edale\u2019nin en ilgi \u00e7eken \u00fcr\u00fcn\u00fc, 8 renkli narrow web bask\u0131 makinesi. Renk bask\u0131s\u0131 \u00fcst\u00fcne her t\u00fcrl\u00fc yald\u0131z vs. uygulamay\u0131 yapabilen bir flekso makine. Ayr\u0131ca sonland\u0131rmas\u0131 dahil yap\u0131\u015ft\u0131r\u0131c\u0131ya g\u00f6nderece\u011finiz bir makine var. Bunun g\u00fczelli\u011fi i\u015f ge\u00e7i\u015f s\u00fcrecinin \u00e7ok k\u0131sa olmas\u0131. Kendi b\u0131\u00e7ak de\u011fi\u015ftirme sistemine sahip. Dijital olmamas\u0131na ra\u011fmen \u00e7ok h\u0131zl\u0131 bir makine. \u00d6zellikle ila\u00e7 kutular\u0131 gibi k\u00fc\u00e7\u00fck kutular\u0131n \u00fcretiminde rahat\u00e7a kullanabiliyorsunuz.<\/p>\n<p><strong>Edale\u2019nin yat\u0131r\u0131m maliyetleri ve geri d\u00f6n\u00fc\u015f s\u00fcreci i\u00e7in neler s\u00f6ylersiniz?<\/strong><\/p>\n<p>Makine ne kadar \u00e7al\u0131\u015f\u0131yor ve bu s\u00fcrede size ne kadar para kazand\u0131r\u0131yor, bunu ortaya koyarsan\u0131z yat\u0131r\u0131m yapmak \u00e7ok avantajl\u0131. Yat\u0131r\u0131m maliyeti dedi\u011finiz \u015fey, yaln\u0131zca makinenin al\u0131nmas\u0131nda verdi\u011finiz para demek de\u011fil. Fuara \u0130zmir\u2019den gelen bir m\u00fc\u015fteri ile bu i\u015f s\u00fcre\u00e7lerini konu\u015ftuk. Genel uygulamada i\u015f tabaka \u00fczerine bas\u0131l\u0131yor, bask\u0131 sonras\u0131 uygulamalar yap\u0131l\u0131yor, daha sonra kesime ve yap\u0131\u015ft\u0131rmaya gidiyor. Oysa Edale\u2019de bunlar\u0131n hepsini tek makinede iki ki\u015fi hallediyor.<\/p>\n<p>100 bin tiraja kadar kullan\u0131\u015fl\u0131. Eski g\u00fcnler olsayd\u0131 bu fuardan iki sipari\u015fle \u00e7\u0131kard\u0131k. \u00c7\u00fcnk\u00fc \u00f6zellikle ila\u00e7 kutusu \u00fcreten firmalar\u0131n \u00e7ok i\u015fine yarayacak bir model. Bask\u0131 kalitesi de \u00e7ok y\u00fcksek. Ofsetten farkl\u0131 de\u011fil.<\/p>\n<p><strong>Scitex taraf\u0131nda s\u0131cak g\u00f6r\u00fc\u015fmeleriniz var m\u0131?<\/strong><\/p>\n<p>\u0130ki, \u00fc\u00e7 firma ile g\u00f6r\u00fc\u015fmelerimiz s\u00fcr\u00fcyor. Scitex, hakikaten g\u00f6ren herkesi \u00e7ok etkileyen bir makine. Ona sadece bask\u0131 olarak bakmak yanl\u0131\u015f; makinenin \u00fczerinde HP\u2019nin geli\u015ftirdi\u011fi bir\u00e7ok yaz\u0131l\u0131m avantaj\u0131 da var. Scitex C500 zaten beta testte, onun piyasaya \u00e7\u0131kmas\u0131 1 y\u0131l\u0131 bulur. Scitex 15500 ve 17000 serisi oluklu basma makinelerinin fiyatlar\u0131 pahal\u0131 g\u00f6r\u00fcn\u00fcyor ama yapt\u0131klar\u0131 i\u015fe de\u011fer.<\/p>\n<p>Ayr\u0131ca \u00e7e\u015fitli yaz\u0131l\u0131mlarla gizli g\u00f6rseller y\u00fckl\u00fcyorsun. \u00d6zellikle ihracatta al\u0131c\u0131 firma hi\u00e7bir \u015fekilde kim taraf\u0131ndan \u00fcretildi\u011finin yaz\u0131lmas\u0131n\u0131 istemiyor, karekod bile istemiyor. \u00dcrettiren firma bunu istemiyor ama ayn\u0131 zamanda senden geldi\u011fini de bilmem laz\u0131m diyor. HP yeni yaz\u0131l\u0131m\u0131yla m\u00fc\u015fterinin iste\u011fine g\u00f6re gizli bask\u0131 yapabiliyor. Bu teknoloji ayr\u0131 bir avantaj. \u00d6zellikle ihracata \u00e7al\u0131\u015f\u0131yorsan\u0131z bu teknoloji ciddi bir avantaj.<\/p>\n<p><strong>Fuar\u0131 nas\u0131l de\u011ferlendiriyorsunuz?<\/strong><\/p>\n<p>Avrasya Ambalaj fuar\u0131n\u0131n bu sene yap\u0131lan, \u00f6n\u00fcm\u00fczdeki seneyi de kapsayacak en etkin fuar oldu\u011funu d\u00fc\u015f\u00fcn\u00fcyorum. Bu fuara kat\u0131lmak art\u0131k zorunluluk haline geldi. \u015eimdi daha iyi bir yer pe\u015finde ko\u015fuyoruz, olursa, 8. Salondan bir yer istiyoruz. Bizim makineyi buraya koymam\u0131z hakikaten \u00e7ok zor oldu ama burada olmak zorundayd\u0131k. G\u00f6r\u00fcnen bir yerdeyiz, kat\u0131ld\u0131\u011f\u0131m\u0131za memnunuz. Fuardan sat\u0131\u015f beklentimiz yok. \u00d6n\u00fcm\u00fczdeki g\u00fcnler i\u00e7in potansiyel listesi olu\u015fur diye d\u00fc\u015f\u00fcn\u00fcyorum. Bu y\u0131l fuara \u00e7ok ilgin\u00e7 \u015fekilde Irak\u2019tan 2-3 m\u00fc\u015fteri geldi. Ge\u00e7en sene \u0130ran\u2019dan \u00e7ok gelen vard\u0131 bu sene pek yok.<\/p>\n<p>&nbsp;<\/p>\n","protected":false},"excerpt":{"rendered":"<p>&nbsp; Avrasya Ambalaj \u0130stanbul Fuar\u0131\u2019na Print Pack \u00f6zel b\u00f6l\u00fcm\u00fcnde yeni a\u00e7\u0131lan \u00e7ad\u0131r alan\u0131nda kat\u0131lan Matset A.\u015e., sergiledi\u011fi Hp Indigo 6800 ve temsil etti\u011fi yeni markalar\u0131 ile ziyaret\u00e7ilerini kar\u015f\u0131lad\u0131 Bu y\u0131l Avrasya Ambalaj fuar\u0131ndaki geni\u015flemenin ilgin\u00e7 bir yan\u0131 da fuar kompleksinin orta k\u0131sm\u0131nda yer alan ve park yeri olarak kullan\u0131lan alanda olu\u015fturulan \u201c\u00c7ad\u0131r\u201d salonu idi. Matset\u2019in [&hellip;]<\/p>\n","protected":false},"author":2,"featured_media":3982,"comment_status":"closed","ping_status":"open","sticky":false,"template":"","format":"standard","meta":[],"categories":[170,31,72,42],"tags":[],"_links":{"self":[{"href":"https:\/\/www.ambalajveetiket.com\/index.php\/wp-json\/wp\/v2\/posts\/2812"}],"collection":[{"href":"https:\/\/www.ambalajveetiket.com\/index.php\/wp-json\/wp\/v2\/posts"}],"about":[{"href":"https:\/\/www.ambalajveetiket.com\/index.php\/wp-json\/wp\/v2\/types\/post"}],"author":[{"embeddable":true,"href":"https:\/\/www.ambalajveetiket.com\/index.php\/wp-json\/wp\/v2\/users\/2"}],"replies":[{"embeddable":true,"href":"https:\/\/www.ambalajveetiket.com\/index.php\/wp-json\/wp\/v2\/comments?post=2812"}],"version-history":[{"count":1,"href":"https:\/\/www.ambalajveetiket.com\/index.php\/wp-json\/wp\/v2\/posts\/2812\/revisions"}],"predecessor-version":[{"id":3983,"href":"https:\/\/www.ambalajveetiket.com\/index.php\/wp-json\/wp\/v2\/posts\/2812\/revisions\/3983"}],"wp:featuredmedia":[{"embeddable":true,"href":"https:\/\/www.ambalajveetiket.com\/index.php\/wp-json\/wp\/v2\/media\/3982"}],"wp:attachment":[{"href":"https:\/\/www.ambalajveetiket.com\/index.php\/wp-json\/wp\/v2\/media?parent=2812"}],"wp:term":[{"taxonomy":"category","embeddable":true,"href":"https:\/\/www.ambalajveetiket.com\/index.php\/wp-json\/wp\/v2\/categories?post=2812"},{"taxonomy":"post_tag","embeddable":true,"href":"https:\/\/www.ambalajveetiket.com\/index.php\/wp-json\/wp\/v2\/tags?post=2812"}],"curies":[{"name":"wp","href":"https:\/\/api.w.org\/{rel}","templated":true}]}}