{"id":2817,"date":"2018-12-15T09:19:52","date_gmt":"2018-12-15T06:19:52","guid":{"rendered":"http:\/\/www.ambalajveetiket.com\/?p=2817"},"modified":"2021-03-26T14:47:04","modified_gmt":"2021-03-26T11:47:04","slug":"cagdas-kagit-avrasya-ambalaj-fuarindan-memnun","status":"publish","type":"post","link":"https:\/\/www.ambalajveetiket.com\/index.php\/2018\/12\/15\/cagdas-kagit-avrasya-ambalaj-fuarindan-memnun\/","title":{"rendered":"\u00c7a\u011fda\u015f Ka\u011f\u0131t, Avrasya Ambalaj Fuar\u0131\u2019ndan memnun"},"content":{"rendered":"<p>\u00c7a\u011fda\u015f Ka\u011f\u0131t, 24. Avrasya Ambalaj Fuar\u0131\u2019nda 40 y\u0131l\u0131 a\u015fan tecr\u00fcbesi ve deneyimli personeliyle yurtd\u0131\u015f\u0131ndan ve yurti\u00e7inde ziyaret\u00e7ilerini a\u011f\u0131rlad\u0131. Firman\u0131n \u00fc\u00e7\u00fcnc\u00fc ku\u015fak y\u00f6neticilerinden Bilal Suna, firmas\u0131 hakk\u0131ndaki bilgileri, sergiledikleri \u00fcr\u00fcnleri ve fuar hakk\u0131ndaki g\u00f6r\u00fc\u015flerini Matbaa Haber\u2019e anlatt\u0131.<br \/>\n<strong>\u00c7a\u011fda\u015f Ka\u011f\u0131t hakk\u0131nda genel bir bilgi alabilir miyiz?<\/strong><br \/>\n\u00c7a\u011fda\u015f Ka\u011f\u0131t, yakla\u015f\u0131k 45 y\u0131ll\u0131k bir firma. 1970\u2019lerde ba\u015flayan ser\u00fcvenin \u00fc\u00e7\u00fcnc\u00fc ku\u015fa\u011f\u0131y\u0131z. Bir aile \u015firketiyiz. Sekt\u00f6rde belli bir konumda oldu\u011fumuzu d\u00fc\u015f\u00fcn\u00fcyorum. Metal, cam, tekstil ve ambalaj sekt\u00f6r\u00fc olmak \u00fczere d\u00f6rt farkl\u0131 sekt\u00f6re hitap ediyoruz.<br \/>\nSon \u00fc\u00e7 y\u0131ld\u0131r ihracat\u0131m\u0131z\u0131 h\u0131zland\u0131rd\u0131k Ekibimizi bu y\u00f6nde b\u00fcy\u00fct\u00fcyoruz. \u00dc\u00e7 sene \u00f6nce ihracata ba\u015flad\u0131\u011f\u0131m\u0131zda senelik %5-6 oran\u0131nda ihracat\u0131m\u0131z varken bug\u00fcn bu oran %20\u2019ye ula\u015ft\u0131. Bu oran\u0131 %50\u2019ye \u00e7\u0131karmak i\u00e7in \u00e7al\u0131\u015f\u0131yoruz. Bu hedefe iki sene i\u00e7inde ula\u015fmak istiyoruz. Sekt\u00f6rde \u00f6nc\u00fc olmak hedefimiz. Kendimizi 10 y\u0131l sonra \u00e7ok daha g\u00fczel yerlerde g\u00f6r\u00fcyoruz.<br \/>\nAncak, yurtd\u0131\u015f\u0131 fuarlar\u0131na aktif olarak kat\u0131lam\u0131yoruz. Bunu eksik yan\u0131m\u0131z olarak g\u00f6r\u00fcyoruz. \u00d6n\u00fcm\u00fczdeki seneden itibaren yurti\u00e7inde 4 yurtd\u0131\u015f\u0131nda 2 fuar olmak \u00fczere 6 fuara kat\u0131lmay\u0131 d\u00fc\u015f\u00fcn\u00fcyoruz.<br \/>\nKrepe ka\u011f\u0131t ve s\u00fcblimasyon ka\u011f\u0131t alan\u0131nda tekstil ve metal sekt\u00f6r\u00fcne \u00fcretim yap\u0131yoruz.<br \/>\n<strong>Avrasya Ambalaj Fuar\u0131\u2019nda neler sergiliyorsunuz, \u00f6ne \u00e7\u0131kard\u0131\u011f\u0131n\u0131z \u00fcr\u00fcnler neler?<\/strong><br \/>\nY\u00fczde elli traderl\u0131k yap\u0131yoruz. Belli ba\u015fl\u0131 ka\u011f\u0131tlar\u0131 ithal ediyoruz ve sat\u0131yoruz. Ancak ithal etti\u011fimiz \u00fcr\u00fcnlerin bir k\u0131sm\u0131n\u0131 i\u015fleyerek farkl\u0131la\u015ft\u0131r\u0131yoruz. \u00d6ncelikli olarak ithal edip i\u015fledi\u011fimiz \u00fcr\u00fcnleri \u00f6ne \u00e7\u0131kar\u0131yoruz. \u00c7\u00fcnk\u00fc, bu \u00fcr\u00fcnler kendi \u00fcr\u00fcnlerimiz. Bunlardan birisi krepe ka\u011f\u0131t, metal ve al\u00fcminyum sekt\u00f6r\u00fcnde a\u011f\u0131rl\u0131kl\u0131 olarak kullan\u0131lan bir ka\u011f\u0131t t\u00fcr\u00fc. Beyaz krepe ka\u011f\u0131t ise ajandalar\u0131n s\u0131rt k\u0131sm\u0131nda matbaa sekt\u00f6r\u00fcnde kullan\u0131l\u0131yor. Bir de s\u00fcblimasyon tekstil ka\u011f\u0131d\u0131m\u0131z var. Bu \u00fcr\u00fcnlerimizi \u00f6ne \u00e7\u0131kartmaya \u00e7al\u0131\u015f\u0131yoruz. Bunun yan\u0131nda traderl\u0131k yapt\u0131\u011f\u0131m\u0131z \u00fcr\u00fcnleri de eksik tutmuyor, m\u00fc\u015fterilerimize sunuyoruz.<br \/>\n<strong>Fuar nas\u0131l gidiyor, fuar beklentilerinizi kar\u015f\u0131lad\u0131 m\u0131?<\/strong><br \/>\nBundan 3 sene \u00f6nce kat\u0131ld\u0131\u011f\u0131m\u0131z fuar\u0131n bu kadar dolu oldu\u011funu hat\u0131rl\u0131yorum. Benim i\u00e7in gelen say\u0131s\u0131 de\u011fil nokta at\u0131\u015f, \u00fcr\u00fcn\u00fc bilen m\u00fc\u015fterinin gelmesi \u00f6nemli. Bu fuarda da iki g\u00fcnd\u00fcr \u015funu g\u00f6r\u00fcyoruz, Ortado\u011fu ba\u015fta olmak \u00fczere \u00e7ok say\u0131da yabanc\u0131 ziyaret\u00e7i var. Yerli ziyaret\u00e7iden \u00e7ok yabanc\u0131 m\u00fc\u015fteri talep ediyor bizi. \u0130ki g\u00fcnd\u00fcr L\u00fcbnan ve \u0130srailli firmalarla ileti\u015fim halindeyiz. Bu yeni m\u00fc\u015fterilerin haricinde bizim hali haz\u0131rda m\u00fc\u015fterimiz olan M\u0131s\u0131r, G\u00fcrcistan gibi \u00fclkelerden gelen firmalar oldu.<br \/>\nK\u0131saca, fuar \u00e7ok yo\u011fun ve g\u00fczel ge\u00e7iyor. Kalan iki g\u00fcn\u00fcn de b\u00f6yle ge\u00e7ece\u011fini umuyorum. Bu fuar\u0131n ba\u015far\u0131l\u0131 olmas\u0131 \u00fclkemiz a\u00e7\u0131s\u0131ndan da bir ba\u015far\u0131d\u0131r.<\/p>\n","protected":false},"excerpt":{"rendered":"<p>\u00c7a\u011fda\u015f Ka\u011f\u0131t, 24. Avrasya Ambalaj Fuar\u0131\u2019nda 40 y\u0131l\u0131 a\u015fan tecr\u00fcbesi ve deneyimli personeliyle yurtd\u0131\u015f\u0131ndan ve yurti\u00e7inde ziyaret\u00e7ilerini a\u011f\u0131rlad\u0131. Firman\u0131n \u00fc\u00e7\u00fcnc\u00fc ku\u015fak y\u00f6neticilerinden Bilal Suna, firmas\u0131 hakk\u0131ndaki bilgileri, sergiledikleri \u00fcr\u00fcnleri ve fuar hakk\u0131ndaki g\u00f6r\u00fc\u015flerini Matbaa Haber\u2019e anlatt\u0131. \u00c7a\u011fda\u015f Ka\u011f\u0131t hakk\u0131nda genel bir bilgi alabilir miyiz? \u00c7a\u011fda\u015f Ka\u011f\u0131t, yakla\u015f\u0131k 45 y\u0131ll\u0131k bir firma. 1970\u2019lerde ba\u015flayan ser\u00fcvenin \u00fc\u00e7\u00fcnc\u00fc [&hellip;]<\/p>\n","protected":false},"author":2,"featured_media":3980,"comment_status":"closed","ping_status":"open","sticky":false,"template":"","format":"standard","meta":[],"categories":[170,31,72,168,169,39,42],"tags":[],"_links":{"self":[{"href":"https:\/\/www.ambalajveetiket.com\/index.php\/wp-json\/wp\/v2\/posts\/2817"}],"collection":[{"href":"https:\/\/www.ambalajveetiket.com\/index.php\/wp-json\/wp\/v2\/posts"}],"about":[{"href":"https:\/\/www.ambalajveetiket.com\/index.php\/wp-json\/wp\/v2\/types\/post"}],"author":[{"embeddable":true,"href":"https:\/\/www.ambalajveetiket.com\/index.php\/wp-json\/wp\/v2\/users\/2"}],"replies":[{"embeddable":true,"href":"https:\/\/www.ambalajveetiket.com\/index.php\/wp-json\/wp\/v2\/comments?post=2817"}],"version-history":[{"count":1,"href":"https:\/\/www.ambalajveetiket.com\/index.php\/wp-json\/wp\/v2\/posts\/2817\/revisions"}],"predecessor-version":[{"id":3981,"href":"https:\/\/www.ambalajveetiket.com\/index.php\/wp-json\/wp\/v2\/posts\/2817\/revisions\/3981"}],"wp:featuredmedia":[{"embeddable":true,"href":"https:\/\/www.ambalajveetiket.com\/index.php\/wp-json\/wp\/v2\/media\/3980"}],"wp:attachment":[{"href":"https:\/\/www.ambalajveetiket.com\/index.php\/wp-json\/wp\/v2\/media?parent=2817"}],"wp:term":[{"taxonomy":"category","embeddable":true,"href":"https:\/\/www.ambalajveetiket.com\/index.php\/wp-json\/wp\/v2\/categories?post=2817"},{"taxonomy":"post_tag","embeddable":true,"href":"https:\/\/www.ambalajveetiket.com\/index.php\/wp-json\/wp\/v2\/tags?post=2817"}],"curies":[{"name":"wp","href":"https:\/\/api.w.org\/{rel}","templated":true}]}}