{"id":2880,"date":"2018-12-15T10:51:33","date_gmt":"2018-12-15T07:51:33","guid":{"rendered":"http:\/\/www.ambalajveetiket.com\/?p=2880"},"modified":"2021-03-25T23:15:10","modified_gmt":"2021-03-25T20:15:10","slug":"fatih-ozgun-hubergroup-turkiye-genel-muduru-ozellikle-yurt-disindan-yeni-musteriler-bekliyoruz","status":"publish","type":"post","link":"https:\/\/www.ambalajveetiket.com\/index.php\/2018\/12\/15\/fatih-ozgun-hubergroup-turkiye-genel-muduru-ozellikle-yurt-disindan-yeni-musteriler-bekliyoruz\/","title":{"rendered":"Fatih \u00d6zg\u00fcn (hubergroup T\u00fcrkiye Genel M\u00fcd\u00fcr\u00fc) \u201c\u00d6zellikle yurt d\u0131\u015f\u0131ndan yeni m\u00fc\u015fteriler bekliyoruz\u201d"},"content":{"rendered":"<p>\u201cKriz farkl\u0131 f\u0131rsatlar yaratacak. Daha \u00f6nce ihracata \u00e7ok fazla odaklanmazken, yeni ihracat pazarlar\u0131nda ne yapabilece\u011fimize konsantre olmaya \u00e7al\u0131\u015f\u0131yoruz. Bunun yan\u0131nda sekt\u00f6rde matbaalarla birebir temas\u0131m\u0131z\u0131 biraz daha artt\u0131r\u0131yoruz.\u201d<br \/>\nhubergroup T\u00fcrkiye, Avrasya Ambalaj \u0130stanbul 2018 \u2013 24. Uluslararas\u0131 Ambalaj End\u00fcstrisi Fuar\u0131\u2019nda al\u0131\u015f\u0131lm\u0131\u015f stand\u0131nda ziyaret\u00e7ileri a\u011f\u0131rlad\u0131. Fuar\u0131n ilk g\u00fcn\u00fcnde, hubergroup T\u00fcrkiye Genel M\u00fcd\u00fcr\u00fc Fatih \u00d6zg\u00fcn sorular\u0131m\u0131z\u0131 yan\u0131tlad\u0131.<br \/>\n<strong>Fuara gelmeden \u00f6nce 2018\u2019in k\u0131sa bir \u00f6zetini yapabilir misiniz?<\/strong><br \/>\n2018 ger\u00e7ekten de\u011ferlendirilmesi zor bir y\u0131l oldu. Malum, hepimizin ya\u015fad\u0131\u011f\u0131 ekonomik \u015fartlar ithalata dayal\u0131 bir \u015firket oldu\u011fumuz i\u00e7in bizi de etkiledi. Bu d\u00f6nemde b\u00fcy\u00fcmekten ziyade a\u00e7\u0131k\u00e7as\u0131 durumumuzu korumaya ve finansal olarak sa\u011flam firmalarla \u00e7al\u0131\u015fmaya \u00f6zen g\u00f6sterdik. Ge\u00e7mi\u015f y\u0131l ile kar\u015f\u0131la\u015ft\u0131rd\u0131\u011f\u0131m\u0131zda hemen hemen ayn\u0131 seviyeleri tutturabilece\u011fimizi s\u00f6yleyebiliyoruz. Sekt\u00f6r olarak temkinli olmam\u0131z\u0131 gerektiren, yapaca\u011f\u0131m\u0131z yat\u0131r\u0131mlara dikkat etmemizi gerektiren bir d\u00f6nem ya\u015f\u0131yoruz. Herhalde bir m\u00fcddet daha zorlu s\u00fcre\u00e7 bizleri bekliyor.<br \/>\n<strong>Bayilerle \u00e7al\u0131\u015f\u0131yorsunuz. Vadeler san\u0131yorum en \u00f6nemli konu olmu\u015ftur. Bu konuda nas\u0131l bir yol izliyorsunuz?<\/strong><br \/>\nDo\u011fru. \u015eu an g\u00fcndemdeki en \u00f6nemli konu finansman. Bu konu \u00fczerinde en \u00e7ok duran, vadelerin k\u0131salmas\u0131 y\u00f6n\u00fcnde bast\u0131rarak \u00e7aba g\u00f6steren \u015firket biziz. Tabii ister istemez bizim \u00fcr\u00fcnlerimizi da\u011f\u0131tan baz\u0131 firmalarda s\u0131k\u0131nt\u0131lar ya\u015fanmas\u0131na neden oldu. Orada baz\u0131 sat\u0131\u015flarda gerilemeler oldu ama di\u011fer yerlerden bu bo\u015flu\u011fu kapatmay\u0131 ba\u015fard\u0131k. Bu arada bir \u00e7aba g\u00f6stermek yerine, \u201cm\u00fc\u015fteriden gelen bu\u201d diye onlar\u0131n isteklerini yans\u0131tan arac\u0131 \u015firketleri de ele\u015ftiriyorum. O konuda kendilerini daha iyi y\u00f6netebilirler.<br \/>\n<strong>Kriz matbaac\u0131lar\u0131n yeni vadeleri ve fiyatlar\u0131 m\u00fc\u015fterilerine kabul ettirebilmeleri i\u00e7in bir f\u0131rsat anlam\u0131na da geliyor mu?<\/strong><br \/>\nKriz asl\u0131nda f\u0131rsatlar da do\u011furabiliyor ama do\u011frusu bu kriz birer finans krizi olan ve reel sekt\u00f6rde etkisi \u00e7ok hissedilmeyen 2001 ve 2008 krizlerinden farkl\u0131 olarak reel sekt\u00f6r\u00fc \u00e7ok daha fazla etkiledi. Ama yine de bundan \u00f6\u011frendiklerimizle yeni bir ivme kazanaca\u011f\u0131m\u0131za inan\u0131yorum. Kriz farkl\u0131 f\u0131rsatlar yaratacak. Daha \u00f6nce ihracata \u00e7ok fazla odaklanmazken, yeni ihracat pazarlar\u0131nda ne yapabilece\u011fimize konsantre olmaya \u00e7al\u0131\u015f\u0131yoruz. Bunun yan\u0131nda sekt\u00f6rde matbaalarla birebir temas\u0131m\u0131z\u0131 biraz daha artt\u0131r\u0131yoruz. \u00c7\u00fcnk\u00fc matbaalar servise ve kaliteye \u00f6nem veriyorlar. Bu y\u00f6nde de mevcut imk\u00e2nlar\u0131m\u0131z\u0131 kullanarak ikili ili\u015fkilerimizi geli\u015ftirmek ve bu y\u00f6nde de pozitif sonu\u00e7lar elde etmek istiyoruz.<br \/>\n<strong>Yenilikler, yeni \u00e7e\u015fitler var m\u0131?<\/strong><br \/>\nYeni \u00e7e\u015fitler, m\u00fcrekkepler oluyor ama matbaa m\u00fcrekkeplerinde \u00e7ok fazla inovasyon g\u00f6sterecek yer kalmad\u0131. M\u00fcrekkeplerin makinelerin h\u0131zlar\u0131na adapte olmas\u0131 y\u00f6n\u00fcnde \u00e7al\u0131\u015fmalar var. Saatte 20 bin tabakay\u0131 basabilen makinelere uyumlu m\u00fcrekkeplerimiz oldu. \u015eu anda en \u00f6nemli g\u00fcndem, m\u00fcrekkepleri Avrupa M\u00fcrekkep Birli\u011fi EuPIA\u2019n\u0131n en son d\u00fczenlemelerine uygun hale getirmek. \u00d6zellikle UV, H-UV, LED-UV m\u00fcrekkeplerde yeni yay\u0131nlanan reg\u00fclasyonlara uyumlu m\u00fcrekkepler elde edilmeye \u00e7al\u0131\u015f\u0131l\u0131yor. Giderek LED-UV ve H-UV portf\u00f6yleri geli\u015fiyor. Yurt d\u0131\u015f\u0131nda da bu tarz yat\u0131r\u0131mlar art\u0131yor. Bunun yan\u0131nda g\u0131da uyumlu, d\u00fc\u015f\u00fck migrasyon m\u00fcrekkepler, huber\u2019in ge\u00e7mi\u015fi 1996-97\u2019lere dayanan, 2000\u2019lerin ba\u015f\u0131nda ortaya att\u0131\u011f\u0131 bir konsept. Bu konuda daha y\u00fcksek hacimlerde rekabet\u00e7i, yenilik\u00e7i \u00fcr\u00fcnlerle s\u00fcrd\u00fcr\u00fclebilir, uzun vadeli i\u015fler yapmaya ba\u015flad\u0131k.<br \/>\n<strong>Bask\u0131 alt\u0131 malzemeleri de de\u011fi\u015fiyor; onlara uygun m\u00fcrekkepler de geli\u015ftiriliyor mu?<\/strong><br \/>\nAsl\u0131nda bir\u00e7ok malzemeye uyumlu universal bir seri olu\u015fturmaya \u00e7al\u0131\u015f\u0131yoruz. Bir\u00e7ok malzemeye uyumlu oluyor ama bazen y\u00fczde y\u00fcz uyum olmuyor. Geli\u015fen makine teknolojilerine ve bask\u0131 alt\u0131 malzemelerine uyumlu yeni seriler, yeni \u00fcr\u00fcnleri devaml\u0131 piyasaya s\u00fcrmeye \u00e7al\u0131\u015f\u0131yoruz.<br \/>\n<strong>Fuardaki g\u00f6r\u00fc\u015fmeleriniz hangi eksende ger\u00e7ekle\u015fiyor? Nas\u0131l sorular geliyor?<\/strong><br \/>\nYeni \u00fcr\u00fcnler var m\u0131, inovasyon var m\u0131 diye soruyorlar ve ister istemez ilk g\u00fcndem konumuz ekonomi oluyor. Piyasalardaki daralma, olu\u015fan vadeler ilk g\u00fcndem konumuz. Bunun yan\u0131nda herkes yenili\u011fe a\u00e7\u0131k. Daha performansl\u0131, daha yeni ne olabilir, ara\u015ft\u0131rma halinde. H\u00e2l\u00e2 \u00fclkemizde biraz geri planda kalmakla birlikte s\u00fcrd\u00fcr\u00fclebilirlik \u00f6nemsedi\u011fimiz bir konu. Bu, daha uzun y\u0131llar d\u00fcnyan\u0131n ya\u015fanabilir bir yer olmas\u0131 i\u00e7in \u00f6n planda tutmam\u0131z gereken bir s\u00fcre\u00e7. Burada hubergroup i\u00e7in \u00e7ok \u00f6nemli, g\u00fczel geli\u015fmeler var. \u00c7\u00fcnk\u00fc huber K. Avrupa\u2019da \u00e7ok ge\u00e7erli olan Bluelabel denilen bir ekolojik sertifikaya sahip. Bu alanda s\u00fcrekli yat\u0131r\u0131m yap\u0131yor ve t\u00fcm \u00fcr\u00fcnlerimiz s\u00fcrd\u00fcr\u00fclebilirlik esas\u0131na g\u00f6re geli\u015ftiriliyor. En son Carlsberg bira firmas\u0131yla \u00e7ok iyi bir anla\u015fma yap\u0131ld\u0131. Carlsberg s\u00fcrd\u00fcr\u00fclebilirlik konseptini devam ettirmek \u00fczere t\u00fcm \u00fcr\u00fcnlerinin ambalajlar\u0131nda hubergroup m\u00fcrekkeplerini kullanmaya ve t\u00fcm tedarik\u00e7ilerinde bunu \u00f6n plana \u00e7\u0131karmaya karar verdi. Eco Label veya Cradle to Cradle C2C sertifikas\u0131na sahip \u00fcr\u00fcnler \u00f6n plana \u00e7\u0131k\u0131yor. hubergroup bu konuda bir hayli ilerledi ama rakip firmalar da bu konuda ad\u0131mlar at\u0131yorlar.<br \/>\n<strong>Yani hubergroup b\u00fcy\u00fck markalar\u0131 yenilikleri hakk\u0131nda bilgilendirerek, bask\u0131 ve ambalaj tedarik\u00e7ilerinin onlara ula\u015fma yolunu k\u0131salt\u0131yor.<\/strong><br \/>\nKesinlikle \u00e7ok do\u011fru; hubergroup merkez olarak \u2018key account\u2019 olarak adland\u0131rd\u0131\u011f\u0131m\u0131z b\u00fcy\u00fck oyuncularla her zaman temas halindeyiz. Ama konsept onun bir t\u0131k \u00fcst\u00fcne atlamak \u00fczerine gitti. Direkt marka sahipleriyle, onlar\u0131n beklentilerini kar\u015f\u0131layacak, onlara \u00e7evresel rand\u0131man veya yenilik\u00e7i teknolojileri sunacak ak\u0131mlar ba\u015flad\u0131. Merkezimiz bu y\u00f6nde marka sahipleriyle ili\u015fkilerini her ge\u00e7en g\u00fcn ilerletiyor.<br \/>\n<strong>Fuarla ilgili de\u011ferlendirmeniz nedir?<\/strong><br \/>\nBu fuardan pozitif bir fayda ile \u00e7\u0131kaca\u011f\u0131m\u0131za inan\u0131yorum. Bizi seven dostlar\u0131m\u0131z ve m\u00fc\u015fterilerimiz ile bir araya geliyoruz. Onlar\u0131 bir arada g\u00f6rmek bizim i\u00e7in \u00e7ok b\u00fcy\u00fck bir avantaj oluyor. \u00d6zellikle yurt d\u0131\u015f\u0131ndan yeni m\u00fc\u015fteriler bekliyoruz.<br \/>\n<strong>Yurt d\u0131\u015f\u0131nda yetki alan\u0131n\u0131z belli mi?<\/strong><br \/>\nA\u00e7\u0131k\u00e7a tan\u0131mlanm\u0131\u015f de\u011fil ama hubergroup zay\u0131f oldu\u011fu \u00e7evre \u00fclkelerde bize bu imk\u00e2n\u0131 veriyor ve o \u00fclkelerde aktif olmam\u0131z\u0131 bekliyor.<\/p>\n","protected":false},"excerpt":{"rendered":"<p>\u201cKriz farkl\u0131 f\u0131rsatlar yaratacak. Daha \u00f6nce ihracata \u00e7ok fazla odaklanmazken, yeni ihracat pazarlar\u0131nda ne yapabilece\u011fimize konsantre olmaya \u00e7al\u0131\u015f\u0131yoruz. Bunun yan\u0131nda sekt\u00f6rde matbaalarla birebir temas\u0131m\u0131z\u0131 biraz daha artt\u0131r\u0131yoruz.\u201d hubergroup T\u00fcrkiye, Avrasya Ambalaj \u0130stanbul 2018 \u2013 24. Uluslararas\u0131 Ambalaj End\u00fcstrisi Fuar\u0131\u2019nda al\u0131\u015f\u0131lm\u0131\u015f stand\u0131nda ziyaret\u00e7ileri a\u011f\u0131rlad\u0131. Fuar\u0131n ilk g\u00fcn\u00fcnde, hubergroup T\u00fcrkiye Genel M\u00fcd\u00fcr\u00fc Fatih \u00d6zg\u00fcn sorular\u0131m\u0131z\u0131 yan\u0131tlad\u0131. Fuara [&hellip;]<\/p>\n","protected":false},"author":2,"featured_media":3947,"comment_status":"closed","ping_status":"open","sticky":false,"template":"","format":"standard","meta":[],"categories":[31,72,39,40,42],"tags":[],"_links":{"self":[{"href":"https:\/\/www.ambalajveetiket.com\/index.php\/wp-json\/wp\/v2\/posts\/2880"}],"collection":[{"href":"https:\/\/www.ambalajveetiket.com\/index.php\/wp-json\/wp\/v2\/posts"}],"about":[{"href":"https:\/\/www.ambalajveetiket.com\/index.php\/wp-json\/wp\/v2\/types\/post"}],"author":[{"embeddable":true,"href":"https:\/\/www.ambalajveetiket.com\/index.php\/wp-json\/wp\/v2\/users\/2"}],"replies":[{"embeddable":true,"href":"https:\/\/www.ambalajveetiket.com\/index.php\/wp-json\/wp\/v2\/comments?post=2880"}],"version-history":[{"count":1,"href":"https:\/\/www.ambalajveetiket.com\/index.php\/wp-json\/wp\/v2\/posts\/2880\/revisions"}],"predecessor-version":[{"id":3948,"href":"https:\/\/www.ambalajveetiket.com\/index.php\/wp-json\/wp\/v2\/posts\/2880\/revisions\/3948"}],"wp:featuredmedia":[{"embeddable":true,"href":"https:\/\/www.ambalajveetiket.com\/index.php\/wp-json\/wp\/v2\/media\/3947"}],"wp:attachment":[{"href":"https:\/\/www.ambalajveetiket.com\/index.php\/wp-json\/wp\/v2\/media?parent=2880"}],"wp:term":[{"taxonomy":"category","embeddable":true,"href":"https:\/\/www.ambalajveetiket.com\/index.php\/wp-json\/wp\/v2\/categories?post=2880"},{"taxonomy":"post_tag","embeddable":true,"href":"https:\/\/www.ambalajveetiket.com\/index.php\/wp-json\/wp\/v2\/tags?post=2880"}],"curies":[{"name":"wp","href":"https:\/\/api.w.org\/{rel}","templated":true}]}}