{"id":2936,"date":"2018-12-15T13:29:43","date_gmt":"2018-12-15T10:29:43","guid":{"rendered":"http:\/\/www.ambalajveetiket.com\/?p=2936"},"modified":"2021-03-25T23:14:05","modified_gmt":"2021-03-25T20:14:05","slug":"cukurova-kagit-ambalaj-grubu-avrasya-ambalaj-2018den-memnun","status":"publish","type":"post","link":"https:\/\/www.ambalajveetiket.com\/index.php\/2018\/12\/15\/cukurova-kagit-ambalaj-grubu-avrasya-ambalaj-2018den-memnun\/","title":{"rendered":"\u00c7ukurova Ka\u011f\u0131t Ambalaj Grubu Avrasya Ambalaj 2018\u2019den memnun"},"content":{"rendered":"<p>\u00c7ukurova Ka\u011f\u0131t ve Ambalaj Grubu Sat\u0131\u015f Direkt\u00f6r\u00fc Bora Kuru, gelecek y\u0131l Prigo Dijital Bask\u0131 Merkezi\u2019nin farkl\u0131 illerde yeni i\u015fletmelerini a\u00e7abileceklerini belirtiyor.<br \/>\n\u00c7ukurova Grubu ge\u00e7en y\u0131lki stand\u0131nda Avrasya Ambalaj \u0130stanbul 2018 Fuar\u0131\u2019na kat\u0131ld\u0131. \u00c7ukurova Holding b\u00fcnyesinde ambalaj sekt\u00f6r\u00fcnde be\u015f \u015firket var. Biri at\u0131k ka\u011f\u0131tlar\u0131 toplayan Atkasan adl\u0131 \u015firket; Manisa ve \u0130zmir\u2019de tesisleri var. Bir di\u011fer \u015firket, Selkasan, geri d\u00f6n\u00fc\u015f\u00fcml\u00fc (recyle) ka\u011f\u0131t \u00fcretiyor. Amerikan ka\u011f\u0131tlar\u0131na konan vergiler art\u0131nca global \u00f6l\u00e7ekte ka\u011f\u0131t s\u0131k\u0131nt\u0131s\u0131ndan dolay\u0131 Selkasan bunu de\u011ferlendirmi\u015f ve iki sene \u00f6nce alternatif olarak sel\u00fcloz katk\u0131l\u0131 kraft ka\u011f\u0131t \u00fcretimine de ba\u015flam\u0131\u015f.<br \/>\nHolding b\u00fcnyesinde \u00fc\u00e7 adet oluklu fabrikas\u0131 var. En eski fabrika, \u0130zmir\u2019de Kaplamin Ambalaj. Yalova, Karam\u00fcrsel\u2019de Yalova Ambalaj isimli oluklu fabrikas\u0131; Mersin, Tarsus\u2019ta Ova Oluklu adl\u0131 fabrikas\u0131 var. Atkasan piyasadan at\u0131k, hurda k\u00e2\u011f\u0131tlar\u0131 topluyor ve Selkasan\u2019a sat\u0131yor. Selkasan bunlar\u0131 k\u00e2\u011f\u0131da d\u00f6n\u00fc\u015ft\u00fcrerek \u00fc\u00e7 oluklu fabrikas\u0131n\u0131n recyle art\u0131 kraft k\u00e2\u011f\u0131t ihtiyac\u0131n\u0131 kar\u015f\u0131l\u0131yor. \u00dcretiminin fazlas\u0131n\u0131 da yurt i\u00e7i ve ihracat olmak \u00fczere piyasaya sat\u0131yor.<br \/>\n<img loading=\"lazy\" class=\" wp-image-2938 alignleft\" src=\"http:\/\/www.ambalajveetiket.com\/wp-content\/uploads\/2019\/01\/AvrasyaAmbalaj_Prigo_Bora_Kuru__DSC0841-100x150.jpg\" alt=\"\" width=\"233\" height=\"350\" \/>Fuarda \u00c7ukurova Ka\u011f\u0131t ve Ambalaj Grubu Sat\u0131\u015f Direkt\u00f6r\u00fc Bora Kuru ile T\u00fcrkiye\u2019de oluklu ambalajda ilk dijital tesis olarak kurulan Prigo Dijital Bask\u0131 Merkezi\u2019ni konu\u015ftuk.<br \/>\n<strong>Hangi sekt\u00f6rler, hangi i\u015fler i\u00e7in size geliyorlar? Dijital \u00fcretimle ilgili bilgilenince stoklar\u0131nda d\u00fczenlemeye gittiler mi?<\/strong><br \/>\nElektronik sekt\u00f6r\u00fc, beyaz e\u015fya sekt\u00f6r\u00fc, mobilya sekt\u00f6r\u00fc, stant taraf\u0131nda g\u0131da sekt\u00f6r\u00fc geliyor. Adetleri 500 ve 1000, 1500 gibi baz\u0131 i\u015fleri fleksoda \u00fcrettirebiliyorlar. Ama 150, 170 gibi \u00f6zel i\u015fler de geliyor. Bunu fleksoda \u00fcretmesinin maliyeti dijital ile hemen hemen ayn\u0131 d\u00fczeye geliyor. Seksen kutu istendi\u011finde belli ebatlarda levha stoklar\u0131m\u0131z var; grafi\u011fi al\u0131yoruz, plotter ile kesip, dikip sevkiyat\u0131n\u0131 yapabiliyoruz. Bir adetten 1000 adede kadar \u00fcretim yapabiliyoruz. Kli\u015fe ve kal\u0131p yok. M\u00fc\u015fteri PDF grafi\u011fini at\u0131yor; makine 45 saniyede levhay\u0131 bas\u0131yor. Bir dakikada kesiyoruz. Sipari\u015f geldikten be\u015f dakika sonra bir adet \u00fcr\u00fcn haz\u0131r. Bu bize bir avantaj sa\u011flad\u0131. Az adetli i\u015fleri olan m\u00fc\u015fteri gruplar\u0131n\u0131 toplad\u0131k, personeli geli\u015ftirdik. B\u00fcnyede iki tasar\u0131mc\u0131, iki grafiker, iki sat\u0131\u015f eleman\u0131 bu i\u015fleri ayr\u0131 bir binada takip ediyorlar. Adedine g\u00f6re g\u00fcn i\u00e7inde teslim etti\u011fimiz i\u015fler var. www.prigobaski.com ad\u0131yla web sitemizi de a\u00e7t\u0131k. Buradan da talepler oluyor. PDF\u2019ini m\u00fc\u015fterinin internetten g\u00f6nderdi\u011fi ve \u00fcretti\u011fimiz i\u015fler var. Mail adresleriyle bu siteyi tan\u0131tan arkada\u015flar\u0131m\u0131z var. Bu i\u015fletmeyi \u00e7o\u011faltmay\u0131 d\u00fc\u015f\u00fcn\u00fcyoruz. \u00c7\u00fcnk\u00fc bunlar her yerde kurulabilen butik, direkt m\u00fc\u015fteri memnuniyetini y\u00fckseltmek amac\u0131yla kurulmu\u015f i\u015fletmeler ve 10 \u2013 12 ki\u015fiyle \u00e7al\u0131\u015f\u0131yor. \u0130zmir\u2019de kurduk ve \u015fimdi Prigo \u0130zmir diye nitelendiriyoruz. Bir sonrakini Prigo Ankara yapabiliriz. Prigo \u00c7orlu, Prigo Gaziantep ve Prigo \u0130stanbul gibi bunlar \u00e7e\u015fitlendirilebilir.<br \/>\n<strong>\u00c7ok iyi teknolojilerle ba\u015flad\u0131n\u0131z&#8230;<\/strong><br \/>\nBiz makine tercihinde Fujifilm\u2019den \u00e7ok memnunuz. Hem h\u0131zl\u0131 hem de bask\u0131 kalitesi \u00e7ok iyi. Servise de Fujifilm\u2019den hemen yan\u0131t verebiliyorlar.<br \/>\n<strong>Yeni i\u015fletmeler i\u00e7in bir takviminiz var m\u0131?<\/strong><br \/>\nPiyasa konjonkt\u00fcr\u00fc \u00f6nemli. \u0130ki aya kadar ciddi \u015fekilde bir yat\u0131r\u0131m d\u00fc\u015f\u00fcn\u00fcyorduk. Ama son olaylar nedeniyle beklemeye ald\u0131k. Vazge\u00e7medik; \u00e7\u00fcnk\u00fc kriz bazen f\u0131rsat olabiliyor. \u00c7\u00fcnk\u00fc butik i\u015fletmeler az adetli \u00fcretime yo\u011funla\u015ft\u0131klar\u0131 i\u00e7in zaten piyasada da \u00fcretim azald\u0131\u011f\u0131 i\u00e7in insanlar ihtiya\u00e7lar\u0131 kadar kutu almak istiyorlar. Bu tam ihtiyac\u0131 kar\u015f\u0131layacak \u00e7\u00f6z\u00fcm. Birka\u00e7 makine ara\u015ft\u0131rmam\u0131z var. Yeni teknolojiler, su bazl\u0131 makineler var. Onlar\u0131 ara\u015ft\u0131r\u0131yoruz. Makinelerin \u00e7ok h\u0131zl\u0131 olmas\u0131 rekabet g\u00fcc\u00fcm\u00fcz\u00fc artt\u0131rm\u0131yor. \u00c7\u00fcnk\u00fc adet artt\u0131\u011f\u0131nda bir noktada ofsetle ayn\u0131 maliyete geliyor. Onun i\u00e7in \u00e7ok y\u00fcksek adetli olmas\u0131 bizim i\u00e7in iyi bir \u015fey de\u011fil. Daha butik, 11 adet, 33 adet, 47 adet gibi kutu talepleri bizim i\u00e7in daha iyi.<br \/>\nSadece kutu de\u011fil, 4 \u2013 5 firmaya stant yap\u0131yoruz ve bunu da artt\u0131rmak istiyoruz. Birka\u00e7 ba\u011flant\u0131m\u0131z var, bunlar artarsa ikinci, \u00fc\u00e7\u00fcnc\u00fc makineyi hemen devreye alabiliriz. Bunun ihracat aya\u011f\u0131 var. Fransa\u2019da bu stantlar daha \u00e7ok kullan\u0131l\u0131yor, orada arkada\u015flar\u0131n ba\u011flant\u0131lar\u0131 var. Orta Do\u011fu\u2019da da ba\u011flant\u0131lar var. Yeni pazarlar bulabiliriz.<br \/>\n<strong>Stant nakliyede \u2018havaleli\u2019 tabir edilen bir \u00fcr\u00fcn. Bu dezavantaj olu\u015fturmuyor mu?<\/strong><br \/>\nStant miktarlar\u0131 \u00e7ok y\u00fcksek adetli de\u011fil; 300, 500, 600 gibi&#8230; Konteyner\u2019a ba\u015fka \u00fcr\u00fcnleri koyuyor, aralara, arkas\u0131na paketlenmi\u015f \u015fekilde 300 &#8211; 400 stant koyabiliyorlar. Bu durumda ihracatta avantajl\u0131 oluyor. Stantlar\u0131n kolay kurulabilir olmas\u0131 gerekiyor. Tasar\u0131mc\u0131 arkada\u015flar tek par\u00e7a, a\u00e7\u0131ld\u0131\u011f\u0131nda stant olan, plastik ayakl\u0131, suyla temas etmeyecek y\u00fckseklik yarat\u0131labilecek tasar\u0131mlar i\u00e7in \u00e7al\u0131\u015f\u0131yorlar.<br \/>\nGelecek her \u015feyde dijital teknoloji diyoruz. Bask\u0131 teknolojileri, sistemler, MIS sistemleri, i\u015fletmelerin bunlar\u0131n hepsini konfig\u00fcre edip t\u00fcm par\u00e7alar\u0131yla kullanmalar\u0131 gerekiyor. \u00c7\u00fcnk\u00fc i\u015f g\u00fcc\u00fc niteli\u011fi \u00e7ok d\u00fc\u015f\u00fck. Bundan hepimiz \u015fikayet\u00e7iyiz. Personel say\u0131s\u0131n\u0131 d\u00fc\u015f\u00fcr\u00fcp, kalanlar\u0131n \u00e7ok yetkin, tam donan\u0131ml\u0131 olmalar\u0131n\u0131 sa\u011flamam\u0131z gerekiyor. M\u00fc\u015fteriyi dinleyebilecek, ne bekledi\u011fini \u00e7ok iyi anlayabilecek ve istedi\u011fini ona sunabilecek personel laz\u0131m ve bulmak \u00e7ok zor. Sekt\u00f6rde personel yeti\u015fmiyor. Bunun nedeni e\u011fitim ve y\u00f6netim politikalar\u0131 olabilir. \u00c7al\u0131\u015fanlara \u015firketin politikalar\u0131n\u0131 \u00e7ok iyi anlatmam\u0131z laz\u0131m. \u015eirket temsili sadece kotay\u0131 dolduracak sipari\u015f almak de\u011fil. Mevcut kadromuzda s\u0131k\u0131nt\u0131 yok ama geli\u015ftirme, yeni i\u015fletmelere personel yeti\u015ftirme konusunda zorlan\u0131yoruz.<br \/>\n<strong>Fuar nas\u0131l ge\u00e7ti?<\/strong><br \/>\nBeklentimizi kar\u015f\u0131lad\u0131. Hem grup olarak burada oldu\u011fumuzu g\u00f6stermek hem mevcut m\u00fc\u015fterilerimizi konuk etmek, bir de yabanc\u0131 m\u00fc\u015fteri bulmak i\u00e7in fuara kat\u0131l\u0131yoruz. Stand\u0131m\u0131za gelen ziyaret\u00e7ilerin % 70\u2019i yabanc\u0131 ve bu bizi mutlu etti. \u0130yi ba\u011flant\u0131lar var, y\u00fcz y\u00fcze konu\u015fmak mail ile mesajla\u015fmaktan \u00e7ok daha iyi. Yurt i\u00e7indeki m\u00fc\u015fterilerimizle de ba\u011flant\u0131lar\u0131m\u0131z\u0131 kuvvetlendirmi\u015f oluyoruz. Fuara ayn\u0131 yerde \u00fc\u00e7 d\u00f6rt senedir kat\u0131l\u0131yoruz. Daha \u00f6nce aral\u0131kl\u0131 olarak ba\u015fka stantlarda kat\u0131l\u0131yorduk. Seneye de ayn\u0131 yerde olaca\u011f\u0131z.<br \/>\n<strong>Yurt d\u0131\u015f\u0131nda fuara kat\u0131l\u0131yor musunuz?<\/strong><br \/>\nYurt d\u0131\u015f\u0131nda Amerika\u2019da, \u0130ngiltere\u2019de, \u0130ran\u2019da ve Almanya\u2019da ambalaj fuarlar\u0131na kat\u0131ld\u0131k. Irak\u2019ta Erbil\u2019de de fuara kat\u0131laca\u011f\u0131z. Avrupa\u2019daki ve ABD\u2019deki fuarlar pizza kutusu a\u011f\u0131rl\u0131kl\u0131 oradaki konumumuzu kuvvetlendirmek i\u00e7in kat\u0131l\u0131yoruz. \u0130ran\u2019da otomotiv sekt\u00f6r\u00fcne y\u00f6nelik tripleks ambalajlar i\u00e7in kat\u0131l\u0131yoruz. Oluklu sekt\u00f6r\u00fcnde dijitali kullanan sadece Prigo. Ama ilerde mutlaka ba\u015fka firmalar da olacakt\u0131r. M\u00fc\u015fteri bunu talep edecek. Umutluyuz.<\/p>\n","protected":false},"excerpt":{"rendered":"<p>\u00c7ukurova Ka\u011f\u0131t ve Ambalaj Grubu Sat\u0131\u015f Direkt\u00f6r\u00fc Bora Kuru, gelecek y\u0131l Prigo Dijital Bask\u0131 Merkezi\u2019nin farkl\u0131 illerde yeni i\u015fletmelerini a\u00e7abileceklerini belirtiyor. \u00c7ukurova Grubu ge\u00e7en y\u0131lki stand\u0131nda Avrasya Ambalaj \u0130stanbul 2018 Fuar\u0131\u2019na kat\u0131ld\u0131. \u00c7ukurova Holding b\u00fcnyesinde ambalaj sekt\u00f6r\u00fcnde be\u015f \u015firket var. Biri at\u0131k ka\u011f\u0131tlar\u0131 toplayan Atkasan adl\u0131 \u015firket; Manisa ve \u0130zmir\u2019de tesisleri var. Bir di\u011fer \u015firket, [&hellip;]<\/p>\n","protected":false},"author":2,"featured_media":2937,"comment_status":"closed","ping_status":"open","sticky":false,"template":"","format":"standard","meta":[],"categories":[31,72,168,169,42],"tags":[],"_links":{"self":[{"href":"https:\/\/www.ambalajveetiket.com\/index.php\/wp-json\/wp\/v2\/posts\/2936"}],"collection":[{"href":"https:\/\/www.ambalajveetiket.com\/index.php\/wp-json\/wp\/v2\/posts"}],"about":[{"href":"https:\/\/www.ambalajveetiket.com\/index.php\/wp-json\/wp\/v2\/types\/post"}],"author":[{"embeddable":true,"href":"https:\/\/www.ambalajveetiket.com\/index.php\/wp-json\/wp\/v2\/users\/2"}],"replies":[{"embeddable":true,"href":"https:\/\/www.ambalajveetiket.com\/index.php\/wp-json\/wp\/v2\/comments?post=2936"}],"version-history":[{"count":1,"href":"https:\/\/www.ambalajveetiket.com\/index.php\/wp-json\/wp\/v2\/posts\/2936\/revisions"}],"predecessor-version":[{"id":4043,"href":"https:\/\/www.ambalajveetiket.com\/index.php\/wp-json\/wp\/v2\/posts\/2936\/revisions\/4043"}],"wp:featuredmedia":[{"embeddable":true,"href":"https:\/\/www.ambalajveetiket.com\/index.php\/wp-json\/wp\/v2\/media\/2937"}],"wp:attachment":[{"href":"https:\/\/www.ambalajveetiket.com\/index.php\/wp-json\/wp\/v2\/media?parent=2936"}],"wp:term":[{"taxonomy":"category","embeddable":true,"href":"https:\/\/www.ambalajveetiket.com\/index.php\/wp-json\/wp\/v2\/categories?post=2936"},{"taxonomy":"post_tag","embeddable":true,"href":"https:\/\/www.ambalajveetiket.com\/index.php\/wp-json\/wp\/v2\/tags?post=2936"}],"curies":[{"name":"wp","href":"https:\/\/api.w.org\/{rel}","templated":true}]}}