{"id":2940,"date":"2018-12-15T13:44:05","date_gmt":"2018-12-15T10:44:05","guid":{"rendered":"http:\/\/www.ambalajveetiket.com\/?p=2940"},"modified":"2021-03-25T23:14:00","modified_gmt":"2021-03-25T20:14:00","slug":"nokta-lazer-kesim-kaliplarinda-en-son-cozumlerini-tanitti","status":"publish","type":"post","link":"https:\/\/www.ambalajveetiket.com\/index.php\/2018\/12\/15\/nokta-lazer-kesim-kaliplarinda-en-son-cozumlerini-tanitti\/","title":{"rendered":"Nokta Lazer kesim kal\u0131plar\u0131nda en son \u00e7\u00f6z\u00fcmlerini tan\u0131tt\u0131"},"content":{"rendered":"<p>Firma \u00f6zellikle rotary kesim kal\u0131plar\u0131nda %90 oran\u0131nda ay\u0131klama imk\u00e2n\u0131 sa\u011flayan \u00e7\u00f6z\u00fcmlerini \u00f6ne \u00e7\u0131kard\u0131.<br \/>\nNokta Lazer End\u00fcstriyel Kal\u0131p San. ve Tic. Ltd. \u015eti. matbaa kesim kal\u0131plar\u0131, plastik kesim kal\u0131plar\u0131 ve ambalaj kesim kal\u0131plar\u0131 tedarik ediyor. Avrasya Ambalaj \u0130stanbul 2018 \u2013 24. Uluslararas\u0131 Ambalaj End\u00fcstrisi Fuar\u0131\u2019na kat\u0131lan firma, fuarda ihracat\u0131n\u0131 ve i\u00e7 pazardaki konumunu g\u00fc\u00e7lendirmeyi hedefledi.<br \/>\nNokta Lazer \u0130\u015fletme M\u00fcd\u00fcr\u00fc Burak \u0130lkin\u00f6n\u00fc fuarda sorular\u0131m\u0131z\u0131 yan\u0131tlad\u0131.<br \/>\n<strong>Ambalaj ve etiket kesim kal\u0131plar\u0131 ihtiyac\u0131 art\u0131yor mu, e\u011filim ne y\u00f6nde?<\/strong><br \/>\nAmbalaj sekt\u00f6r\u00fc T\u00fcrkiye\u2019de ve d\u00fcnyada s\u00fcrekli b\u00fcy\u00fcyor. Buna paralel olarak kesim kal\u0131plar\u0131na olan ihtiya\u00e7 da art\u0131yor. Dolay\u0131s\u0131yla tedarik\u00e7i say\u0131s\u0131 da bununla beraber \u00e7o\u011fal\u0131yor ama gerekli know-how ve teknolojik altyap\u0131y\u0131 bar\u0131nd\u0131ran firma say\u0131s\u0131 bir elin parmaklar\u0131n\u0131 ge\u00e7meyecek seviyede desem yeridir. G\u00fcn ge\u00e7tik\u00e7e daha \u00e7ok m\u00fc\u015fteriye daha kaliteli olarak hizmet vermeye \u00e7al\u0131\u015f\u0131yoruz. Daha kaliteli bir ticaret a\u011f\u0131 olu\u015fturmak ad\u0131na payda\u015flar\u0131m\u0131z ad\u0131na ve kendi ad\u0131m\u0131za elimizden geleni yap\u0131yoruz. \u00c7al\u0131\u015fmalar\u0131m\u0131z hep bu y\u00f6nde.<br \/>\n<strong>Teknolojiyle ilgili en son yat\u0131r\u0131m\u0131n\u0131z ne oldu?<\/strong><br \/>\nEn son oluklu kutu kesimi i\u00e7in rotary kesim kal\u0131plar\u0131 \u00fcretimi i\u00e7in bir geli\u015fme s\u00f6z konusu oldu. Rotary kesim kal\u0131plar\u0131yla ilgili ay\u0131klama T\u00fcrkiye\u2019de sadece \u00fc\u00e7 firma b\u00fcnyesinde bar\u0131nd\u0131r\u0131lan bir teknoloji. Kesim esnas\u0131nda %90 oran\u0131nda ay\u0131klama imk\u00e2n\u0131 sunuyor. Ayr\u0131ca end\u00fcstriyel karton kesim kal\u0131plar\u0131 ile alakal\u0131 olarak sigara, sak\u0131z kutular\u0131 vb. i\u00e7in ay\u0131klama kal\u0131plar\u0131yla ilgili olarak \u015fu an i\u00e7in \u00d6zkarde\u015fler A.\u015e., \u00d6zkarde\u015fler Ltd. ve Nokta Lazer Ltd. d\u0131\u015f\u0131nda hizmet verebilen firma yok. Teknoloji, sekt\u00f6r i\u00e7in de bizim i\u00e7in de \u00e7ok \u00f6nemli. Elimizden geldi\u011fince faaliyet alanlar\u0131m\u0131z hakk\u0131nda Ar-Ge yat\u0131r\u0131mlar\u0131m\u0131z\u0131 s\u00fcrd\u00fcrmeye yapmaya \u00f6zen g\u00f6steriyoruz.<br \/>\n<strong>Ka\u00e7 ki\u015filik bir kadro ile hizmet veriyorsunuz?<\/strong><br \/>\nMevcut piyasa ko\u015fullar\u0131 nedeniyle 25 ki\u015filik kadromuzu kademeli olarak 18\u2019e d\u00fc\u015f\u00fcrd\u00fck. Yurt d\u0131\u015f\u0131 ile ilgili \u00e7al\u0131\u015fmalar\u0131m\u0131z var. O alanda birka\u00e7 istihdam s\u00f6z konusu olabilir. Bir de yak\u0131n gelecekte bir ta\u015f\u0131nma durumumuz var. Bulundu\u011fumuz yere s\u0131\u011fam\u0131yoruz ve i\u015fletmemizin hacmi bunu kald\u0131rm\u0131yor. Ondan sonra personel istihdam\u0131yla ilgili tekrar art\u0131\u015f olacakt\u0131r.<br \/>\n<strong>Fuarda ziyaret\u00e7i ilgisini nas\u0131l yorumluyorsunuz? Ziyaret\u00e7iler hangi konularda sorular y\u00f6neltiyorlar?<\/strong><br \/>\nBu fuarda ge\u00e7en sene de kesim kal\u0131plar\u0131nda tek kat\u0131l\u0131mc\u0131yd\u0131k. Ge\u00e7en seneye k\u0131yasla yerli ziyaret\u00e7i daha fazla. Ge\u00e7en y\u0131l Balkan \u00fclkelerinden \u00e7ok say\u0131da ziyaret\u00e7i gelmi\u015fti; bu sene hi\u00e7 yok denecek kadar az say\u0131dalar. San\u0131r\u0131m onlar\u0131n bilgilendirilmeleriyle ilgili bir aksakl\u0131k oldu ya da piyasa ko\u015fullar\u0131 gere\u011fi b\u00f6yle oldu. Bunun d\u0131\u015f\u0131nda, yerli ziyaret\u00e7iler b\u00fcy\u00fck ilgi g\u00f6steriyorlar. \u0130lk iki g\u00fcn b\u00f6yle ge\u00e7ti diyebilrim.<br \/>\n<strong>Teknik y\u00f6nden vurgulamak istedi\u011finiz avantajlar\u0131n\u0131z hakk\u0131nda ne s\u00f6yleyebilirsiniz?<\/strong><br \/>\nBirincisi makine park\u0131m\u0131z. \u0130\u015fimiz gere\u011fi hassas makineler kullanmam\u0131z gerekiyor \u00e7\u00fcnk\u00fc milimetrelerle de\u011fil, mikronlarla i\u015f yap\u0131yoruz. S\u00f6z konusu alanda, d\u00fcnyada \u00f6nc\u00fc teknolojiye sahip olan Alman makinelerini kullan\u0131yoruz. Bu sayede hata oran\u0131m\u0131z\u0131 minimize ediyoruz. B\u00f6ylelikle rekabette oldu\u011fumuz di\u011fer firmalardan, bizi \u00f6n plana \u00e7\u0131karan en b\u00fcy\u00fck avantajlar\u0131m\u0131zdan birini olu\u015fturuyoruz. Di\u011fer b\u00fcy\u00fck bir avantaj\u0131m\u0131z da alanlar\u0131nda tecr\u00fcbeli ve yetkin personel.<\/p>\n","protected":false},"excerpt":{"rendered":"<p>Firma \u00f6zellikle rotary kesim kal\u0131plar\u0131nda %90 oran\u0131nda ay\u0131klama imk\u00e2n\u0131 sa\u011flayan \u00e7\u00f6z\u00fcmlerini \u00f6ne \u00e7\u0131kard\u0131. Nokta Lazer End\u00fcstriyel Kal\u0131p San. ve Tic. Ltd. \u015eti. matbaa kesim kal\u0131plar\u0131, plastik kesim kal\u0131plar\u0131 ve ambalaj kesim kal\u0131plar\u0131 tedarik ediyor. Avrasya Ambalaj \u0130stanbul 2018 \u2013 24. Uluslararas\u0131 Ambalaj End\u00fcstrisi Fuar\u0131\u2019na kat\u0131lan firma, fuarda ihracat\u0131n\u0131 ve i\u00e7 pazardaki konumunu g\u00fc\u00e7lendirmeyi hedefledi. Nokta [&hellip;]<\/p>\n","protected":false},"author":2,"featured_media":2941,"comment_status":"closed","ping_status":"open","sticky":false,"template":"","format":"standard","meta":[],"categories":[31,72,39,42],"tags":[],"_links":{"self":[{"href":"https:\/\/www.ambalajveetiket.com\/index.php\/wp-json\/wp\/v2\/posts\/2940"}],"collection":[{"href":"https:\/\/www.ambalajveetiket.com\/index.php\/wp-json\/wp\/v2\/posts"}],"about":[{"href":"https:\/\/www.ambalajveetiket.com\/index.php\/wp-json\/wp\/v2\/types\/post"}],"author":[{"embeddable":true,"href":"https:\/\/www.ambalajveetiket.com\/index.php\/wp-json\/wp\/v2\/users\/2"}],"replies":[{"embeddable":true,"href":"https:\/\/www.ambalajveetiket.com\/index.php\/wp-json\/wp\/v2\/comments?post=2940"}],"version-history":[{"count":1,"href":"https:\/\/www.ambalajveetiket.com\/index.php\/wp-json\/wp\/v2\/posts\/2940\/revisions"}],"predecessor-version":[{"id":4042,"href":"https:\/\/www.ambalajveetiket.com\/index.php\/wp-json\/wp\/v2\/posts\/2940\/revisions\/4042"}],"wp:featuredmedia":[{"embeddable":true,"href":"https:\/\/www.ambalajveetiket.com\/index.php\/wp-json\/wp\/v2\/media\/2941"}],"wp:attachment":[{"href":"https:\/\/www.ambalajveetiket.com\/index.php\/wp-json\/wp\/v2\/media?parent=2940"}],"wp:term":[{"taxonomy":"category","embeddable":true,"href":"https:\/\/www.ambalajveetiket.com\/index.php\/wp-json\/wp\/v2\/categories?post=2940"},{"taxonomy":"post_tag","embeddable":true,"href":"https:\/\/www.ambalajveetiket.com\/index.php\/wp-json\/wp\/v2\/tags?post=2940"}],"curies":[{"name":"wp","href":"https:\/\/api.w.org\/{rel}","templated":true}]}}