{"id":2972,"date":"2018-12-15T15:44:51","date_gmt":"2018-12-15T12:44:51","guid":{"rendered":"http:\/\/www.ambalajveetiket.com\/?p=2972"},"modified":"2021-03-25T23:13:19","modified_gmt":"2021-03-25T20:13:19","slug":"yilda-5-milyar-lirayi-topraga-gomuyoruz","status":"publish","type":"post","link":"https:\/\/www.ambalajveetiket.com\/index.php\/2018\/12\/15\/yilda-5-milyar-lirayi-topraga-gomuyoruz\/","title":{"rendered":"Y\u0131lda 5 milyar liray\u0131 topra\u011fa g\u00f6m\u00fcyoruz!"},"content":{"rendered":"<h5>Ambalaj at\u0131klar\u0131n\u0131n kayna\u011f\u0131nda ayr\u0131 toplanmamas\u0131 y\u0131lda milyarlarca liran\u0131n \u00e7\u00f6pe at\u0131lmas\u0131na neden oluyor. \u00dclkemizde y\u0131ll\u0131k 6 milyon ton ambalaj at\u0131\u011f\u0131n\u0131n sadece 2 milyon tonu kayna\u011f\u0131nda ayr\u0131\u015ft\u0131r\u0131l\u0131rken, geri d\u00f6n\u00fc\u015f\u00fcme kazand\u0131r\u0131lamayan at\u0131klar y\u00fcz\u00fcnden ise y\u0131lda 5 milyar liray\u0131 topra\u011fa g\u00f6m\u00fcyoruz.<\/h5>\n<p>(\u0130stanbul) Ambalaj at\u0131klar\u0131n\u0131n kayna\u011f\u0131nda ayr\u0131 toplanmamas\u0131 bir taraftan \u00e7evre kirlili\u011fini art\u0131r\u0131rken, bir taraftan da ekonomik israfa yol a\u00e7\u0131yor. \u0130SO ve OM\u00dcD i\u015fbirli\u011fiyle d\u00fczenlenen \u2018Ka\u011f\u0131t Ambalaj \u00c7\u00f6z\u00fcmleri Semineri\u2019nde, T\u00fcrkiye\u2019de y\u0131ll\u0131k 6 milyon ton ambalaj at\u0131\u011f\u0131n\u0131n sadece 2 milyon tonunun kayna\u011f\u0131nda ayr\u0131\u015ft\u0131r\u0131ld\u0131\u011f\u0131, kayna\u011f\u0131nda ayr\u0131 toplanmayan ve topra\u011fa g\u00f6m\u00fclen at\u0131klar\u0131n\u0131n ise T\u00fcrkiye ekonomisine y\u0131lda 5 milyar liral\u0131k bir kayba neden oldu\u011funa dikkat \u00e7ekildi.<br \/>\n\u0130stanbul Sanayi Odas\u0131 (\u0130SO) 26. Grup Ka\u011f\u0131t, Ka\u011f\u0131t \u00dcr\u00fcnleri Sanayii Meslek Komitesi ve Oluklu Mukavva Sanayicileri Derne\u011fi (OM\u00dcD) i\u015fbirli\u011fiyle d\u00fczenlenen \u2018Ka\u011f\u0131t Ambalaj \u00c7\u00f6z\u00fcmleri Semineri\u2019 25 Ekim 2018 tarihinde \u0130stanbul Sanayi Odas\u0131\u2019nda ger\u00e7ekle\u015fti.<br \/>\nA\u00e7\u0131l\u0131\u015f konu\u015fmas\u0131n\u0131 Oluklu Mukavva Sanayicileri Derne\u011fi (OM\u00dcD) ve \u0130SO Ka\u011f\u0131t ve Ka\u011f\u0131t \u00dcr\u00fcnleri Sanayii Meslek Komitesi Ba\u015fkan\u0131 Mehmet Nuri G\u00f6reno\u011flu\u2019nun yapt\u0131\u011f\u0131 seminerde, Karton Ambalaj Sanayicileri Derne\u011fi Y\u00f6netim Kurulu Ba\u015fkan\u0131 Ali Can Duran, \u00c7ukurova Ka\u011f\u0131t ve Ambalaj Grubu Genel M\u00fcd\u00fcr\u00fc \u0130sa Do\u011fanl\u0131, D\u00f6nkasan Genel M\u00fcd\u00fcr\u00fc Murat Kayhan Ural ve \u0130BB G\u0131da Tar\u0131m ve Hayvanc\u0131l\u0131k Daire Ba\u015fkan\u0131 Bayram Ali \u00c7ak\u0131ro\u011flu sekt\u00f6r\u00fcn sorunlar\u0131n\u0131 ele alarak \u00e7\u00f6z\u00fcm beklentilerini dile getirdi.<br \/>\nSeminerin a\u00e7\u0131l\u0131\u015f\u0131nda konu\u015fan OM\u00dcD Ba\u015fkan\u0131 Mehmet Nuri G\u00f6reno\u011flu, \u201cDijital ortama ge\u00e7ilmesiyle, ka\u011f\u0131t \u00f6nemini yitiriyor gibi g\u00f6r\u00fcnmekle birlikte ambalaj malzemesi olarak \u00f6nemini korumaya devam ediyor. S\u00fcrd\u00fcr\u00fclebilir, do\u011fayla dost bir malzeme olmas\u0131 nedeniyle de di\u011fer alternatif ambalaj malzemelerine g\u00f6re uzun y\u0131llar kullan\u0131lmaya devam edece\u011fi \u00f6ng\u00f6r\u00fcl\u00fcyor. \u00d6zellikle son t\u00fcketicide \u00e7evreye olan duyarl\u0131l\u0131\u011f\u0131n artmas\u0131 ile ka\u011f\u0131t, y\u0131llarca \u00f6nemini s\u00fcrd\u00fcrecek\u201ddiyor.<\/p>\n<p><strong>\u2018Ka\u011f\u0131t at\u0131klar \u00e7\u00f6p de\u011fildir, sanayinin ham maddesidir\u2019<\/strong><br \/>\nKa\u011f\u0131t sanayiinde 2010-2017 aras\u0131nda \u00fcretimin y\u00fczde 101,9 artt\u0131\u011f\u0131na de\u011finen G\u00f6reno\u011flu, \u015funlar\u0131 s\u00f6yl\u00fcyor: \u201cKa\u011f\u0131t sanayinde en y\u00fcksek katma de\u011feri ise y\u00fczde 40,5 ile oluklu ka\u011f\u0131t ve karton ile mamulleri alt sekt\u00f6r\u00fc yarat\u0131yor. En y\u00fcksek t\u00fcketim y\u00fczde 44 ile oluklu mukavva \u00fcr\u00fcnlerinde. 2017 rakamlar\u0131 ile T\u00fcrkiye\u2019de 2 milyon 800 bin ton oluklu mukavva ka\u011f\u0131d\u0131 ve yakla\u015f\u0131k 1 milyon 180 bin ton karton ka\u011f\u0131d\u0131 t\u00fcketildi. Oluklu mukavva \u00fcretiminde ve karton ambalaj \u00fcretiminde Avrupa\u2019da 5. b\u00fcy\u00fck \u00fclke konumunday\u0131z. Cumhuriyetimizin 100. y\u0131l\u0131nda her iki sekt\u00f6rde de daha \u00fcst s\u0131ralarda yer al\u0131naca\u011f\u0131n\u0131 \u00f6ng\u00f6r\u00fcyoruz.\u201d Konu\u015fmas\u0131n\u0131n sonunda sekt\u00f6r\u00fcn ham madde ihtiyac\u0131n\u0131n y\u00fczde 80\u2019inin, geri d\u00f6n\u00fc\u015f\u00fcmden elde edildi\u011fine de dikkat \u00e7eken G\u00f6reno\u011flu, ekliyor: \u201cBu noktada; \u2018ka\u011f\u0131t at\u0131klar\u0131n\u0131n \u00e7\u00f6p olmad\u0131\u011f\u0131n\u0131 ve sanayimizin ham maddesi\u2019 oldu\u011funu hat\u0131rlatmakta yarar var. Geri d\u00f6n\u00fc\u015f\u00fcm\u00fcn \u00e7ok \u00f6nemli oldu\u011fu bilinciyle t\u00fcm yurtta\u015flar olarak geri d\u00f6n\u00fc\u015f\u00fcme hak etti\u011fi \u00f6nemi vermeliyiz.\u201d<\/p>\n<p><strong>Ka\u011f\u0131t ve kutu fiyatlar\u0131nda art\u0131\u015f s\u00fcrecek<\/strong><br \/>\n\u00c7ukurova Ka\u011f\u0131t ve Ambalaj Grubu Genel M\u00fcd\u00fcr\u00fc ve OM\u00dcD Y\u00f6netim Kurulu \u00dcyesi \u0130sa Do\u011fanl\u0131, oluklu mukavva sekt\u00f6r\u00fc olarak fiyat art\u0131\u015flar\u0131n\u0131, m\u00fc\u015fterilere a\u00e7\u0131klamakta zorland\u0131klar\u0131na i\u015faret ederek, \u201cKarton kutu fiyatlar\u0131, ilk 8 ayda y\u00fczde 33 art\u0131\u015f g\u00f6sterdi\u201d diyor ve \u015f\u00f6yle devam ediyor. \u201cAyn\u0131 d\u00f6nemde dolar y\u00fczde 73, avro y\u00fczde 69, ham madde fiyatlar\u0131 ise y\u00fczde 32 oran\u0131nda artt\u0131. Baz\u0131 m\u00fc\u015fteriler ka\u011f\u0131t fiyatlar\u0131ndaki art\u0131\u015f\u0131n sadece kur art\u0131\u015f\u0131na ba\u011fl\u0131 oldu\u011funu d\u00fc\u015f\u00fcn\u00fcp \u2018Kurlar d\u00fc\u015ft\u00fc, kutu fiyat\u0131 neden d\u00fc\u015fm\u00fcyor\u2019 diye soruyor. Oysa kurlar\u0131n art\u0131\u015f\u0131 ka\u011f\u0131t fiyat\u0131n\u0131 art\u0131ran veya d\u00fc\u015f\u00fcren tek fakt\u00f6r de\u011fildir. Enerji ve ka\u011f\u0131t at\u0131k fiyat\u0131, ka\u011f\u0131t fiyat\u0131n\u0131 daha \u00e7ok etkiliyor. \u00dcretimde kullan\u0131lan kimyasal maddelerin maliyetleri de \u00f6nemlidir. Artan maliyetler, gecikerek de olsa ka\u011f\u0131t ve kutu fiyatlar\u0131n\u0131 art\u0131rmaya devam edecek. Enflasyonun belirli bir yerde oturdu\u011fu ve kurlar\u0131n art\u0131k stabil hale geldi\u011fi alg\u0131s\u0131 yerle\u015fene kadar fiyat art\u0131\u015flar\u0131ndan \u00fclke olarak kurtulmam\u0131z s\u00f6z konusu de\u011fildir.\u201d<br \/>\nSeminerde konu\u015fan Karton Ambalaj Sanayicileri Derne\u011fi (KASAD) Y\u00f6netim Kurulu Ba\u015fkan\u0131 Alican Duran, ambalaj sekt\u00f6r\u00fcn\u00fcn d\u00fcnyada 670 milyar dolarl\u0131k bir b\u00fcy\u00fckl\u00fc\u011fe sahip oldu\u011funu vurgulayarak ka\u011f\u0131t ve karton ambalaj\u0131n bu b\u00fcy\u00fckl\u00fck i\u00e7erisinde y\u00fczde 31 paya sahip oldu\u011funu dile getiriyor. Duran, \u201cGelecek 5 y\u0131l i\u00e7erisinde Avrupa\u2019da ka\u011f\u0131t ve karton ambalaj t\u00fcketiminin 367 bin ton artmas\u0131, bunun y\u00fczde 40\u2019\u0131n\u0131n ise T\u00fcrkiye\u2019den gelece\u011fi \u00f6ng\u00f6r\u00fcl\u00fcyor. Ayr\u0131ca \u00f6n\u00fcm\u00fczdeki 10 y\u0131lda dijitalle\u015fmeyle birlikte ambalaj trendleri de de\u011fi\u015fecek. Yeni jenerasyon t\u00fcketici a\u00e7\u0131s\u0131ndan fiyat de\u011fil, s\u00fcrd\u00fcr\u00fclebilir \u00f6zelli\u011fi birinci s\u0131rada. Bu nedenle ka\u011f\u0131t ve karton ambalaj\u0131n \u00e7evreci \u00f6zelliklerini kamuoyunda iyi anlatmal\u0131y\u0131z\u201d diyor.<\/p>\n<p><strong>At\u0131klar kayna\u011f\u0131nda ayr\u0131 toplan\u0131rsa ithalata gerek kalmayacak<\/strong><br \/>\nT\u00fcrkiye\u2019de ki\u015fi ba\u015f\u0131 g\u00fcnl\u00fck at\u0131k \u00fcretiminin 1 kg civar\u0131nda oldu\u011funu kaydeden D\u00f6nkasan Genel M\u00fcd\u00fcr\u00fc Murat Kayhan Ural ise konu\u015fmas\u0131nda, geri d\u00f6n\u00fc\u015f\u00fcm\u00fcn T\u00fcrkiye ekonomisi a\u00e7\u0131s\u0131ndan \u00f6nemine dikkat \u00e7ekiyor. Ural, \u015funlar\u0131 s\u00f6yl\u00fcyor: \u201cY\u0131ll\u0131k bazda ise 30 milyon ton evsel at\u0131k olu\u015fmaktad\u0131r. Y\u0131ll\u0131k olarak olu\u015fan 6 milyon ton ambalaj at\u0131\u011f\u0131n\u0131n, yakla\u015f\u0131k 2 milyon tonu kayna\u011f\u0131nda ayr\u0131 toplanabiliyor. Topra\u011fa g\u00f6m\u00fclen ambalaj at\u0131\u011f\u0131n\u0131n miktar\u0131 ise 4.8 milyon ton. Topra\u011fa g\u00f6m\u00fclen at\u0131klar\u0131n ekonomik de\u011ferine bakarsak; 4 milyar TL\u2019lik bir b\u00fcy\u00fckl\u00fck s\u00f6zkonusu. Bu at\u0131klar\u0131n toplanmas\u0131n\u0131n ve g\u00f6m\u00fclmesinin kamuya maliyeti 1 milyar lira, \u00fclke ekonomisinin y\u0131ll\u0131k kayb\u0131 ise 5 milyar lira. Dolay\u0131s\u0131yla e\u011fer ambalaj at\u0131klar\u0131n\u0131 kayna\u011f\u0131nda toplamay\u0131 ba\u015farabilirsek y\u0131ll\u0131k 750 bin tonluk at\u0131k ka\u011f\u0131t ithalat\u0131na da gerek kalmayacak.\u201d<br \/>\n\u0130BB G\u0131da Tar\u0131m ve Hayvanc\u0131l\u0131k Daire Ba\u015fkan\u0131 Bayram Ali \u00c7ak\u0131ro\u011flu da, d\u00fcnyada g\u0131dada kay\u0131p ve zayiat\u0131n 1.3 milyar ton oldu\u011funu, bunun maddi kar\u015f\u0131l\u0131\u011f\u0131n\u0131n ise 1 trilyon dolar\u0131 buldu\u011funa i\u015faret ediyor. T\u00fcrkiye\u2019de ise en b\u00fcy\u00fck kayb\u0131n y\u00fczde 48 ile meyve ve sebzede ger\u00e7ekle\u015fti\u011fine de\u011finen \u00c7ak\u0131ro\u011flu, ekliyor: \u201cG\u0131dadaki zayiat oran\u0131, ister istemez maliyet olarak piyasaya s\u00fcr\u00fclen \u00fcr\u00fcn\u00fcn etiketine yans\u0131yor. G\u00fcmr\u00fck ve Ticaret Bakanl\u0131\u011f\u0131 taraf\u0131ndan haz\u0131rlanan yeni Hal Yasas\u0131 ile ta\u015f\u0131madan kaynaklanan bu zayiat\u0131n en aza indirilmesini hedefliyoruz.\u201d<\/p>\n","protected":false},"excerpt":{"rendered":"<p>Ambalaj at\u0131klar\u0131n\u0131n kayna\u011f\u0131nda ayr\u0131 toplanmamas\u0131 y\u0131lda milyarlarca liran\u0131n \u00e7\u00f6pe at\u0131lmas\u0131na neden oluyor. \u00dclkemizde y\u0131ll\u0131k 6 milyon ton ambalaj at\u0131\u011f\u0131n\u0131n sadece 2 milyon tonu kayna\u011f\u0131nda ayr\u0131\u015ft\u0131r\u0131l\u0131rken, geri d\u00f6n\u00fc\u015f\u00fcme kazand\u0131r\u0131lamayan at\u0131klar y\u00fcz\u00fcnden ise y\u0131lda 5 milyar liray\u0131 topra\u011fa g\u00f6m\u00fcyoruz. (\u0130stanbul) Ambalaj at\u0131klar\u0131n\u0131n kayna\u011f\u0131nda ayr\u0131 toplanmamas\u0131 bir taraftan \u00e7evre kirlili\u011fini art\u0131r\u0131rken, bir taraftan da ekonomik israfa yol a\u00e7\u0131yor. [&hellip;]<\/p>\n","protected":false},"author":2,"featured_media":3906,"comment_status":"closed","ping_status":"open","sticky":false,"template":"","format":"standard","meta":[],"categories":[109],"tags":[],"_links":{"self":[{"href":"https:\/\/www.ambalajveetiket.com\/index.php\/wp-json\/wp\/v2\/posts\/2972"}],"collection":[{"href":"https:\/\/www.ambalajveetiket.com\/index.php\/wp-json\/wp\/v2\/posts"}],"about":[{"href":"https:\/\/www.ambalajveetiket.com\/index.php\/wp-json\/wp\/v2\/types\/post"}],"author":[{"embeddable":true,"href":"https:\/\/www.ambalajveetiket.com\/index.php\/wp-json\/wp\/v2\/users\/2"}],"replies":[{"embeddable":true,"href":"https:\/\/www.ambalajveetiket.com\/index.php\/wp-json\/wp\/v2\/comments?post=2972"}],"version-history":[{"count":1,"href":"https:\/\/www.ambalajveetiket.com\/index.php\/wp-json\/wp\/v2\/posts\/2972\/revisions"}],"predecessor-version":[{"id":3907,"href":"https:\/\/www.ambalajveetiket.com\/index.php\/wp-json\/wp\/v2\/posts\/2972\/revisions\/3907"}],"wp:featuredmedia":[{"embeddable":true,"href":"https:\/\/www.ambalajveetiket.com\/index.php\/wp-json\/wp\/v2\/media\/3906"}],"wp:attachment":[{"href":"https:\/\/www.ambalajveetiket.com\/index.php\/wp-json\/wp\/v2\/media?parent=2972"}],"wp:term":[{"taxonomy":"category","embeddable":true,"href":"https:\/\/www.ambalajveetiket.com\/index.php\/wp-json\/wp\/v2\/categories?post=2972"},{"taxonomy":"post_tag","embeddable":true,"href":"https:\/\/www.ambalajveetiket.com\/index.php\/wp-json\/wp\/v2\/tags?post=2972"}],"curies":[{"name":"wp","href":"https:\/\/api.w.org\/{rel}","templated":true}]}}