{"id":3002,"date":"2019-01-15T10:43:44","date_gmt":"2019-01-15T07:43:44","guid":{"rendered":"http:\/\/www.ambalajveetiket.com\/?p=3002"},"modified":"2021-03-25T23:12:43","modified_gmt":"2021-03-25T20:12:43","slug":"sekamsan-ekibi-olarak-onemli-donemeclerinde-musterilerimizin-yaninda-olduk-cemal-erdogan-sekamsan-kagit-karton-genel-muduru","status":"publish","type":"post","link":"https:\/\/www.ambalajveetiket.com\/index.php\/2019\/01\/15\/sekamsan-ekibi-olarak-onemli-donemeclerinde-musterilerimizin-yaninda-olduk-cemal-erdogan-sekamsan-kagit-karton-genel-muduru\/","title":{"rendered":"Sekamsan ekibi olarak \u00f6nemli d\u00f6neme\u00e7lerinde m\u00fc\u015fterilerimizin yan\u0131nda olduk &#8211; Cemal Erdo\u011fan \/ Sekamsan Ka\u011f\u0131t &#038; Karton Genel M\u00fcd\u00fcr\u00fc"},"content":{"rendered":"<p>\u00dcniversiteyi okurken ayn\u0131 zamanda maliye te\u015fkilat\u0131nda \u00e7al\u0131\u015ft\u0131m. Bu y\u0131llarda teori ve prati\u011fi bir arada ya\u015famam mali konularda donanmam\u0131 sa\u011flad\u0131. Edindi\u011fim bu birikim sonraki y\u0131llarda bana ve i\u015fime olduk\u00e7a avantaj sa\u011flad\u0131. Sonras\u0131nda iki y\u0131ll\u0131k bir yurt d\u0131\u015f\u0131 deneyimi ya\u015fad\u0131m. Yurda d\u00f6n\u00fc\u015fte 1984 y\u0131l\u0131nda Sekamsan Ka\u011f\u0131t\u2019\u0131 kurarak sekt\u00f6re giri\u015f yapm\u0131\u015f oldum. Birey olarak d\u0131\u015fa d\u00f6n\u00fck bir yap\u0131ya sahibim. Sekt\u00f6r ve sekt\u00f6r d\u0131\u015f\u0131 bir\u00e7ok dernek, oda vs. kurum ve kurulu\u015fta aktif g\u00f6rev ve sorumluluklar ald\u0131m ve almaya devam ediyorum. Buralarda verilen ve al\u0131nan e\u011fitimler ile deneyimler i\u015fe ve ya\u015fama renk katarken ayn\u0131 zamanda i\u015fimiz ile ilgili donan\u0131m\u0131n\u0131z\u0131 da artt\u0131rmakta ve m\u00fckemmeli aramam\u0131z\u0131 ve bulmam\u0131z\u0131 sa\u011flamaktad\u0131r. T\u00fcm bunlar\u0131n toplam\u0131nda birey ve firma olarak \u00f6ne \u00e7\u0131kmam\u0131z m\u00fcmk\u00fcn olmakta ve sorumluluklar\u0131n\u0131z artmaktad\u0131r.<\/p>\n<p><strong>Aslolan kritik anlarda m\u00fc\u015fterilerimizin yan\u0131nda olmam\u0131z <\/strong><br \/>\n<strong>Hedef ve kazan\u0131mlar a\u00e7\u0131s\u0131ndan Sekamsan\u2019\u0131n 2018 y\u0131l\u0131n\u0131 nas\u0131l de\u011ferlendiriyoruz?<\/strong><br \/>\nFirma olarak ekibimizle 2018 y\u0131l\u0131n\u0131 da verimli, ba\u015far\u0131l\u0131 kapatman\u0131n mutlulu\u011fu ve gururu i\u00e7indeyiz. Uzun y\u0131llara dayanan; \u00fcr\u00fcn, hizmet; sekt\u00f6rel bilgi, birikim ve tecr\u00fcbemiz bizlerin ba\u015far\u0131s\u0131na altyap\u0131 olu\u015fturmu\u015ftur. S\u00fcrekli g\u00fcncelledi\u011fimiz, orta ve uzun vade planlar\u0131m\u0131z, \u00f6nceki y\u0131llarda oldu\u011fu gibi gelecek y\u0131llarda da ba\u015far\u0131m\u0131za pusula olacakt\u0131r. Bizler; Sekamsan Ka\u011f\u0131t &amp; Karton olarak \u00f6ng\u00f6r\u00fc, y\u00fcksek motivasyon, azimli ve kararl\u0131 \u00e7al\u0131\u015fma anlay\u0131\u015f\u0131m\u0131z ile ba\u015far\u0131n\u0131n tesad\u00fcf olmad\u0131\u011f\u0131n\u0131 tecr\u00fcbe ederek hedeflerimizi ger\u00e7ekle\u015ftirdik. Temmuz ay\u0131nda d\u00f6viz kurlar\u0131n\u0131n \u00e7\u0131k\u0131\u015f\u0131 ile piyasada olu\u015fan darbo\u011faz\u0131 otuz be\u015f y\u0131l\u0131n tecr\u00fcbesi \u0131\u015f\u0131\u011f\u0131nda panik yapmadan k\u0131sa s\u00fcrede toparlad\u0131k. Bu s\u00fcre\u00e7te tedarik\u00e7isi oldu\u011fumuz do\u011fru m\u00fc\u015fterilerimizin ve sekt\u00f6r\u00fcn yan\u0131nda durarak g\u00fc\u00e7 ve moral verdik. Ayn\u0131 tutumumuzu s\u00fcrd\u00fcrmeye devam edece\u011fiz.Sekamsan olarak iyi bir s\u0131nav verdi\u011fimize inan\u0131yorum.<\/p>\n<p><strong><img loading=\"lazy\" class=\" wp-image-3004 alignleft\" src=\"http:\/\/www.ambalajveetiket.com\/wp-content\/uploads\/2019\/02\/Sekamsan_4c0e216c-200x139.jpg\" alt=\"\" width=\"386\" height=\"268\">Sekamsan \u00fcr\u00fcn \u00e7e\u015fitlili\u011fi, ebatlama ve etkili oldu\u011fu alan a\u00e7\u0131s\u0131ndan lider firma<\/strong><br \/>\nSekamsan Ka\u011f\u0131t &amp; Karton\u2019un, \u00fcr\u00fcn \u00e7e\u015fitlili\u011fi olduk\u00e7a geni\u015ftir. Sekt\u00f6rde olabildi\u011fince geni\u015f yelpazede \u00fcr\u00fcn ve hizmet tedarik\u00e7isiyiz. \u0130\u015f orta\u011f\u0131 m\u00fc\u015fterilerimiz i\u00e7in h\u0131zl\u0131 ve verimli bir ka\u011f\u0131t market olma idealimizin ger\u00e7ekle\u015fti\u011fini g\u00f6rmekten mutluyuz.<br \/>\nEn ince gramajl\u0131 k\u00e2\u011f\u0131ttan, kal\u0131n karton ve mukavva aral\u0131\u011f\u0131ndaki t\u00fcm standart gramajlarda kesim tesislerimizde talebe g\u00f6re \u00f6zel ebat kesim yapmaktay\u0131z. Bizimle \u00e7al\u0131\u015fan m\u00fc\u015fterilerimize ayr\u0131cal\u0131kl\u0131 hizmet vererek onlar\u0131n i\u015flerini kolayla\u015ft\u0131rmaktan ve hizmete kalite getirmekten memnun ve gururluyuz. M\u00fc\u015fterilerden gelen talepler do\u011frultusunda, piyasam\u0131zda kabul g\u00f6rm\u00fc\u015f, \u00fclkemiz ve d\u00fcnyadaki \u00f6nemli \u00fcreticilerin hemen hepsi ile ileti\u015fim i\u00e7ine girilerek kar\u015f\u0131l\u0131kl\u0131 kazan kazan ilkesi \u00e7er\u00e7evesinde \u00f6nemli markalar\u0131n bayilik ve distrib\u00fct\u00f6rl\u00fckleri al\u0131nm\u0131\u015ft\u0131r.<br \/>\nYerli \u00fcreticilerimiz; Kartonsan\u2019dan karton, Alkim, Mopak\u2019dan, I. hamur ve fotokopi ka\u011f\u0131tlar\u0131, konusunda lider olan, yabanc\u0131 \u00fcreticiler ve markalar; Lecta Group\u2019tan Torraspapel, Condat ku\u015fe, Adestor etiket, Eurocalco form ka\u011f\u0131tlar\u0131, Portucel Group\u2019tan; Soporcel, Soporset I. hamur, Navigator A4 ka\u011f\u0131t; April Group\u2019tan 1. hamur, Goricane Paper, Ivory \u015eamua, Sora Medico Opaque; APP Group\u2019tan; Hi-kote ve Nevia ku\u015fe ka\u011f\u0131t, Ningbo Bristol ka\u011f\u0131t; Holmen Paper firmas\u0131ndan kitap ka\u011f\u0131d\u0131; MM Karton ve Eska karton \u00fcr\u00fcnleri, mukavva; Volga gazete ka\u011f\u0131d\u0131, kraft ka\u011f\u0131t; Mondi Group 1.hamur, fotokopi, International Paper\u2019dan Chamex fotokopi ka\u011f\u0131tlar\u0131n\u0131n ve April\u2019dan Copy Laser A4 ka\u011f\u0131t \u00fcr\u00fcnlerinin distrib\u00fct\u00f6r\u00fcy\u00fcz.<br \/>\nBu \u00fcr\u00fcnler d\u0131\u015f\u0131nda da hayli geni\u015f \u00fcr\u00fcn gam\u0131na sahibiz. Son d\u00f6nemde Iggesund\u2019un Incada Bristol kartonunu m\u00fc\u015fterilerimizle sunma haz\u0131n\u0131 ya\u015fad\u0131k. Yurt d\u0131\u015f\u0131ndan yeni \u00fcr\u00fcn ara\u015ft\u0131rmalar\u0131m\u0131z devam etmektedir.<br \/>\nSekamsan Ka\u011f\u0131t \u015femsiyesi alt\u0131ndaki bu markalar\u0131 b\u00f6lge lojistik merkezlerimiz ve k\u00e2\u011f\u0131t marketlerimiz arac\u0131l\u0131\u011f\u0131 ile \u00e7\u00f6z\u00fcm orta\u011f\u0131 oldu\u011fumuz; yay\u0131nc\u0131lar, ofset matbaac\u0131lar, k\u0131rtasiyeciler, ambalajc\u0131lar, copy center\u2019lar, dijital bask\u0131c\u0131lar, gazete ve medya kurulu\u015flar\u0131, ajanslar, etiket\u00e7iler, m\u00fccellithaneler ve bir\u00e7ok kurum ve kurulu\u015fla bulu\u015fturmaktay\u0131z .Stoklar\u0131m\u0131zda s\u00fcrekli olarak yeterli miktarda k\u00e2\u011f\u0131t &#8211; karton \u00e7e\u015fitlerini bobin ve ebat olarak tutmaktay\u0131z.<\/p>\n<p><strong>Ankara i\u00e7in \u00f6zellikle yay\u0131n aya\u011f\u0131nda yeni bir y\u00fcz olduk<\/strong><br \/>\nSekamsan Ka\u011f\u0131t &amp; Karton olarak, 2017 y\u0131l\u0131nda, Ankara B\u00f6lge Depo &amp; Sat\u0131\u015f merkezimizin a\u00e7\u0131l\u0131\u015f\u0131 ile ulusal zincirimiz b\u00fcy\u00fck \u00f6l\u00e7\u00fcde tamamlanm\u0131\u015f oldu. \u0130stanbul, Bursa, Konya \u015fehirlerinde yerle\u015fik depo ve lojistik merkezler, market ma\u011fazalar\u0131m\u0131z ile sekt\u00f6re be\u015f farkl\u0131 noktadan h\u0131zl\u0131 ve verimli \u015fekilde hizmet verebiliyorduk. Ankara Depo &amp; Sat\u0131\u015f merkezimiz ile hizmet noktalar\u0131m\u0131z\u0131 6\u2019ya \u00e7\u0131karm\u0131\u015f olduk. \u00dcr\u00fcn gam\u0131m\u0131z\u0131n yay\u0131n aya\u011f\u0131n\u0131n g\u00fc\u00e7l\u00fc olmas\u0131 nedeniyle Ankaral\u0131 i\u015f ortaklar\u0131m\u0131z\u0131n \u0131srar\u0131 ile kente geldik ve sekt\u00f6re yeni bir y\u00fcz ve nefes olarak sinerji katma mutlulu\u011funa erdik. Ayr\u0131ca bu yeni merkez Ankara \u00fczerinden Karadeniz ve di\u011fer illere verdi\u011fimiz hizmetlere de destek vererek, \u0130stanbul\u2019un i\u015f y\u00fck\u00fcn\u00fc azaltmaya yard\u0131mc\u0131 olmu\u015ftur. Do\u011frusu Ankara\u2019ya gelmi\u015f olmaktan memnunuz. Son ya\u015fanan ekonomik geli\u015fmelerde Ankara\u2019daki i\u015f orta\u011f\u0131 m\u00fc\u015fterilerimizin yan\u0131nda durarak g\u00fc\u00e7 ve motivasyon kayna\u011f\u0131 olduk.<\/p>\n<p><strong>Sekamsan sekt\u00f6r\u00fc ve geli\u015fmeleri yak\u0131ndan takip ediyor<\/strong><br \/>\nTeknolojik geli\u015fmelerin ka\u011f\u0131t t\u00fcketimine etkilerini de\u011ferlendirdi\u011fimizde, geli\u015fen teknoloji ile en az\u0131ndan yaz\u0131 tab\u0131 k\u00e2\u011f\u0131d\u0131 t\u00fcketimindeki d\u00fc\u015f\u00fc\u015f\u00fc ve genel beklentinin bu oldu\u011funun bir ger\u00e7eklik olarak fark\u0131nday\u0131z. Bunu zaten ya\u015fayarak g\u00f6rmekteyiz. \u0130\u015f g\u00fcvenli\u011fi ve \u00e7evre duyarl\u0131l\u0131\u011f\u0131 beraberinde daha hassas dengeleri olu\u015ftururken bizler buna paralel \u00e7al\u0131\u015fmalar y\u00fcr\u00fct\u00fcyoruz. Bu \u00e7er\u00e7evede FSC belgemizi alarak FSC\u2019li \u00fcr\u00fcn bulundurma ve satma yetkisi ald\u0131k. Bir di\u011fer \u00f6nemli geli\u015fme, dijital bask\u0131 teknolojilerinin \u00f6neminin giderek artmas\u0131d\u0131r. Ar-Ge ve yat\u0131r\u0131mlar dijital bask\u0131 teknolojilerinin gelecekte yerini daha da sa\u011flamla\u015ft\u0131raca\u011f\u0131n\u0131 g\u00f6stermektedir. Sekamsan Ka\u011f\u0131t &amp; Karton olarak Ar-Ge\u2019ye inan\u0131yor, teknolojik geli\u015fim ve de\u011fi\u015fimleri destekliyoruz. K\u00e2\u011f\u0131t t\u00fcketimi istatistiklerine g\u00f6re ambalaj sekt\u00f6r\u00fcnde k\u00e2\u011f\u0131d\u0131n kullan\u0131m h\u0131z\u0131n\u0131n k\u0131rtasiye ve matbaalara nazaran h\u0131zla artmaya devam edece\u011fini d\u00fc\u015f\u00fcn\u00fcyoruz. \u00dcr\u00fcn \u00e7e\u015fitlili\u011fimizde bu alana daha fazla yer verece\u011fiz. Firma olarak da kendimizi, \u00fcr\u00fcn yelpazemizi ve stoklar\u0131m\u0131z\u0131 bu bilgi ve beklentiler \u0131\u015f\u0131\u011f\u0131nda olu\u015fturuyoruz. Bu kapsamda Bristol kartonda Iggesund Incada markas\u0131n\u0131n distrib\u00fct\u00f6rl\u00fc\u011f\u00fcn\u00fc alarak sekt\u00f6rle bulu\u015fturduk. Bu \u00fcr\u00fcn art\u0131k stoklar\u0131m\u0131zda devaml\u0131 olacakt\u0131r.<\/p>\n<p><strong>Verimlilik ve maliyet konusu temel g\u00fcndemimiz olacak<\/strong><br \/>\n<strong>Sekamsan olarak 2019 y\u0131l\u0131n\u0131 nas\u0131l de\u011ferlendiriyoruz?<\/strong><br \/>\nSekamsan olarak hedefimiz \u00fclkemizde ya\u015fanacak olan ekonomik ve sekt\u00f6rel geli\u015fmelere paralel olarak b\u00fcy\u00fcmemizin devam\u0131n\u0131 sa\u011flayamak, arzulanan sat\u0131\u015f miktar\u0131na \u00fcretim, servis kalitemizden \u00f6d\u00fcn vermeden ula\u015fmak, 7\/24 \u00e7al\u0131\u015fma prensibi ile makine, personel, ara\u00e7 yat\u0131r\u0131mlar\u0131na devam etmektir. \u0130leti\u015fim ve insan odakl\u0131 olman\u0131n m\u00fc\u015fterimiz a\u00e7\u0131s\u0131ndan \u00f6nemini biliyoruz, bunun i\u00e7in \u00e7ekirdek kadromuzla \u015firket i\u00e7i ve d\u0131\u015f\u0131 sat\u0131\u015f ve di\u011fer e\u011fitimlere a\u011f\u0131rl\u0131k vererek m\u00fc\u015fteri memnuniyetini doru\u011fa \u00e7\u0131karaca\u011f\u0131z.<br \/>\nSon ya\u015fanan ekonomik geli\u015fmeler ve kurdaki dalgalanma i\u015fletmelerimiz i\u00e7in ka\u00e7\u0131n\u0131lmaz olarak verimlilik konusunu \u00f6n plana almay\u0131 gerektirmi\u015ftir. Bu alanda yo\u011funla\u015faca\u011f\u0131z. \u00dcretim hizmet ve servislerimizdeki kalitenin standartlara ba\u011flanmas\u0131 amac\u0131yla dan\u0131\u015fmanl\u0131k ald\u0131\u011f\u0131m\u0131z firmalar ile birlikte daha h\u0131zl\u0131, verimli olabilece\u011fimiz sistem ve y\u00f6ntemleri geli\u015ftirmek i\u00e7in \u00e7al\u0131\u015fmalar yap\u0131yoruz. B\u00f6ylece hizmet kalitemizi artt\u0131r\u0131p, israf ve \u015fikayetlerin \u00f6n\u00fcne ge\u00e7mek istiyoruz.<br \/>\n2019\u2019da ataca\u011f\u0131m\u0131z ad\u0131mlar ile yaln\u0131zca tedarik taraf\u0131nda de\u011fil, sat\u0131\u015f ve hizmet verd\u011fimiz pazarlar\u0131 da artt\u0131r\u0131p, geni\u015fleterek Sekamsan Ka\u011f\u0131t ve Karton olarak g\u00fcc\u00fcm\u00fcz\u00fc artt\u0131r\u0131rken bu g\u00fcc\u00fc tedarik\u00e7ili\u011fini yapt\u0131\u011f\u0131m\u0131z firmalarla payla\u015farak sinerji yaratmaya devam edece\u011fiz.<\/p>\n<p><strong>Sosyal sorumluluk projelerimizle sekt\u00f6rde sinerji yarataca\u011f\u0131z<\/strong><br \/>\n<strong>Sekamsan olarak sekt\u00f6re katk\u0131 ad\u0131na neler yap\u0131yoruz?<\/strong><br \/>\nSekamsan Ka\u011f\u0131t ve Karton sosyal sorumluluklar\u0131 da misyonunda bar\u0131nd\u0131ran bir firmad\u0131r. Misyonumuz geli\u015fmi\u015f \u00fclkelerdeki ka\u011f\u0131t t\u00fcketimine e\u015f de\u011fer k\u00e2\u011f\u0131d\u0131n t\u00fcketiminin \u00fclkemizde de sa\u011flanmas\u0131 i\u00e7in \u00e7al\u0131\u015fmalar yapmakt\u0131r. Bunun i\u00e7in her y\u0131l geleneksel hale getirdi\u011fimiz bir sosyal sorumluluk projemiz var. Bir ilk\u00f6\u011fretim okulu ile anla\u015f\u0131p \u00f6\u011frencileri i\u015fletmemize al\u0131yor ve onlara ka\u011f\u0131t ve kartonun e\u011fitim, k\u00fclt\u00fcr, \u00e7evre ve hayat\u0131m\u0131zdaki yerini, ambalaj sekt\u00f6r\u00fcndeki kullan\u0131m\u0131n\u0131n plasti\u011fe nazaran sa\u011fl\u0131k ve \u00e7evre a\u00e7\u0131s\u0131ndan geri d\u00f6n\u00fc\u015f\u00fcm\u00fcn \u00f6nemi ve sonu\u00e7lar\u0131 \u00fczerine, onlar\u0131 da i\u015fin i\u00e7ine katarak ve \u00f6rneklemeler yaparak \u00f6\u011fretmenleri ile beraber a\u011f\u0131rlayarak anlatmaktay\u0131z. Bu y\u0131lki bu projemiz verimli ve ba\u015far\u0131l\u0131 ge\u00e7ti; gen\u00e7 nesillerle birlikte olmak ve onlar\u0131n heyecan\u0131na payda\u015f olmak bizlerin de moral, motivasyonunu art\u0131rd\u0131.<br \/>\nBu y\u0131l i\u00e7inde geleneksel hale getirdi\u011fimiz ve KASAD ile ortak olarak ger\u00e7ekle\u015ftirdi\u011fimiz sekt\u00f6r y\u00f6netici ve \u00e7al\u0131\u015fanlar\u0131na y\u00f6nelik e\u011fitim organizasyonu da sekt\u00f6r\u00fcm\u00fcz ve bizim i\u00e7in \u00f6nemli bir sosyal sorumluluk projesi olmu\u015ftur. Verimlilik ve firelerin \u00f6nlenmesinin i\u015flendi\u011fi seminer g\u00fcn boyu konunun uzmanlar\u0131 taraf\u0131ndan verilmi\u015f olup yo\u011fun kat\u0131l\u0131m olmu\u015ftur.<br \/>\nSekt\u00f6r bile\u015fenleri, y\u00f6netici ve \u00e7al\u0131\u015fanlar\u0131n\u0131 \u00f6nemsiyoruz. 2019 y\u0131l\u0131nda da \u00fcyesi oldu\u011fumuz KASAD derne\u011fimiz ile birlikte e\u011fitim ve motivasyona y\u00f6nelik \u00e7ok \u00f6nemsedi\u011fimiz seminer \u00e7al\u0131\u015fmalar\u0131m\u0131z devam edecek. Sponsorlu\u011funu da yapaca\u011f\u0131m\u0131z seminerlerde sekt\u00f6re ili\u015fkin \u00f6nemli sorunlar dillendirilecek ve \u00e7\u00f6z\u00fcmleri ortaya konulacak.<br \/>\nSosyal sorumluluk anlay\u0131\u015f\u0131m\u0131z gere\u011fi bilgi, tecr\u00fcbe ve g\u00fcc\u00fcm\u00fcz\u00fc sekt\u00f6r ve i\u015f ortaklar\u0131m\u0131zla payla\u015farak kazan &#8211; kazan ilkesi \u00e7er\u00e7evesinde kald\u0131ra\u00e7 olarak kullanarak sekt\u00f6rde sinerji yaratmaya devam edece\u011fiz.<\/p>\n","protected":false},"excerpt":{"rendered":"<p>\u00dcniversiteyi okurken ayn\u0131 zamanda maliye te\u015fkilat\u0131nda \u00e7al\u0131\u015ft\u0131m. Bu y\u0131llarda teori ve prati\u011fi bir arada ya\u015famam mali konularda donanmam\u0131 sa\u011flad\u0131. Edindi\u011fim bu birikim sonraki y\u0131llarda bana ve i\u015fime olduk\u00e7a avantaj sa\u011flad\u0131. Sonras\u0131nda iki y\u0131ll\u0131k bir yurt d\u0131\u015f\u0131 deneyimi ya\u015fad\u0131m. Yurda d\u00f6n\u00fc\u015fte 1984 y\u0131l\u0131nda Sekamsan Ka\u011f\u0131t\u2019\u0131 kurarak sekt\u00f6re giri\u015f yapm\u0131\u015f oldum. Birey olarak d\u0131\u015fa d\u00f6n\u00fck bir yap\u0131ya [&hellip;]<\/p>\n","protected":false},"author":2,"featured_media":3888,"comment_status":"closed","ping_status":"open","sticky":false,"template":"","format":"standard","meta":[],"categories":[168,169],"tags":[],"_links":{"self":[{"href":"https:\/\/www.ambalajveetiket.com\/index.php\/wp-json\/wp\/v2\/posts\/3002"}],"collection":[{"href":"https:\/\/www.ambalajveetiket.com\/index.php\/wp-json\/wp\/v2\/posts"}],"about":[{"href":"https:\/\/www.ambalajveetiket.com\/index.php\/wp-json\/wp\/v2\/types\/post"}],"author":[{"embeddable":true,"href":"https:\/\/www.ambalajveetiket.com\/index.php\/wp-json\/wp\/v2\/users\/2"}],"replies":[{"embeddable":true,"href":"https:\/\/www.ambalajveetiket.com\/index.php\/wp-json\/wp\/v2\/comments?post=3002"}],"version-history":[{"count":1,"href":"https:\/\/www.ambalajveetiket.com\/index.php\/wp-json\/wp\/v2\/posts\/3002\/revisions"}],"predecessor-version":[{"id":3889,"href":"https:\/\/www.ambalajveetiket.com\/index.php\/wp-json\/wp\/v2\/posts\/3002\/revisions\/3889"}],"wp:featuredmedia":[{"embeddable":true,"href":"https:\/\/www.ambalajveetiket.com\/index.php\/wp-json\/wp\/v2\/media\/3888"}],"wp:attachment":[{"href":"https:\/\/www.ambalajveetiket.com\/index.php\/wp-json\/wp\/v2\/media?parent=3002"}],"wp:term":[{"taxonomy":"category","embeddable":true,"href":"https:\/\/www.ambalajveetiket.com\/index.php\/wp-json\/wp\/v2\/categories?post=3002"},{"taxonomy":"post_tag","embeddable":true,"href":"https:\/\/www.ambalajveetiket.com\/index.php\/wp-json\/wp\/v2\/tags?post=3002"}],"curies":[{"name":"wp","href":"https:\/\/api.w.org\/{rel}","templated":true}]}}