{"id":3088,"date":"2019-02-13T09:59:10","date_gmt":"2019-02-13T06:59:10","guid":{"rendered":"http:\/\/www.ambalajveetiket.com\/?p=3088"},"modified":"2021-03-25T23:11:53","modified_gmt":"2021-03-25T20:11:53","slug":"kutudan-cikan-dev-ankutsan","status":"publish","type":"post","link":"https:\/\/www.ambalajveetiket.com\/index.php\/2019\/02\/13\/kutudan-cikan-dev-ankutsan\/","title":{"rendered":"Kutudan \u00e7\u0131kan dev: Ankutsan"},"content":{"rendered":"<p>Antalya Kutu Sanayi Oluklu Mukavva K\u00e2\u011f\u0131t Tic. A.\u015e (Ankutsan) sekt\u00f6rde 17 y\u0131ld\u0131r faaliyet g\u00f6steriyor. 2002 y\u0131l\u0131nda tek bir makinesi ile devral\u0131nm\u0131\u015f k\u00fc\u00e7\u00fck bir kutu at\u00f6lyesinde do\u011fan Ankutsan bug\u00fcn sekt\u00f6r\u00fcn devi haline gelmi\u015f bulunuyor. Sekt\u00f6re y\u00f6n veren, \u00e7ok uluslu, \u00e7ok tesisli ve ayn\u0131 zamanda k\u00e2\u011f\u0131t \u00fcreticisi olan \u015firketlerin aras\u0131nda ilk be\u015fte yer almay\u0131 ba\u015faran Ankutsan, 5 fabrikas\u0131, say\u0131lar\u0131 800\u2019\u00fc bulan \u00e7al\u0131\u015fan\u0131 ile T\u00fcrkiye\u2019nin 505 sanayi \u015firketi aras\u0131nda yer al\u0131yor.<br \/>\nOto y\u0131kama ya\u011flama i\u015fi yapan Teknik Lise Mezunu R\u00fcstem Kesgi, 2002 y\u0131l\u0131nda kendisine teklif edilen bir kutu at\u00f6lyesini kuyumcuda \u00e7al\u0131\u015fan arkada\u015f\u0131 Mustafa \u00c7akal ile ortak olarak devral\u0131r ve 300 metre kare at\u00f6lyede kutu \u00fcretimine ba\u015flarlar. H\u0131zl\u0131 yakalanan b\u00fcy\u00fcmeyle birlikte at\u00f6lye yetmemeye ba\u015flar ve 2003 y\u0131l\u0131nda Antalya Organize Sanayi B\u00f6lgesi\u2019nde bir yer almak i\u00e7in giri\u015fimde bulunulur. Buraya yeni fabrika kurulur ve dev kutudan \u00e7\u0131kmaya ba\u015flar.<br \/>\nSon be\u015f y\u0131lda istihdam\u0131n\u0131 d\u00f6rt kat\u0131na \u00e7\u0131karan Ankutsan\u2019\u0131n hik\u00e2yesi i\u00e7inde sekt\u00f6r\u00fcn ve T\u00fcrkiye\u2019nin b\u00fcy\u00fcme hik\u00e2yesinin ve f\u0131rsatlar\u0131n\u0131n ilgin\u00e7 dinamikleri bar\u0131n\u0131yor. Bug\u00fcn oluklu mukavvadan kutu i\u015fi T\u00fcrkiye\u2019de k\u00e2\u011f\u0131t ve oluklu mukavva \u00fcreticisi \u00e7ok uluslu gruplar\u0131n da bulundu\u011fu b\u00fcy\u00fck \u015firketlerce y\u00f6nlendirilmektedir. Oluklu mukavvadan kutu \u00fcretimi ve ambalaj sekt\u00f6r\u00fcnde \u00f6zellikle son be\u015f-alt\u0131 y\u0131l i\u00e7indeki yat\u0131r\u0131mlar\u0131yla bu \u015firketler aras\u0131na kat\u0131lan Ankutsan\u2019\u0131n s\u0131ra d\u0131\u015f\u0131 bir b\u00fcy\u00fcme hik\u00e2yesi var.<br \/>\n<img loading=\"lazy\" class=\" wp-image-3090 alignleft\" src=\"http:\/\/www.ambalajveetiket.com\/wp-content\/uploads\/2019\/02\/MH_Sayi186_Ankutsan_BurakDurmaz_03-113x150.jpg\" alt=\"\" width=\"297\" height=\"394\">Antalya ziyaretimizde ilk dura\u011f\u0131m\u0131z olan bu dev tesisi daha yak\u0131ndan tan\u0131mak i\u00e7in \u015firketin Stratejik Planlama M\u00fcd\u00fcr\u00fc Burak Durmaz\u2019a sorular\u0131m\u0131z\u0131 y\u00f6nelttik.<br \/>\n<strong>\u2022 T\u00fcrkiye\u2019de nispeten yeni bir markas\u0131n\u0131z ve k\u0131sa say\u0131labilecek bir s\u00fcrede bir\u00e7ok lokasyonda birden yer ald\u0131n\u0131z. Bu s\u00fcre\u00e7 nas\u0131l geli\u015fti?<\/strong><br \/>\nOluklu mukavva ambalaj sekt\u00f6r\u00fcnde nakliye maliyetleri nispeten y\u00fcksek diyebiliriz. Ayn\u0131 zamanda kurumsal m\u00fc\u015fterilerimizin ambalaj tedarik s\u00fcre\u00e7lerinde arad\u0131klar\u0131 en \u00f6nemli kriterlerden biri de h\u0131zl\u0131 teslimat. Bu nedenle sadece tek bir lokasyonda b\u00fcy\u00fcyemiyorsunuz. \u00dcretim tesislerini b\u00f6lgesel olarak konumland\u0131r\u0131p, \u015fehir \u015fehir hizmet vermeniz gerekiyor.<br \/>\nAnkutsan, temellerinin at\u0131ld\u0131\u011f\u0131 \u015fehir i\u00e7indeki 300 m2 at\u00f6lyeden, 2003 y\u0131l\u0131nda Antalya OSB\u2019deki ilk fabrikas\u0131na ta\u015f\u0131n\u0131yor. Burada da safiha d\u0131\u015far\u0131dan tedarik edilip kutu \u00fcretimi yap\u0131l\u0131yor. Ancak o d\u00f6nemde ka\u011f\u0131t fiyatlar\u0131 sabitken safiha fiyatlar\u0131na aniden %40 zam gelince \u015firket ortaklar\u0131 oluklu mukavva \u00fcretimi de yapabilmek ad\u0131na yat\u0131r\u0131m karar\u0131 al\u0131yorlar ve ikinci el eski teknoloji bir oluklu hatt\u0131 ile oluklu mukavva levhay\u0131 da \u00fcretmeye ba\u015fl\u0131yorlar. \u0130\u015fler b\u00fcy\u00fcmeye ba\u015flay\u0131p hatt\u0131n ve fabrikan\u0131n kapasitesi yetmedi\u011finde Antalya Organize Sanayi B\u00f6lgesi 2. K\u0131s\u0131m\u2019da 20 bin metrekarelik yeni bir yer al\u0131yorlar ve 2006 y\u0131l\u0131nda ilk y\u00fcksek teknoloji oluklu hatt\u0131n\u0131 burada faaliyet ge\u00e7iriyorlar. Bu fabrika daha sonraki yat\u0131r\u0131mlar ile 40 bin m2\u2019lik alana b\u00fcy\u00fct\u00fcl\u00fcyor ve bu yat\u0131r\u0131m T\u00fcrkiye\u2019de tan\u0131nan bir marka olmam\u0131z\u0131n yolunu a\u00e7\u0131yor. G\u00fcn\u00fcm\u00fczde Ankutsan merkez ofisi de bu arazi i\u00e7erisinde yer al\u0131yor.<br \/>\n2010 y\u0131l\u0131nda grup \u015firketimiz Kutay Kutu A.\u015e. ile birlikte \u0130stanbul Esenyurt\u2019ta ikinci oluklu mukavva fabrikam\u0131z faaliyete ge\u00e7iriliyor ve Marmara b\u00f6lgesine hizmet vermeye ba\u015fl\u0131yoruz. 2006\u2019dan 2014\u2019e kadar Antalya ve \u0130stanbul tesislerinde \u00fcretim her sene artarak devam ediyor. 2012\u2019de ilk ihracat\u0131m\u0131z\u0131 \u0130ngiltere\u2019ye yaparak ihracat taraf\u0131ndaki ilk ad\u0131mlar\u0131m\u0131z\u0131 at\u0131yoruz. \u0130hracat hacimlerimiz artmaya ba\u015flad\u0131k\u00e7a liman maliyetleri bizi zorluyor. Antalya liman\u0131n\u0131n maliyetleri, sanayisinin geli\u015fmemi\u015f ve trafi\u011finin az olu\u015fundan Mersin, \u0130zmir, \u0130zmit gibi limanlara g\u00f6re y\u00fcksek. \u0130hracat hedefleri do\u011frultusunda 2013 y\u0131l\u0131 sonunda Mersin Tarsus Organize Sanayi B\u00f6lgesindeki fabrikam\u0131z\u0131 sat\u0131n al\u0131yoruz ve yapt\u0131\u011f\u0131m\u0131z yat\u0131r\u0131mlar sonras\u0131nda 2014\u2019te faal olarak bu tesiste de \u00fcretime ba\u015fl\u0131yoruz. Mersin\u2019deki g\u00fc\u00e7l\u00fc liman avantaj\u0131 ile bu yat\u0131r\u0131m Ankutsan\u2019\u0131n b\u00fcy\u00fcmesindeki \u00f6nemli ad\u0131mlardan biri konumuna geliyor. \u015eu an Mersin fabrikam\u0131zda \u00fcretti\u011fimiz kutular\u0131n %75\u2019ini ihra\u00e7 ediyoruz.<\/p>\n<p><strong>50\u2019ye yak\u0131n \u00fclkeye ihracat <\/strong><br \/>\n\u0130hracata a\u011f\u0131rl\u0131kl\u0131 pizza kutusuyla ba\u015flam\u0131\u015ft\u0131k. \u015eimdi ya\u015f meyve sebze kutusu, standart a-box kutu gibi \u00fcr\u00fcnler de var. K\u0131rktan fazla \u00fclkeye aktif olarak ihracat yap\u0131yoruz. Buna, birka\u00e7 kere sat\u0131\u015f yap\u0131p \u00e7\u0131kt\u0131\u011f\u0131m\u0131z \u00fclkeleri de eklersek 50 \u00fclkeyi buluyoruz. \u0130hracat\u0131m\u0131z\u0131n a\u011f\u0131rl\u0131\u011f\u0131 pizza ve ya\u015f sebze meyve kutular\u0131ndan olu\u015fuyor. \u00c7\u00fcnk\u00fc \u00fcr\u00fcnler daha katma de\u011ferli. B\u00f6yle olunca navlun maliyetleriyle daha kolay ba\u015fa \u00e7\u0131kabiliyorsunuz. Ankutsan\u2019\u0131n ana uzmanl\u0131\u011f\u0131n\u0131n bir b\u00f6l\u00fcm\u00fc de bu \u00fcr\u00fcnler \u00fczerine. Normal bir ta\u015f\u0131ma kolisini herkes yapabiliyor. Onun i\u00e7in ayr\u0131 bir teknik bilgi ve donan\u0131ma gerek kalm\u0131yor. Ankutsan, y\u0131llar i\u00e7inde yeti\u015ftirdi\u011fi ustalar\u0131 ve m\u00fchendisleri ile bu alanda olduk\u00e7a tecr\u00fcbe kazand\u0131. Bu teknik bilgi birikimi o \u00fcr\u00fcnleri kaliteli \u00fcretebilmek i\u00e7in gerekli. \u00c7\u00fcnk\u00fc ihracat kolay de\u011fil. \u00d6rne\u011fin Organize Sanayi B\u00f6lgelerinde bir\u00e7ok firma m\u00fc\u015fterimiz, seri \u00fcretim yap\u0131yorsunuz, arada 3-5 tane hata \u00e7\u0131karsa hemen ziyaret edip yerinde \u00e7\u00f6zebiliyorsunuz. \u0130hracat taraf\u0131nda durum \u00e7ok farkl\u0131. \u0130hracata Britanya pazar\u0131yla ba\u015flad\u0131k, \u00f6zellikle \u0130ngilizler biraz zor be\u011fenir. Konteyner a\u00e7\u0131l\u0131r, bir iki problemli kutu varsa hemen kapat\u0131l\u0131r, iade edilir, bu nedenle y\u00fcksek kaliteli \u00fcretim olmazsa olmaz\u0131m\u0131z. \u0130hracata bu iki \u00fcr\u00fcn grubuyla ba\u015flam\u0131\u015ft\u0131k ancak son birka\u00e7 y\u0131ld\u0131r di\u011fer \u00fcr\u00fcn segmentlerinde de ihracat\u0131m\u0131z artarak devam ediyor.<br \/>\n<strong>\u2022 \u0130hracat yapt\u0131\u011f\u0131n\u0131z \u00fclkelerden birka\u00e7\u0131n\u0131 sayabilir misiniz?<\/strong><br \/>\n\u0130hracata Avrupa pazar\u0131yla ba\u015flad\u0131\u011f\u0131m\u0131z i\u00e7in Avrupa\u2019da olduk\u00e7a kuvvetliyiz. Ba\u015fta \u0130ngiltere, daha sonra Fransa, Hollanda, Avusturya, Almanya, \u0130spanya, Norve\u00e7 ilk akl\u0131ma gelenler. A\u011f\u0131rl\u0131kl\u0131 olarak geli\u015fmi\u015f Bat\u0131 Avrupa ve Kuzey Avrupa \u00fclkeleri olarak d\u00fc\u015f\u00fcnebiliriz.<br \/>\nSon \u00fc\u00e7 y\u0131ld\u0131r Kuzey Amerika\u2019ya da ihracat\u0131m\u0131z ba\u015flad\u0131. ABD ve Kanada\u2019ya \u00e7ok ciddi hacimlerde ihracat yap\u0131yoruz. Gitti\u011fimiz fuarlarda g\u00f6r\u00fcyoruz ki Amerika\u2019da Ankutsan markas\u0131n\u0131n art\u0131k bir yeri var. Amerika\u2019n\u0131n kendi \u00fcretti\u011fi kutular\u0131 bir segment olu\u015fturuyor; y\u00fcksek fiyatl\u0131 ancak kalitesi bizim kutular\u0131m\u0131zdan iyi de\u011fil. \u00c7inlilerin kutular\u0131 var, onlar ayr\u0131 bir segment; \u00e7ok ucuz ve kalitesiz. Bir de Ankutsan markas\u0131 olu\u015ftu. Biz tam arada konumland\u0131k; kaliteli kutu yap\u0131yoruz, \u00c7inlilerden pahal\u0131 Amerikal\u0131lardan ucuz sat\u0131yoruz ve s\u00fcreklili\u011fimiz var. Bunlara ilave olarak Kuzey Afrika pazar\u0131nda kuvvetliyiz, b\u00fcy\u00fck bir ya\u015f meyve sebze pazar\u0131 var.<\/p>\n<p><img loading=\"lazy\" class=\"wp-image-3091  alignleft\" src=\"http:\/\/www.ambalajveetiket.com\/wp-content\/uploads\/2019\/02\/MH_Sayi186_Ankutsan_03_ANKARA_FAB_DIS-200x103.jpg\" alt=\"\" width=\"474\" height=\"244\"><\/p>\n<p><strong>\u2022 Mersin ve \u0130hracattaki b\u00fcy\u00fcme sonras\u0131nda yeni yat\u0131r\u0131mlar\u0131n\u0131z oldu mu?<\/strong><br \/>\nAnkutsan\u2019\u0131n geli\u015fimine paralel olarak yat\u0131r\u0131mlar\u0131m\u0131z da devam etti. Mersin fabrikam\u0131zdan sonra 2015\u2019in sonunda Ankara\u2019ya bir yat\u0131r\u0131m yapmaya karar verdik. 2016 Nisan\u2019da temellerini att\u0131\u011f\u0131m\u0131z fabrikam\u0131zdan 2016 Aral\u0131k ay\u0131nda ilk faturam\u0131z kesilmi\u015fti. Ankara fabrikam\u0131z \u015fu an T\u00fcrkiye\u2019deki en teknolojik oluklu mukavva hatt\u0131na sahip. End\u00fcstri 4.0 normlar\u0131na uygun olarak \u00fcretim yapt\u0131\u011f\u0131m\u0131z tesisimizde \u00fcr\u00fcnler tamamen otomasyon sistemleri yard\u0131m\u0131yla el de\u011fmeden \u00fcretilip sevk ediliyor. End\u00fcstri 4.0 i\u00e7in \u00e7ok fazla yaz\u0131l\u0131yor \u00e7iziliyor ancak bir\u00e7ok sanayici gibi tam olarak ne oldu\u011funu biz de bilmiyorduk. 1-1,5 sene bu konuda m\u00fchendis ekiplerimiz ile yo\u011fun ara\u015ft\u0131rmalar yapt\u0131k. \u00d6zellikle Almanya, \u0130talya gibi sekt\u00f6rde teknolojik olarak ileri seviyedeki \u00fclkelerde bir\u00e7ok fabrika gezdik. Makineler birbiriyle nas\u0131l konu\u015fuyor, End\u00fcstri 4.0 nedir, personel maliyetlerine etkisi yeterli midir, daha y\u00fcksek kaliteli \u00fcr\u00fcnleri nas\u0131l \u00fcretiyorlar gibi ara\u015ft\u0131rmalar yapt\u0131k. Kendimize \u00f6rnek ald\u0131\u011f\u0131m\u0131z yerler oldu. Bunlarla ilgili projeler ba\u015flatt\u0131k. 2017 y\u0131l\u0131nda Ar-Ge merkezi i\u00e7in ba\u015fvurumuzu tamamlad\u0131k, denetimden ge\u00e7tik ve sekt\u00f6rde Bakanl\u0131k onayl\u0131 ilk Ar-Ge Merkezini kuran firma olduk.<br \/>\n<strong>\u2022 Ar-Ge Merkezi\u2019nde ne yap\u0131yorsunuz?<\/strong><br \/>\nA\u011f\u0131rl\u0131kl\u0131 olarak \u00fcr\u00fcn geli\u015ftiriyoruz. Kutu denilince d\u00fcnyada genel ge\u00e7er modeller vard\u0131r. Ofset kutu da \u00fcretseniz, bizim gibi oluklu mukavvadan da kutu \u00fcretseniz genel kabul g\u00f6rm\u00fc\u015f, patentli kutu modelleri var. Bu standart kutularla yapaca\u011f\u0131n\u0131z \u00fcr\u00fcnler her zaman m\u00fc\u015fterinizin s\u00fcre\u00e7lerine de\u011fer katmaya yetmeyebiliyor. Ar-Ge merkezindeki arkada\u015flar sat\u0131\u015f, pazarlama ve \u00fcr\u00fcn geli\u015ftirme ekipleri ile m\u00fc\u015fterilerimizin \u00fcr\u00fcnlerini inceliyor, \u00f6rne\u011fin portakal \u00fcretimi yapan bir m\u00fc\u015fterimiz i\u00e7in farkl\u0131 bir kutu \u00e7\u00f6z\u00fcm\u00fc sunabiliyor. Bununla beraber kutular\u0131n \u00fcretiminde kulland\u0131\u011f\u0131m\u0131z k\u00e2\u011f\u0131tlar\u0131m\u0131z\u0131n kalitesiyle ilgili ciddi \u00e7al\u0131\u015fmalar yap\u0131yoruz. Bizim kutular\u0131n\u0131 \u00fcretti\u011fimiz firmalar, bu kutular\u0131n i\u00e7ine kendi \u00fcr\u00fcnlerini koyup uzak mesafelere ihracat da yapt\u0131klar\u0131 i\u00e7in, onlar\u0131n \u00fcr\u00fcnlerini daha iyi ve daha uzun s\u00fcre nas\u0131l koruyabiliriz diye \u00e7al\u0131\u015fmalar yap\u0131yoruz. Ar-Ge merkezimin mesaisi k\u00e2\u011f\u0131t fabrikam\u0131zdan sonra daha da artt\u0131. Entegrasyon vizyonumuz do\u011frultusunda 2018 y\u0131l\u0131 i\u00e7erisinde ilk k\u00e2\u011f\u0131t fabrikas\u0131 yat\u0131r\u0131m\u0131m\u0131z\u0131 yaparak, Ankutsan Adana K\u00e2\u011f\u0131t Fabrikas\u0131n\u0131 devreye ald\u0131k. Adana fabrikam\u0131z\u0131n, \u00fclkemizin de hedefleriyle do\u011fru orant\u0131l\u0131 olarak, ithalat\u0131m\u0131z\u0131 azalt\u0131p katma de\u011ferli \u00fcr\u00fcnlerle ihracat yapmam\u0131za yard\u0131mc\u0131 olmas\u0131 a\u00e7\u0131s\u0131ndan stratejik de\u011feri var. Dengeyi kurmam\u0131z gerekiyor. Biz ve bizim gibi bir\u00e7ok oluklu mukavva \u00fcreticisi \u00fcretti\u011fi \u00fcr\u00fcnlerde, b\u00fcy\u00fck oranda ithalat yoluyla tedarik edilen Kraft vb. k\u00e2\u011f\u0131tlar\u0131 kullan\u0131yor. Bu ister istemez sekt\u00f6r\u00fcn ithal ba\u011f\u0131ml\u0131l\u0131\u011f\u0131n\u0131 getiriyor. Biz bu yat\u0131r\u0131mdan sonra kendi b\u00fcnyemizdeki kutu \u00fcretimlerimizde kulland\u0131\u011f\u0131m\u0131z k\u00e2\u011f\u0131tlar\u0131n y\u00fczde 30\u2019unu yine kendi b\u00fcnyemizde \u00fcretir hale geliyoruz. \u0130thalat\u0131n \u00f6n\u00fcn\u00fc kesiyoruz ve kendi k\u00e2\u011f\u0131tlar\u0131m\u0131zla kutu \u00fcretip bu kutular\u0131 ihra\u00e7 ediyoruz.<br \/>\n<strong>\u2022 Bundan sonra yeni lokasyon, yeni yat\u0131r\u0131m var m\u0131?<\/strong><br \/>\n2018 i\u00e7inde Adana Ka\u011f\u0131t Fabrikas\u0131 ve \u00c7erkezk\u00f6y Oluklu Mukavva Kutu Fabrikas\u0131 yat\u0131r\u0131mlar\u0131m\u0131z\u0131 tamamlad\u0131k. \u0130stanbul Esenyurt\u2019taki fabrikam\u0131z\u0131 Ankara\u2019daki gibi son teknoloji bir oluklu hatt\u0131 ve di\u011fer kutu makineleri yat\u0131r\u0131m\u0131 ile \u00c7erkezk\u00f6y Organize Sanayi B\u00f6lgesi\u2019ne ta\u015f\u0131d\u0131k. Orada ciddi bir kapasite olacak. Tam kapasiteye ula\u015ft\u0131\u011f\u0131nda en b\u00fcy\u00fck fabrikam\u0131z olacak. Son d\u00f6nemde bu iki yat\u0131r\u0131ma yo\u011funla\u015ft\u0131k. 2019 y\u0131l\u0131nda bu yeni iki tesisimizin geli\u015fimini tamamlarken ayn\u0131 zamanda SAP ile dijital d\u00f6n\u00fc\u015f\u00fcm, Turquality marka program\u0131 ve organizasyonel geli\u015fim taraf\u0131ndaki \u00e7al\u0131\u015fmalar\u0131m\u0131za a\u011f\u0131rl\u0131k veriyor olaca\u011f\u0131z. 2020 ve sonras\u0131 i\u00e7in yeni yat\u0131r\u0131m planlar\u0131m\u0131z olacak.<br \/>\n<strong>\u2022 Yurt d\u0131\u015f\u0131na yat\u0131r\u0131m plan\u0131 var m\u0131?<\/strong><br \/>\nYurt d\u0131\u015f\u0131na d\u00f6n\u00fck yat\u0131r\u0131m planlar\u0131m\u0131z var. Bir s\u00fcredir bu konudaki ara\u015ft\u0131rmalar\u0131m\u0131z\u0131 ve fizibilite \u00e7al\u0131\u015fmalar\u0131m\u0131z\u0131 s\u00fcrd\u00fcr\u00fcyoruz. Bu olas\u0131 yat\u0131r\u0131m konjonkt\u00fcre g\u00f6re g\u00fcndeme al\u0131nabilir.<br \/>\n<strong>\u2022 Son birka\u00e7 y\u0131ldaki b\u00fcy\u00fcme oranlar\u0131n\u0131z nedir?<\/strong><br \/>\nBizler b\u00fcy\u00fcme rakamlar\u0131n\u0131 birka\u00e7 farkl\u0131 \u015fekilde de\u011ferlendiriyoruz. K\u00e2\u011f\u0131t fiyatlar\u0131ndaki de\u011fi\u015fimler sebebiyle sadece T\u00fcrk Liras\u0131 olarak bakam\u0131yoruz. Son 3 y\u0131l\u0131n ortalamas\u0131nda TL baz\u0131nda b\u00fcy\u00fcmemiz %60\u2019\u0131n \u00fczerinde. Di\u011fer taraftan \u00fcretim miktar\u0131 olarak y\u0131ll\u0131k bile\u015fik b\u00fcy\u00fcmelere bakt\u0131\u011f\u0131m\u0131zda, tonaj baz\u0131nda ortalama y\u00fczde 30 civar\u0131nda bir b\u00fcy\u00fcmemiz var.<br \/>\n<strong>\u2022 Bunun motoru ihracat m\u0131 yoksa i\u00e7 piyasada da sizin domine etti\u011finiz sekt\u00f6rler var m\u0131?<\/strong><br \/>\nEvet, i\u00e7 piyasada ya\u015f meyve sebze gibi g\u00fc\u00e7l\u00fc oldu\u011fumuz sekt\u00f6rler var ancak domine etmemizi sa\u011flayacak kadar elimizi kuvvetlendirecek, grup olarak ba\u011fl\u0131 oldu\u011fumuz g\u00fc\u00e7l\u00fc holdingler yok. T\u00fcrkiye pazar\u0131nda bizim de dahil oldu\u011fumuz ilk 5 firmaya bakt\u0131\u011f\u0131m\u0131zda, 3 tanesi yabanc\u0131 sermayeli kurulu\u015flar. Bir tanesi d\u00fcnyan\u0131n, di\u011feri Avrupa\u2019n\u0131n bu sekt\u00f6rde en b\u00fcy\u00fc\u011f\u00fc. Bizim gibi tamam\u0131 yerli sermayeli bir firma daha var, onlar da ba\u015fka sekt\u00f6rlerde de faaliyet g\u00f6steren bir holdinge kurulu\u015fu. \u0130hracat taraf\u0131nda rakamlar dinamik, analizlerini yap\u0131yoruz. 2018\u2019de oluklu mukavva sekt\u00f6r\u00fcnde en fazla kutu ihracat\u0131 yapan firmay\u0131z. Ayn\u0131 zamanda Ankara fabrikam\u0131z\u0131n faaliyete ge\u00e7mesinden sonra oluklu mukavva yar\u0131 mamul sat\u0131\u015f\u0131nda pazar pay\u0131m\u0131z da olduk\u00e7a y\u00fcksek.<br \/>\n<strong>\u2022 Hangi bask\u0131 teknolojilerini kullan\u0131yorsunuz?<\/strong><br \/>\nA\u011f\u0131rl\u0131kl\u0131 olarak flekso bask\u0131 kullan\u0131yoruz. Masterflex bask\u0131 teknolojisi kullanarak da \u00fcretim yap\u0131yoruz.<br \/>\n<strong>\u2022 Tirajlar hangi aral\u0131kta?<\/strong><br \/>\n\u00dcr\u00fcnlere g\u00f6re de\u011fi\u015fkenlik g\u00f6sterir ancak ortalama 6 -7 bin adet aral\u0131\u011f\u0131nda diyebilirim.<br \/>\n<strong>\u2022 Olukluda dijital bask\u0131 yat\u0131r\u0131m\u0131 g\u00fcndemde mi?<\/strong><br \/>\nDirekt olukluda bask\u0131 konusunu da de\u011ferlendiriyoruz ama \u015fu an i\u00e7in g\u00fcndemimizde diyemeyiz. Olukluda olmasa da kutu taraf\u0131nda dijital makine yat\u0131r\u0131m\u0131 yapan bir iki firma oldu son d\u00f6nemde, bizim de analizlerimiz oluyor bu konuda ancak yat\u0131r\u0131mlar\u0131m\u0131za karar verirken baz\u0131 \u00f6nceliklerimiz var. Bu do\u011frultuda dijital bask\u0131 yat\u0131r\u0131m\u0131 k\u0131sa vadeli g\u00fcndemimizde yer alm\u0131yor.<br \/>\n<strong>\u2022 Ankutsan ve Kutay A.\u015e. olarak toplam ka\u00e7 ki\u015fi istihdam ediliyor?<\/strong><br \/>\n2019 y\u0131l\u0131nda baz\u0131 ilave vardiyalar ve olu\u015fturaca\u011f\u0131m\u0131z ilave istihdam ile 800 ki\u015filik b\u00fcy\u00fck bir aile olmaya yolunda ilerliyoruz. 2014\u2019te start\u0131n\u0131 verdi\u011fimiz kurumsal d\u00f6n\u00fc\u015f\u00fcm\u00fcz do\u011frultusunda son 5 y\u0131lda \u00e7al\u0131\u015fan say\u0131m\u0131z yakla\u015f\u0131k 4 kat artt\u0131.<br \/>\nBu y\u0131l a\u00e7\u0131klanacak 2018 rakamlar\u0131 ile \u0130stanbul Sanayi Odas\u0131n\u0131n yay\u0131nlad\u0131\u011f\u0131 T\u00fcrkiye\u2019nin ilk 500 b\u00fcy\u00fck sanayi kurulu\u015fu aras\u0131nda yer alaca\u011f\u0131m\u0131z\u0131 d\u00fc\u015f\u00fcn\u00fcyoruz. Ge\u00e7ti\u011fimiz y\u0131l ilk 1000 sanayi kurulu i\u00e7erisinde 505\u2019nci s\u0131rada yer alm\u0131\u015ft\u0131k.<\/p>\n","protected":false},"excerpt":{"rendered":"<p>Antalya Kutu Sanayi Oluklu Mukavva K\u00e2\u011f\u0131t Tic. A.\u015e (Ankutsan) sekt\u00f6rde 17 y\u0131ld\u0131r faaliyet g\u00f6steriyor. 2002 y\u0131l\u0131nda tek bir makinesi ile devral\u0131nm\u0131\u015f k\u00fc\u00e7\u00fck bir kutu at\u00f6lyesinde do\u011fan Ankutsan bug\u00fcn sekt\u00f6r\u00fcn devi haline gelmi\u015f bulunuyor. Sekt\u00f6re y\u00f6n veren, \u00e7ok uluslu, \u00e7ok tesisli ve ayn\u0131 zamanda k\u00e2\u011f\u0131t \u00fcreticisi olan \u015firketlerin aras\u0131nda ilk be\u015fte yer almay\u0131 ba\u015faran Ankutsan, 5 [&hellip;]<\/p>\n","protected":false},"author":2,"featured_media":3823,"comment_status":"closed","ping_status":"open","sticky":false,"template":"","format":"standard","meta":[],"categories":[1,42],"tags":[],"_links":{"self":[{"href":"https:\/\/www.ambalajveetiket.com\/index.php\/wp-json\/wp\/v2\/posts\/3088"}],"collection":[{"href":"https:\/\/www.ambalajveetiket.com\/index.php\/wp-json\/wp\/v2\/posts"}],"about":[{"href":"https:\/\/www.ambalajveetiket.com\/index.php\/wp-json\/wp\/v2\/types\/post"}],"author":[{"embeddable":true,"href":"https:\/\/www.ambalajveetiket.com\/index.php\/wp-json\/wp\/v2\/users\/2"}],"replies":[{"embeddable":true,"href":"https:\/\/www.ambalajveetiket.com\/index.php\/wp-json\/wp\/v2\/comments?post=3088"}],"version-history":[{"count":1,"href":"https:\/\/www.ambalajveetiket.com\/index.php\/wp-json\/wp\/v2\/posts\/3088\/revisions"}],"predecessor-version":[{"id":3824,"href":"https:\/\/www.ambalajveetiket.com\/index.php\/wp-json\/wp\/v2\/posts\/3088\/revisions\/3824"}],"wp:featuredmedia":[{"embeddable":true,"href":"https:\/\/www.ambalajveetiket.com\/index.php\/wp-json\/wp\/v2\/media\/3823"}],"wp:attachment":[{"href":"https:\/\/www.ambalajveetiket.com\/index.php\/wp-json\/wp\/v2\/media?parent=3088"}],"wp:term":[{"taxonomy":"category","embeddable":true,"href":"https:\/\/www.ambalajveetiket.com\/index.php\/wp-json\/wp\/v2\/categories?post=3088"},{"taxonomy":"post_tag","embeddable":true,"href":"https:\/\/www.ambalajveetiket.com\/index.php\/wp-json\/wp\/v2\/tags?post=3088"}],"curies":[{"name":"wp","href":"https:\/\/api.w.org\/{rel}","templated":true}]}}