{"id":3118,"date":"2019-03-07T14:45:01","date_gmt":"2019-03-07T11:45:01","guid":{"rendered":"http:\/\/www.ambalajveetiket.com\/?p=3118"},"modified":"2021-03-25T23:11:20","modified_gmt":"2021-03-25T20:11:20","slug":"kasad-yilin-ilk-toplantisini-gerceklestirdi","status":"publish","type":"post","link":"https:\/\/www.ambalajveetiket.com\/index.php\/2019\/03\/07\/kasad-yilin-ilk-toplantisini-gerceklestirdi\/","title":{"rendered":"KASAD y\u0131l\u0131n ilk toplant\u0131s\u0131n\u0131 ger\u00e7ekle\u015ftirdi"},"content":{"rendered":"<p><strong>Ge\u00e7ti\u011fimiz y\u0131l\u0131n son aylar\u0131nda Duran Makina\u2019n\u0131n % 80 hissesi Koenig &amp; Bauer taraf\u0131ndan devral\u0131nm\u0131\u015f ve firma Koenig &amp; Bauer Duran ad\u0131n\u0131 alm\u0131\u015ft\u0131. Karton Ambalaj Sanayicileri Derne\u011fi\u2019nin y\u0131l\u0131n ilk tan\u0131t\u0131m toplant\u0131s\u0131n\u0131n konu\u011fu Koenig &amp; Bauer Duran oldu.<\/strong><\/p>\n<p>Karton Ambalaj Sanayicileri Derne\u011fi, y\u0131l\u0131n ilk toplant\u0131s\u0131nda Koenig &amp; Bauer Duran\u2019\u0131 konuk etti. Swissotel Bosphorus\u2019un Geneva salonunda 28 \u015eubat\u2019ta ger\u00e7ekle\u015ftirilen, yeni \u00fcyelerin de kat\u0131l\u0131m\u0131yla kalabal\u0131k bir davetli grubunun huzurunda, Koenig &amp; Bauer\u2019in sekt\u00f6re sundu\u011fu \u00e7\u00f6z\u00fcmler ve yenilikler tan\u0131t\u0131ld\u0131.<\/p>\n<p><strong>Karton ambalaj\u0131n ivmesinin y\u00fckseldi\u011fi bir y\u0131l\u0131n \u00f6zeti<\/strong><\/p>\n<p>KASAD\u2019\u0131n Avrupa\u2019n\u0131n en faal iki sekt\u00f6r derne\u011finden biri oldu\u011funun a\u00e7\u0131kland\u0131\u011f\u0131 toplant\u0131n\u0131n a\u00e7\u0131l\u0131\u015f\u0131nda Genel Sekreter Erol G\u00fcl, KASAD\u2019\u0131n ge\u00e7ti\u011fimiz y\u0131l ger\u00e7ekle\u015fen 9 tan\u0131t\u0131m toplant\u0131s\u0131 ve seminerlerle di\u011fer etkinlikleri \u00f6zetledi. Bunlar; Bobst \u0130stanbul toplant\u0131s\u0131, Ayd\u0131n \u00dcniversitesi Semineri, Matset \/ HP Indigo toplant\u0131s\u0131, Ni\u015fanta\u015f\u0131 \u00dcniversitesi semineri, Matkim \/ Weilburger toplant\u0131s\u0131, Pak Grubu\u2019nun Kartonsan ve Macedonia Paper Mills MEL S.A. fabrika turlar\u0131, Fujifilm toplant\u0131s\u0131, Duran Makina toplant\u0131s\u0131, Bozbo\u011fa iftar yeme\u011fi bulu\u015fmas\u0131; yaz aylar\u0131nda Marmara \u00dcniversitesi ve \u0130T\u00dc mezuniyet t\u00f6renleri, Sekamsan sponsorlu\u011fu ve Duran Makina Fujifilm ve Matkim\u2019in e\u011fitici olarak kat\u0131ld\u0131\u011f\u0131 \u00e7al\u0131\u015fanlara y\u00f6nelik seminer; Riga\u2019da ECMA Kongresi kat\u0131l\u0131m\u0131 ve Avrasya Ambalaj 2018 kat\u0131l\u0131m\u0131 ger\u00e7ekle\u015fti. Met Ka\u011f\u0131t ve Met Pack\u2019\u0131n \u00e7a\u011fr\u0131l\u0131 konu\u015fmac\u0131s\u0131 olarak \u00d6zg\u00fcr Demirta\u015f KASAD toplant\u0131s\u0131nda bir konu\u015fma yapt\u0131. Fineks \/ Kotkamills Toyo ve Heidelberg toplant\u0131lar\u0131yla y\u0131l sona erdi.<\/p>\n<p>Erol G\u00fcl, T\u00fcrkiye\u2019de ambalaj sekt\u00f6r\u00fcn\u00fcn b\u00fcy\u00fcme potansiyelini ve T\u00fcrk firmalar\u0131n\u0131n i\u00e7 pazar\u0131n yan\u0131 s\u0131ra uluslararas\u0131 alandaki performans\u0131n\u0131 ortaya koyan, bir k\u0131sm\u0131na \u00f6nceki say\u0131lar\u0131m\u0131zda yer verdi\u011fimiz b\u00fcy\u00fck projeleri de tekrar hat\u0131rlatt\u0131.<\/p>\n<p>Boz\u00fcy\u00fck\u2019te 90 bin ton\/y\u0131l kapasiteli oluklu mukavva kutu fabrikas\u0131 kuran Kipa\u015f Holding Ayd\u0131n\u2019\u0131n S\u00f6ke il\u00e7esinde, 500 milyon dolarl\u0131k yat\u0131r\u0131mla, at\u0131k k\u00e2\u011f\u0131ttan karton \u00fcretecek, 700 bin ton\/y\u0131l kapasiteli Avrupa\u2019n\u0131n en b\u00fcy\u00fck k\u00e2\u011f\u0131t makinesini kuruyor. Yat\u0131r\u0131m\u0131n 2020 y\u0131l\u0131n\u0131n ikinci \u00e7eyre\u011finde tamamlanmas\u0131 bekleniyor.<\/p>\n<p>Duran Do\u011fan Ambalaj\u2019a T\u00fcrkiye\u2019nin en uzun tabaka ofset bask\u0131 makinesi, d\u00fcnya \u00e7ap\u0131nda \u00fc\u00e7 adet bulunan \u00f6zel bir konfig\u00fcrasyonla, \u00e7ift lak \u00fcniteli Heidelberg XL 145 8+LYYL-UV tabaka ofset bask\u0131 makinesi kuruldu. Firma bu yat\u0131r\u0131m\u0131yla toplamda 75 bin ton kapasiteye ula\u015ft\u0131.<\/p>\n<p>\u0130zmir, Karaman ve Gaziantep yat\u0131r\u0131mlar\u0131 olan Barem Ambalaj Gaziantep\u2019te yeni bir fabrika kurdu ve KBA Rapida 164 6 + \u00e7ift lak \u00fcniteli ofset bask\u0131 makinesini i\u015fletmeye ald\u0131. Barem Ambalaj bu yat\u0131r\u0131mla y\u0131ll\u0131k 75 bin ton kapasiteye ula\u015ft\u0131.<\/p>\n<p>Heidelberg Abonelik (Subscription) modelinin T\u00fcrkiye\u2019de ilk kez hayata ge\u00e7irildi\u011fi Sentez Ambalaj, ilk makinesi XL 106\u2019n\u0131n \u00fcretime ba\u015flat\u0131lmas\u0131n\u0131n ard\u0131ndan \u015fimdi ikinci makinesini, Heidelberg XL 162\u2019yi bekliyor.<\/p>\n<p>Son olarak, Koenig &amp; Bauer Duran Makina ile birle\u015fti ve Duran Makina, Koenig &amp; Bauer Duran oldu.<\/p>\n<p><strong>Alican Duran; \u201cKASAD Avrupa\u2019n\u0131n en faal iki karton ambalaj derne\u011finden biri\u201d<\/strong><\/p>\n<p>KASAD Ba\u015fkan\u0131 Alican Duran, \u201cGer\u00e7ekten faal bir derne\u011fiz; Avrupa\u2019da bile sekt\u00f6rel dernekler aras\u0131nda Alman karton ambalaj sekt\u00f6r derne\u011fi FFI ile birlikte en faal dernekler olarak di\u011ferlerinden ayr\u0131\u015fm\u0131\u015f durumday\u0131z\u201d diyor ve \u015f\u00f6yle devam ediyor: \u201cKoenig &amp; Bauer \u2013 Duran Makina birle\u015fmesi karton ambalaj sekt\u00f6r\u00fc i\u00e7in \u00e7ok b\u00fcy\u00fck bir olay. \u00c7\u00fcnk\u00fc d\u00fcnyada ambalaj makinelerinin duayen \u00fcreticisi \u00fclke Almanya\u2019d\u0131r ve ilk defa b\u00f6yle lider bir \u00fclkenin T\u00fcrkiye\u2019de bir ambalaj makinas\u0131 \u00fcreticisine ortak olmas\u0131, T\u00fcrk ambalaj\u0131 a\u00e7\u0131s\u0131ndan \u00e7ok \u00f6nemli bir d\u00f6n\u00fcm noktas\u0131d\u0131r. Bu bence hepimiz a\u00e7\u0131s\u0131ndan ciddi, \u00f6nemli ve \u00e7ok b\u00fcy\u00fck bir ad\u0131md\u0131r.\u201d<\/p>\n<p>Yap\u0131lan t\u00fcm ara\u015ft\u0131rmalar\u0131n 2030\u2019a kadar Avrupa\u2019da karton ambalajda ger\u00e7ekle\u015fecek b\u00fcy\u00fcmenin yar\u0131s\u0131n\u0131n T\u00fcrkiye\u2019den gelece\u011fini \u00f6ng\u00f6rd\u00fc\u011f\u00fcn\u00fc belirten Duran, ekliyor. \u201cBu ara\u015ft\u0131rmalar ECMA\u2019n\u0131n g\u00f6revlendirdi\u011fi ba\u011f\u0131ms\u0131z kurulu\u015flar taraf\u0131ndan yap\u0131l\u0131yor. B\u00f6yle bir durumda gelece\u011fimizin \u00e7ok parlak oldu\u011funu g\u00f6z ard\u0131 edemeyiz.\u201d<\/p>\n<p><strong>Zeki Sar\u0131bekir; \u201c\u00dcretimin yar\u0131s\u0131n\u0131 ihra\u00e7 etmeliyiz\u201d<\/strong><\/p>\n<p>KASAD toplant\u0131s\u0131na konuk olan Ambalaj Sanayicileri Derne\u011fi (ASD) Ba\u015fkan\u0131 Zeki Sar\u0131bekir, \u201cT\u00fcrkiye ambalaj sekt\u00f6r\u00fc 2018 y\u0131l\u0131nda 23 milyar dolar b\u00fcy\u00fckl\u00fc\u011f\u00fcne ula\u015ft\u0131; 80 \u00fclkeye 4 milyar 600 milyon dolar de\u011ferinde 2 milyon 330 bin ton ambalaj ihracat\u0131 ger\u00e7ekle\u015ftirdi\u201d diyor ve \u015f\u00f6yle devam ediyor:<\/p>\n<p>\u201cAmbalaj sekt\u00f6r\u00fcm\u00fcz\u00fcn 2018 y\u0131l\u0131nda d\u0131\u015f ticaret fazlas\u0131 1 milyar 300 milyon dolar oldu. \u00dclke ekonomisinin en \u00f6nemli sorunlar\u0131ndan biri olan d\u0131\u015f ticaret a\u00e7\u0131\u011f\u0131n\u0131n azalt\u0131lmas\u0131na verdi\u011fimiz katk\u0131y\u0131 artt\u0131rarak s\u00fcrd\u00fcr\u00fcyoruz. Bununla birlikte ambalaj birim fiyatlar\u0131nda T\u00fcrkiye ortalamas\u0131n\u0131n \u00fczerinde bir performans ger\u00e7ekle\u015ftirmeye devam ediyoruz. Ambalaj malzemeleri ihracat\u0131nda k\u00e2\u011f\u0131t karton ambalajlar\u0131n %25\u2019lik bir payla ikinci s\u0131rada yer ald\u0131\u011f\u0131n\u0131 g\u00f6r\u00fcyoruz. Bunun i\u00e7in hepinizi tekrar kutluyorum.\u201d<\/p>\n<p>Ambalaj sekt\u00f6r\u00fc ihracat\u0131n\u0131n 2018 y\u0131l\u0131nda de\u011fer olarak 2017\u2019ye g\u00f6re % 11, miktar olarak %10 artt\u0131\u011f\u0131n\u0131 belirten Zeki Sar\u0131bekir, daha \u00e7ok \u00fclkeye ve pazara ihracat yap\u0131lmas\u0131, \u00fcretimin en az yar\u0131s\u0131n\u0131n ihra\u00e7 edilmesi gerekti\u011fini vurguluyor. Sar\u0131bekir, Cumhuriyet\u2019in 100. Kurulu\u015f Y\u0131ld\u00f6n\u00fcm\u00fc olan 2023\u2019e kadar 30 milyar dolar pazar b\u00fcy\u00fckl\u00fc\u011f\u00fc ve 10 milyar dolar ihracat hedefine ula\u015fmalar\u0131 gerekti\u011fini yineliyor. Sar\u0131bekir; ilk fuardan bu yana 40 kat b\u00fcy\u00fcyen ve her y\u0131l d\u00fczenlenen Avrasya Ambalaj End\u00fcstrisi Fuar\u0131\u2019n\u0131n \u00fc\u00e7 y\u0131ll\u0131k ziyaret\u00e7i say\u0131s\u0131n\u0131n \u00fc\u00e7 y\u0131lda bir d\u00fczenlenen interpack\u2019\u0131n ziyaret\u00e7i say\u0131s\u0131na ula\u015ft\u0131\u011f\u0131n\u0131 belirterek, KASAD \u00fcyelerini 23- 26 Ekim tarihlerinde d\u00fczenlenecek Avrasya Ambalaj 2019\u2019a davet ediyor.<\/p>\n<p>Teknolojik geli\u015fmelere uyum sa\u011flamak gerekti\u011fini belirten Sar\u0131bekir, s\u00f6z\u00fc \u00f6d\u00fcllere getiriyor ve World Star 2019\u2019da 22 \u00f6d\u00fclle T\u00fcrkiye\u2019nin Japonya\u2019n\u0131n ard\u0131ndan ikinci s\u0131ray\u0131 ald\u0131\u011f\u0131n\u0131 hat\u0131rlat\u0131yor. 2020 Ambalaj Ayy\u0131ld\u0131zlar\u0131 yar\u0131\u015fma takvimi de yak\u0131nda a\u00e7\u0131klanacak. ASD 21-22 Kas\u0131m tarihlerinde 1. Uluslararas\u0131 Ambalaj Kongresi ad\u0131yla bir kongre d\u00fczenleyecek. ASD Ba\u015fkan\u0131 \u00fcyeleri ve davetlileri Kongre\u2019ye kat\u0131lmaya davet ediyor.<\/p>\n","protected":false},"excerpt":{"rendered":"<p>Ge\u00e7ti\u011fimiz y\u0131l\u0131n son aylar\u0131nda Duran Makina\u2019n\u0131n % 80 hissesi Koenig &amp; Bauer taraf\u0131ndan devral\u0131nm\u0131\u015f ve firma Koenig &amp; Bauer Duran ad\u0131n\u0131 alm\u0131\u015ft\u0131. Karton Ambalaj Sanayicileri Derne\u011fi\u2019nin y\u0131l\u0131n ilk tan\u0131t\u0131m toplant\u0131s\u0131n\u0131n konu\u011fu Koenig &amp; Bauer Duran oldu. Karton Ambalaj Sanayicileri Derne\u011fi, y\u0131l\u0131n ilk toplant\u0131s\u0131nda Koenig &amp; Bauer Duran\u2019\u0131 konuk etti. Swissotel Bosphorus\u2019un Geneva salonunda 28 \u015eubat\u2019ta [&hellip;]<\/p>\n","protected":false},"author":2,"featured_media":3809,"comment_status":"closed","ping_status":"open","sticky":false,"template":"","format":"standard","meta":[],"categories":[72,1],"tags":[],"_links":{"self":[{"href":"https:\/\/www.ambalajveetiket.com\/index.php\/wp-json\/wp\/v2\/posts\/3118"}],"collection":[{"href":"https:\/\/www.ambalajveetiket.com\/index.php\/wp-json\/wp\/v2\/posts"}],"about":[{"href":"https:\/\/www.ambalajveetiket.com\/index.php\/wp-json\/wp\/v2\/types\/post"}],"author":[{"embeddable":true,"href":"https:\/\/www.ambalajveetiket.com\/index.php\/wp-json\/wp\/v2\/users\/2"}],"replies":[{"embeddable":true,"href":"https:\/\/www.ambalajveetiket.com\/index.php\/wp-json\/wp\/v2\/comments?post=3118"}],"version-history":[{"count":1,"href":"https:\/\/www.ambalajveetiket.com\/index.php\/wp-json\/wp\/v2\/posts\/3118\/revisions"}],"predecessor-version":[{"id":3810,"href":"https:\/\/www.ambalajveetiket.com\/index.php\/wp-json\/wp\/v2\/posts\/3118\/revisions\/3810"}],"wp:featuredmedia":[{"embeddable":true,"href":"https:\/\/www.ambalajveetiket.com\/index.php\/wp-json\/wp\/v2\/media\/3809"}],"wp:attachment":[{"href":"https:\/\/www.ambalajveetiket.com\/index.php\/wp-json\/wp\/v2\/media?parent=3118"}],"wp:term":[{"taxonomy":"category","embeddable":true,"href":"https:\/\/www.ambalajveetiket.com\/index.php\/wp-json\/wp\/v2\/categories?post=3118"},{"taxonomy":"post_tag","embeddable":true,"href":"https:\/\/www.ambalajveetiket.com\/index.php\/wp-json\/wp\/v2\/tags?post=3118"}],"curies":[{"name":"wp","href":"https:\/\/api.w.org\/{rel}","templated":true}]}}