{"id":3136,"date":"2019-03-07T14:59:10","date_gmt":"2019-03-07T11:59:10","guid":{"rendered":"http:\/\/www.ambalajveetiket.com\/?p=3136"},"modified":"2021-03-25T23:10:52","modified_gmt":"2021-03-25T20:10:52","slug":"bobst-etiket-ve-ambalaj-inovasyonlari-tanitim-toplantisi","status":"publish","type":"post","link":"https:\/\/www.ambalajveetiket.com\/index.php\/2019\/03\/07\/bobst-etiket-ve-ambalaj-inovasyonlari-tanitim-toplantisi\/","title":{"rendered":"BOBST etiket ve ambalaj inovasyonlar\u0131 tan\u0131t\u0131m toplant\u0131s\u0131"},"content":{"rendered":"<p>Imeks Grup Sat\u0131\u015f M\u00fcd\u00fcr\u00fc Emrah Korugan; \u201cREVO \u00c7\u00f6z\u00fcm ortaklar\u0131 ve Mouvent ile birlikte, Imeks Grup sekt\u00f6rdeki en b\u00fcy\u00fck etiket etkinliklerinden birine davet ediyo. Daha \u00f6nce kimsenin yapmad\u0131\u011f\u0131 bir \u015fekilde dijitalle\u015fmeyi kullanarak etiket ve ambalaj \u00fcretiminde \u00f6nemli yenilikleri ke\u015ffetmenizi sa\u011flayaca\u011f\u0131z\u201d diyor.<\/p>\n<p>Bu tan\u0131t\u0131n toplant\u0131s\u0131nda ki\u015fiselle\u015ftirme, \u00f6zelle\u015ftirme, k\u0131sa tiraj, g\u00fcvenlik, renk y\u00f6netimi, verimlilik, esneklik ve maliyet optimizasyonunun anahtar kelimeler oldu\u011fu, de\u011fi\u015fen bir etiket d\u00fcnyas\u0131nda, BOBST, Mouvent ve REVO ortaklar\u0131n\u0131n etiket \u00fcreticilerinin de\u011fi\u015fen beklentilerine ne gibi \u00e7\u00f6z\u00fcmler ile yard\u0131mc\u0131 olaca\u011f\u0131 \u00f6\u011frenilecek. Korugan, \u201c\u00c7ok me\u015fgul ve yo\u011fun bir takviminiz oldu\u011funu biliyoruz, bu nedenle saat 10:00\u2019da ba\u015flay\u0131p saat 17:00\u2019da bitecek bir g\u00fcnl\u00fck bir etkinlik tasarlad\u0131k\u201d diyor.Kat\u0131lmak i\u00e7in farkl\u0131 alternatifli tarihler de sunuluyor: 2 Nisan Sal\u0131, 3 Nisan \u00c7ar\u015famba veya 4 Nisan Per\u015fembe. Her g\u00fcn k\u0131sa sunumlar, teknoloji oturumlar\u0131 d\u00fczenleyecek ve pazardaki en b\u00fcy\u00fck etiket \u00fcretim portf\u00f6y\u00fc ile \u00e7e\u015fitli demo bask\u0131lar\u0131 canl\u0131 olarak yap\u0131lacak.<\/p>\n<div class=\"wp-block-image\">\n<figure class=\"alignleft is-resized\"><img loading=\"lazy\" class=\"wp-image-5742\" src=\"https:\/\/www.matbaahaber.com\/wp-content\/uploads\/2019\/03\/MH187_Imeks_EmrahKorugan-1024x776.jpg\" sizes=\"(max-width: 307px) 100vw, 307px\" srcset=\"https:\/\/www.matbaahaber.com\/wp-content\/uploads\/2019\/03\/MH187_Imeks_EmrahKorugan-1024x776.jpg 1024w, https:\/\/www.matbaahaber.com\/wp-content\/uploads\/2019\/03\/MH187_Imeks_EmrahKorugan-300x227.jpg 300w, https:\/\/www.matbaahaber.com\/wp-content\/uploads\/2019\/03\/MH187_Imeks_EmrahKorugan-768x582.jpg 768w, https:\/\/www.matbaahaber.com\/wp-content\/uploads\/2019\/03\/MH187_Imeks_EmrahKorugan-750x569.jpg 750w, https:\/\/www.matbaahaber.com\/wp-content\/uploads\/2019\/03\/MH187_Imeks_EmrahKorugan-1140x864.jpg 1140w\" alt=\"\" width=\"307\" height=\"233\" data-pin-no-hover=\"true\"><\/figure>\n<\/div>\n<p>Bask\u0131 ve bask\u0131 sonras\u0131 \u015fekillendirme ile ilgili yeni bulu\u015f ve teknolojiler a\u00e7\u0131klanacak. Sunumlarda t\u00fcm REVO Ortaklar\u0131 ile birlikte Mouvent dijital inkjet bask\u0131 yenilikleri g\u00f6sterilip, REVO Dijital Flekso ile makine \u00fczerinde renk y\u00f6netim sistemi ve kullan\u0131m kolayl\u0131\u011f\u0131n\u0131n nas\u0131l sa\u011fland\u0131\u011f\u0131 anlat\u0131lacak.<br \/>\nREVO ortaklar\u0131 ve Mouvent ile birlikte, tek bir etiketten 1 milyon etikete, en zorlu Pantone\u2122 renklerine kadar do\u011fru y\u00f6netmeyi, bask\u0131 sonras\u0131 ve yeni teknoloji i\u015f ak\u0131\u015flar\u0131n\u0131h nas\u0131l y\u00f6netildi\u011fi g\u00f6sterilecek. En zorlu i\u015fleri zaman\u0131nda ve k\u00e2rl\u0131 bir \u015fekilde yapma f\u0131rsat\u0131n\u0131 sunacak olan etiket \u00fcretiminin tamamen dijitalle\u015fmesi ile ilgili \u00e7\u00f6z\u00fcmler sunulacak.<\/p>\n","protected":false},"excerpt":{"rendered":"<p>Imeks Grup Sat\u0131\u015f M\u00fcd\u00fcr\u00fc Emrah Korugan; \u201cREVO \u00c7\u00f6z\u00fcm ortaklar\u0131 ve Mouvent ile birlikte, Imeks Grup sekt\u00f6rdeki en b\u00fcy\u00fck etiket etkinliklerinden birine davet ediyo. Daha \u00f6nce kimsenin yapmad\u0131\u011f\u0131 bir \u015fekilde dijitalle\u015fmeyi kullanarak etiket ve ambalaj \u00fcretiminde \u00f6nemli yenilikleri ke\u015ffetmenizi sa\u011flayaca\u011f\u0131z\u201d diyor. Bu tan\u0131t\u0131n toplant\u0131s\u0131nda ki\u015fiselle\u015ftirme, \u00f6zelle\u015ftirme, k\u0131sa tiraj, g\u00fcvenlik, renk y\u00f6netimi, verimlilik, esneklik ve maliyet optimizasyonunun [&hellip;]<\/p>\n","protected":false},"author":2,"featured_media":3796,"comment_status":"closed","ping_status":"open","sticky":false,"template":"","format":"standard","meta":[],"categories":[170,72],"tags":[],"_links":{"self":[{"href":"https:\/\/www.ambalajveetiket.com\/index.php\/wp-json\/wp\/v2\/posts\/3136"}],"collection":[{"href":"https:\/\/www.ambalajveetiket.com\/index.php\/wp-json\/wp\/v2\/posts"}],"about":[{"href":"https:\/\/www.ambalajveetiket.com\/index.php\/wp-json\/wp\/v2\/types\/post"}],"author":[{"embeddable":true,"href":"https:\/\/www.ambalajveetiket.com\/index.php\/wp-json\/wp\/v2\/users\/2"}],"replies":[{"embeddable":true,"href":"https:\/\/www.ambalajveetiket.com\/index.php\/wp-json\/wp\/v2\/comments?post=3136"}],"version-history":[{"count":1,"href":"https:\/\/www.ambalajveetiket.com\/index.php\/wp-json\/wp\/v2\/posts\/3136\/revisions"}],"predecessor-version":[{"id":3797,"href":"https:\/\/www.ambalajveetiket.com\/index.php\/wp-json\/wp\/v2\/posts\/3136\/revisions\/3797"}],"wp:featuredmedia":[{"embeddable":true,"href":"https:\/\/www.ambalajveetiket.com\/index.php\/wp-json\/wp\/v2\/media\/3796"}],"wp:attachment":[{"href":"https:\/\/www.ambalajveetiket.com\/index.php\/wp-json\/wp\/v2\/media?parent=3136"}],"wp:term":[{"taxonomy":"category","embeddable":true,"href":"https:\/\/www.ambalajveetiket.com\/index.php\/wp-json\/wp\/v2\/categories?post=3136"},{"taxonomy":"post_tag","embeddable":true,"href":"https:\/\/www.ambalajveetiket.com\/index.php\/wp-json\/wp\/v2\/tags?post=3136"}],"curies":[{"name":"wp","href":"https:\/\/api.w.org\/{rel}","templated":true}]}}