{"id":3170,"date":"2019-04-08T10:12:53","date_gmt":"2019-04-08T07:12:53","guid":{"rendered":"http:\/\/www.ambalajveetiket.com\/?p=3170"},"modified":"2021-03-25T23:10:08","modified_gmt":"2021-03-25T20:10:08","slug":"kasad-toplantisinda-iggesund-tanitildi","status":"publish","type":"post","link":"https:\/\/www.ambalajveetiket.com\/index.php\/2019\/04\/08\/kasad-toplantisinda-iggesund-tanitildi\/","title":{"rendered":"KASAD toplant\u0131s\u0131nda Iggesund tan\u0131t\u0131ld\u0131"},"content":{"rendered":"<p><strong>\u0130sve\u00e7\u2019in uluslararas\u0131 k\u00e2\u011f\u0131t ve karton \u00fcreticisi Iggesund ve T\u00fcrkiye\u2019deki i\u015f orta\u011f\u0131 Korab International, Mart ay\u0131 toplant\u0131s\u0131nda KASAD\u2019\u0131n konu\u011fu oldu.<\/strong><\/p>\n<p>KASAD Mart ay\u0131 tan\u0131t\u0131m toplant\u0131s\u0131n\u0131n konuk firmalar\u0131 Iggesund ve T\u00fcrkiye Temsilcisi Korab International oldu. Toplant\u0131da Iggesund ve kartonlar\u0131 ambalaj \u00e7\u00f6z\u00fcmleri tan\u0131t\u0131ld\u0131.<\/p>\n<p>Toplant\u0131da, KASAD\u2019\u0131n yeni \u00fcyesi, Teknova Matbaac\u0131l\u0131k Kimya San. ve Tic. A.\u015e.\u2019den G\u00fcven Sonak\u0131n\u2019a rozeti KASAD Y\u00f6netim Kurulu \u00dcyesi Burhan \u00d6zdemir taraf\u0131ndan tak\u0131ld\u0131. Sonak\u0131n, 10 Nisan\u2019daki Teknova sunumuna t\u00fcm \u00fcyeleri davet ediyor.<\/p>\n<p>KASAD Y\u00f6netim Kurulu Ba\u015fkan\u0131 Alican Duran, Iggesund\u2019un \u201cT\u00fcrkiye pazar\u0131n\u0131n\u0131n \u00f6neminin fark\u0131nda oldu\u011funu belirterek; \u201cIggesund, \u00f6zellikle ihracatta b\u00fcy\u00fck markalar\u0131n ihalelerinde kendini kabul ettirmi\u015f bir marka\u201d diyor ve ekliyor. \u201cBir\u00e7ok ihracat ihalesinde Iggesund temin edemedi\u011fimiz veya zor \u015fartlarda sa\u011flad\u0131\u011f\u0131m\u0131z i\u00e7in devre d\u0131\u015f\u0131 kal\u0131yorduk. Bu nedenle Iggesund\u2019un burada olmas\u0131 bence \u00e7ok \u00f6nemli bir olay.\u201d<\/p>\n<p>Iggesund ad\u0131na sunumu Orta ve G\u00fcney-Do\u011fu Avrupa Sat\u0131\u015f M\u00fcd\u00fcr\u00fc Tomasz Frank-Keyes ve Korab International Sat\u0131\u015f M\u00fcd\u00fcr\u00fc \u00d6. Alper Selvi birlikte yapt\u0131.<\/p>\n<p>Sunumun ilk k\u0131sm\u0131 \u00fc\u00e7 ana b\u00f6l\u00fcmden olu\u015fuyordu. Iggesund\u2019un tarih\u00e7esi ve \u00fcretim tesisleri, neler yapabildikleri hakk\u0131nda genel bilgilerin ard\u0131ndan FBB, ve SBB ve SBS kartonlarda Avrupal\u0131 \u00fcreticilerin Avrupa ve Avrupa d\u0131\u015f\u0131na sat\u0131\u015f trendleriyle ilgili istatistiklere yer verildi. \u0130kinci k\u0131s\u0131mda, plastikten kartona ge\u00e7i\u015f ve s\u00fcrd\u00fcr\u00fclebilirlik konular\u0131na yer verildi ve son olarak g\u0131da ve g\u0131dan\u0131n alt b\u00f6l\u00fcmlerinde \u00e7ok \u00f6nemli olan tat ve koku ile karton ili\u015fkisi \u00fczerinde duruldu.<\/p>\n<p>Iggesund sunumu ard\u0131ndan KorCO AB firmas\u0131n\u0131 tan\u0131t\u0131c\u0131 bir sunum da yap\u0131ld\u0131.<\/p>\n<p>KASAD bulu\u015fmas\u0131 ak\u015fam yeme\u011fi ile sona erdi.<\/p>\n<p><strong><img class=\" wp-image-5940 alignleft\" src=\"https:\/\/www.matbaahaber.com\/wp-content\/uploads\/2019\/04\/MH_Sayi188_KASAD_Korab_O_Alper_Selvi_Alican_Duran_Tomasz_Frank_Keyes_90-300x248.jpg\" sizes=\"(max-width: 300px) 100vw, 300px\" srcset=\"https:\/\/www.matbaahaber.com\/wp-content\/uploads\/2019\/04\/MH_Sayi188_KASAD_Korab_O_Alper_Selvi_Alican_Duran_Tomasz_Frank_Keyes_90-300x248.jpg 300w, https:\/\/www.matbaahaber.com\/wp-content\/uploads\/2019\/04\/MH_Sayi188_KASAD_Korab_O_Alper_Selvi_Alican_Duran_Tomasz_Frank_Keyes_90-768x634.jpg 768w, https:\/\/www.matbaahaber.com\/wp-content\/uploads\/2019\/04\/MH_Sayi188_KASAD_Korab_O_Alper_Selvi_Alican_Duran_Tomasz_Frank_Keyes_90-1024x845.jpg 1024w, https:\/\/www.matbaahaber.com\/wp-content\/uploads\/2019\/04\/MH_Sayi188_KASAD_Korab_O_Alper_Selvi_Alican_Duran_Tomasz_Frank_Keyes_90-750x619.jpg 750w, https:\/\/www.matbaahaber.com\/wp-content\/uploads\/2019\/04\/MH_Sayi188_KASAD_Korab_O_Alper_Selvi_Alican_Duran_Tomasz_Frank_Keyes_90-1140x941.jpg 1140w\" alt=\"\" data-pin-no-hover=\"true\">Holmen Group \u015firketleri ve Iggesund<\/strong><\/p>\n<p>Iggesund, Holmen grubu \u00fcyesi bir \u015firket. Grubun ham madde odakl\u0131 iki \u015firketi (Holmen Skug ve Holmen Energi), \u00fcretim odakl\u0131 iki \u015firketi (Holmen Paper, Iggesund ve Holmen Timber) var.<\/p>\n<p>Invercote ve Incada\u2019n\u0131n \u00fcretildi\u011fi \u0130sve\u00e7\u2019teki Iggesund Bruk ve \u0130ngiltere\u2019deki Iggesund fabrikalar\u0131n\u0131n enerji ihtiyac\u0131n\u0131n % 95\u2019i, zaman zaman % 100\u2019\u00fc biyo enerji ile kar\u015f\u0131lan\u0131yor. Holmen\u2019in enerji temini i\u00e7in 23 hidroelektrik santrali bulunuyor. \u0130sve\u00e7\u2019te \u00fczerine hidroelektrik santral kurulacak nehir kalmay\u0131nca bir Frans\u0131z \u015firketiyle var\u0131lan anla\u015fma sonucu yak\u0131nda bir r\u00fczgar enerjisi santrali de devreye girecek.<\/p>\n<p>Holmen Skug, Holmen grubunun orman i\u015fletmeleri \u015firketi. \u0130sve\u00e7\u2019in 3. b\u00fcy\u00fck orman i\u015fletmeleri sahipli\u011fi Holmen\u2019e ait. Holmen Paper, kitap ve dergi k\u00e2\u011f\u0131d\u0131 gibi d\u00fc\u015f\u00fck gramajl\u0131 k\u00e2\u011f\u0131tlar\u0131 \u00fcreten \u015firket.<\/p>\n<p>2017\u2019de Iggesund Paperboard Holmen grubunun i\u015fletme k\u00e2r\u0131n\u0131n %33\u2019\u00fcn\u00fc, kullan\u0131lan sermayenin %21\u2019ini ve bu kullan\u0131lan sermayenin geri d\u00f6n\u00fc\u015f\u00fcn\u00fcn %14\u2019\u00fcn\u00fc sa\u011flam\u0131\u015f. 2017\u2019de, ayn\u0131 y\u0131l\u0131n d\u00f6viz kuruna g\u00f6re 564 milyon avro sermaye kullanan Iggesund 79 milyon avro k\u00e2r a\u00e7\u0131klam\u0131\u015f. \u015eirketin 1383, Holmen grubunun toplam 2976 \u00e7al\u0131\u015fan\u0131 var.<\/p>\n<p>Holmen orman varl\u0131\u011f\u0131n\u0131 korumay\u0131 ve s\u00fcrd\u00fcrmeyi \u00e7ok \u00f6nemsiyor. \u201cGelirimizin b\u00fcy\u00fck bir k\u0131sm\u0131 orman i\u015fletmecili\u011finden geliyor ve ba\u015fka baz\u0131 rakip firmalar ba\u015fka \u00fcretim alanlar\u0131na kaynak yaratmak i\u00e7in ormanlar\u0131n\u0131n bir k\u0131sm\u0131n\u0131 satarken, biz orman varl\u0131\u011f\u0131m\u0131z\u0131 korumay\u0131 ba\u015fard\u0131k ve bunun \u00e7ok \u00f6nemli oldu\u011funa inan\u0131yoruz; bunu s\u00fcrd\u00fcrmek i\u00e7in de her \u015feyi yap\u0131yoruz\u201d diyor, Tomasz Frank-Keyes.<\/p>\n<p><strong>Karton pazar\u0131nda e\u011filimler<\/strong><\/p>\n<p>Sunumun ikinci k\u0131sm\u0131 Avrupal\u0131 FBB ve SBB \u00fcreticilerinin, Avrupa, Avrupa d\u0131\u015f\u0131na ve k\u00fcresel sat\u0131\u015flar\u0131na ili\u015fkin e\u011filimleri i\u00e7eriyordu.<\/p>\n<p>Confederation of European Paper Industries (CEPI) verilerine g\u00f6re, Avrupal\u0131 \u00fcreticilerin k\u00fcresel Ku\u015fe Bristol Karton (Solid Bleached Board \u2013 SBB) sat\u0131\u015flar\u0131nda 2014\u2019ten itibaren d\u00fc\u015f\u00fc\u015f g\u00f6zlenirken, 2018\u2019de art\u0131\u015f g\u00f6r\u00fcl\u00fcyor. Ayn\u0131 \u00fcr\u00fcn grubunda Avrupa\u2019ya sat\u0131\u015flarda ise 2014\u2019te ba\u015flayan d\u00fc\u015f\u00fc\u015f e\u011filimi devam ediyor. K\u00fcresel sat\u0131\u015flarda 2017 \u2013 2018\u2019de %2.1 art\u0131\u015f, ayn\u0131 d\u00f6nemde Avrupa sat\u0131\u015flar\u0131nda %2.1 d\u00fc\u015f\u00fc\u015f saptanm\u0131\u015f. Tomasz Frank-Keyes, Avrupa pazar\u0131ndaki gerileme nedeniyle \u00fcreticilerin Avrupa d\u0131\u015f\u0131 pazarlara odakland\u0131klar\u0131n\u0131 ve k\u00fcresel sat\u0131\u015flar\u0131n artt\u0131\u011f\u0131n\u0131 ifade ediyor. Avrupa d\u0131\u015f\u0131na son 12 ayl\u0131k sat\u0131\u015flarda art\u0131\u015f oran\u0131 %12.1\u2019i buluyor.<\/p>\n<p>\u0130kinci kalite Ku\u015fe Bristol Karton (Folding Boxboard-FBB) k\u00fcresel sat\u0131\u015flar\u0131nda (2014 \u2013 2019) istikrarl\u0131 bir art\u0131\u015f g\u00f6zleniyor ve Frank-Keyes bu d\u00f6nemde bir\u00e7ok \u00fcreticinin makinelerini revizyondan ge\u00e7irdi\u011fini belirtiyor. Son 12 ay\u0131n art\u0131\u015f oran\u0131 % 3.6 olarak saptanm\u0131\u015f. Benzer bir e\u011filim Avrupa sat\u0131\u015flar\u0131nda da var ve son 12 ayl\u0131k art\u0131\u015f oran\u0131 % 4.2 d\u00fczeyinde ger\u00e7ekle\u015fmi\u015f. Frank-Keyes, Iggesund\u2019un \u0130ngiltere fabrikas\u0131nda \u00fcretilen FBB\u2019nin Avrupa d\u0131\u015f\u0131na sat\u0131\u015f\u0131 olmad\u0131\u011f\u0131n\u0131 ekliyor.<\/p>\n<p>Holmen grubunun 1.3 milyon hektar (Bel\u00e7ika\u2019n\u0131n y\u00fcz\u00f6l\u00e7\u00fcm\u00fc 3 milyon hektar) orman alan\u0131 var. Tomasz Frank-Keyes, kalitenin ormandan ba\u015flad\u0131\u011f\u0131n\u0131 belirterek, \u201cB\u00fct\u00fcn s\u00fcreci daha karton fabrikam\u0131za gelmeden kontrol alt\u0131na ald\u0131\u011f\u0131m\u0131z i\u00e7in ba\u015far\u0131l\u0131 oldu\u011fumuzu d\u00fc\u015f\u00fcn\u00fcyoruz. Bir ba\u015fka deyi\u015fle gelece\u011fi yeti\u015ftiriyoruz\u201d diyor. Grup her y\u0131l kesti\u011fi a\u011fac\u0131n yakla\u015f\u0131k 3 kat\u0131na denk gelen 35 milyon a\u011fa\u00e7 fidesi dikiyor. Bu fidelerden bir k\u0131sm\u0131 karton kutularda KASAD \u00fcyelerine hediye edildi. \u201cGelece\u011fi yeti\u015ftiriyoruz\u201d ifadesi, bir fidenin Invercote i\u00e7in kesilmeye uygun bir a\u011fa\u00e7 haline gelmesi i\u00e7in gereken, kuzeyden g\u00fcneye uzanan \u0130sve\u00e7\u2019in iklimine g\u00f6re de\u011fi\u015fen, 65 ila 100 y\u0131l yeti\u015fme s\u00fcresi dikkate al\u0131nd\u0131\u011f\u0131nda tam kar\u015f\u0131l\u0131\u011f\u0131n\u0131 buluyor.<\/p>\n<p>Iggesund 1685 y\u0131l\u0131nda bir demir cevheri tesisi olarak y\u0131l\u0131nda kurulmu\u015f. Cevheri eritmek i\u00e7in \u00e7ok miktarda a\u011faca ihtiya\u00e7 vard\u0131 ve yine bir orman i\u015fletmesi olarak faaliyet g\u00f6stermi\u015f.<\/p>\n<p><img loading=\"lazy\" class=\" wp-image-5941 alignright\" src=\"https:\/\/www.matbaahaber.com\/wp-content\/uploads\/2019\/04\/MH_Sayi188_KASAD_Korab-300x106.jpg\" sizes=\"(max-width: 300px) 100vw, 300px\" srcset=\"https:\/\/www.matbaahaber.com\/wp-content\/uploads\/2019\/04\/MH_Sayi188_KASAD_Korab-300x106.jpg 300w, https:\/\/www.matbaahaber.com\/wp-content\/uploads\/2019\/04\/MH_Sayi188_KASAD_Korab-768x272.jpg 768w, https:\/\/www.matbaahaber.com\/wp-content\/uploads\/2019\/04\/MH_Sayi188_KASAD_Korab-1024x363.jpg 1024w, https:\/\/www.matbaahaber.com\/wp-content\/uploads\/2019\/04\/MH_Sayi188_KASAD_Korab-750x266.jpg 750w, https:\/\/www.matbaahaber.com\/wp-content\/uploads\/2019\/04\/MH_Sayi188_KASAD_Korab-1140x404.jpg 1140w\" alt=\"\" width=\"496\" height=\"177\" data-pin-no-hover=\"true\">Frank-Keyes, Iggesund\u2019un karton \u00fcretimine ba\u015flamas\u0131n\u0131 \u015f\u00f6yle anlat\u0131yor: \u201c1957 y\u0131l\u0131nda sel\u00fcloz i\u015fi iyi gitmiyordu ve grup bir karar a\u015famas\u0131ndayd\u0131. Ya temizlik ka\u011f\u0131tlar\u0131 ya da karton i\u015fi yapmal\u0131yd\u0131lar; Genel M\u00fcd\u00fcr Lars G. Sundblad kartonu se\u00e7ti. Avrupa\u2019da karton ambalaj yoktu. Lars G. Sundblad\u2019\u0131n bir ABD seyahatinde \u00f6zellikle sigara alan\u0131nda ve baz\u0131 g\u0131da \u00fcr\u00fcnlerinde karton ambalaj\u0131n yayg\u0131nla\u015fmaya ba\u015flad\u0131\u011f\u0131n\u0131 g\u00f6rmesi, karton \u00fcretimini se\u00e7melerinde etkili oldu. 1963 y\u0131l\u0131nda karton \u00fcretimine ba\u015flad\u0131k.\u201d<\/p>\n<p>Iggesund\u2019un ikisi \u0130sve\u00e7\u2019te, biri \u0130ngiltere\u2019de \u00fc\u00e7 fabrikas\u0131 varbulunuyor. \u0130ngiltere\u2019deki Workington fabrikas\u0131 y\u0131lda 220 bin ton FBB (Incada) \u00fcretirken, Avrupa\u2019n\u0131n en b\u00fcy\u00fck SBB (Invercote) fabrikas\u0131 olan \u0130sve\u00e7\u2019teki Iggesund fabrikas\u0131 iki karton fabrikas\u0131nda y\u0131lda 340 bin ton karton \u00fcretiyor. \u0130sve\u00e7\u2019teki Str\u00f6msbruk fabrikas\u0131 y\u0131lda 40 bin ton ton s\u00fclfit hamurukaplama (polimer bazl\u0131 bariyer) \u00fcretiyor.<\/p>\n<p>Iggesund\u2019un New Jersey (ABD), Amsterdam (Hollanda), Moskova (Rusya), Tokyo (Japonya), Hong Kong ve Singapur\u2019da sat\u0131\u015f ofisleri var.<\/p>\n<p>Tamamen kimyasal sel\u00fclozdan mamul, Invercote ailesi g\u00fc\u00e7l\u00fc etki istenen, \u00e7ok zorlu, \u00fcst d\u00fczey tasar\u0131mlar, duygusal cazibe ve toplam maliyet avantaj\u0131 aranan uygulamalar i\u00e7in \u00f6neriliyor.<\/p>\n<p>Iggesund\u2019un FBB \u00fcr\u00fcn\u00fc Incada ailesi, \u00f6nemli i\u015flerin \u00fcstesinden gelebilen, tutarl\u0131 ve g\u00fcvenilir, \u00f6ng\u00f6r\u00fclebilir kalitesiyle \u00f6nerilen bir karton. Kimyasal katmanlar aras\u0131nda mekanik sel\u00fclozdan mam\u00fcl orta katmanl\u0131 bu \u00fcr\u00fcn s\u00fcrekli performans\u0131yla g\u00fcven veriyor. 2012 y\u0131l\u0131nda 230 g\/m\u00b2 Incada Exel ile \u00fcretilen bir karton ECMA Y\u0131l\u0131n Kartonu \u00f6d\u00fcl\u00fcn\u00fc ald\u0131.<\/p>\n<p>Str\u00f6msbruk tesisinde polimer (PE, PET ve Bio) bazl\u0131 bariyerler \u00fcretiliyor. Ricola, Iggesund bariyerlerinin en iyi m\u00fc\u015fterilerinden biri. \u015eekerlemelerin paket i\u00e7 y\u00fczeyine yap\u0131\u015fmamas\u0131 i\u00e7in polietilen bariyeri tercih ediyor.<\/p>\n<p>Bu tesiste Metalprint, Aluprint ve Alubarrier markalar\u0131yla katma de\u011ferli karton \u00fcr\u00fcnleri, tokluk ve g\u00fc\u00e7 i\u00e7in laminatlar, grafik etki ya da bariyer \u00f6zelli\u011fi i\u00e7in i\u015flenmi\u015f folyo ve filmler de \u00fcretiliyor.<\/p>\n<p><strong>S\u00fcrd\u00fcr\u00fclebilirlik<\/strong><\/p>\n<p>\u201cHer a\u00e7\u0131dan, i\u015finiz i\u00e7in, istihdam i\u00e7in ve en \u00f6nemlisi \u00e7evreye kar\u015f\u0131 s\u00fcrd\u00fcr\u00fclebilir olman\u0131z laz\u0131m\u201d diyen Tomasz Frank-Keynes, Iggesund\u2019un son y\u0131llardan \u00fcretimden daha fazla s\u00fcrd\u00fcr\u00fclebilirli\u011fe yat\u0131r\u0131m yapt\u0131\u011f\u0131n\u0131 vurguluyor. \u0130sve\u00e7\u2019teki (220 milyon avro, geri d\u00f6n\u00fc\u015f\u00fcm kazan\u0131) ve \u0130ngiltere\u2019deki (130 milyon avro, biyo k\u00fctle kazan\u0131) fabrikalarda s\u00fcrd\u00fcr\u00fclebilirlik ad\u0131na yat\u0131r\u0131mlar yap\u0131lm\u0131\u015f ve \u00f6zellikle \u0130ngiltere fabrikas\u0131nda emisyonun %95 azalt\u0131lmas\u0131 ba\u015far\u0131lm\u0131\u015f. Bu \u00e7abalar\u0131yla Iggesund, \u00e7evreyle ilgili bir\u00e7ok uluslararas\u0131 listede yer al\u0131yor ve \u00f6zellikle 2013\u2019te bu yana tek \u00fcretici firma olarak yer ald\u0131\u011f\u0131 BM K\u00fcresel Kompakt 100 \u0130ndeksi ile gurur duyuyor.<\/p>\n<p><strong>Tat ve koku karton ili\u015fkisi<\/strong><\/p>\n<p>Tomasz Frank-Keyes, Iggesund kartonlar\u0131n\u0131n tat ve koku ili\u015fkisini \u015f\u00f6yle anlat\u0131yor:<\/p>\n<p>\u201cSigara ve \u00e7ikolata, tat ve kokuya en hassas olan \u00fcr\u00fcnler. Biz Avrupa\u2019da tek duyusal laboratuvar\u0131 olan \u00fcreticiyiz. Ambalajda en b\u00fcy\u00fck maliyeti karton olu\u015fturuyor ama m\u00fcrekkep, folyo, lak, tutkal, PP ve PE tarz\u0131 malzeme, ya\u011f ge\u00e7irmez k\u00e2\u011f\u0131t gibi bir\u00e7ok bile\u015feni de var. Bir\u00e7ok g\u0131da \u00fcreticisi i\u00e7in \u00fcr\u00fcnlerinin \u00fcretim tesisinden \u00e7\u0131kt\u0131\u011f\u0131 haliyle, nefasetiyle rafta olmas\u0131 \u00e7ok \u00f6nemli. Tabii her zaman durum b\u00f6yle olmuyor; bazen \u00fcretim tesisinden \u00e7\u0131k\u0131\u015f\u0131yla t\u00fcketicinin raftan almas\u0131na kadar tedarik zincirinde ge\u00e7en s\u00fcre \u00fc\u00e7 \u2013 d\u00f6rt ay\u0131 buluyor. D\u0131\u015f etkenlerin kutudan \u00fcr\u00fcne ge\u00e7mesi (migrasyon), hem d\u0131\u015far\u0131dan i\u00e7eri hem de i\u00e7eriden d\u0131\u015far\u0131 (koku) ge\u00e7i\u015f, \u00f6rne\u011fin \u00e7ikolatay\u0131 \u00e7\u0131kard\u0131\u011f\u0131n\u0131zda kartonda \u00e7ikolata kokusu alman\u0131z gibi istenmeyen sonu\u00e7lar\u0131n bir\u00e7ok farkl\u0131 nedeni olabilir. Biz kendi sorumluluk alan\u0131m\u0131z olan kartonda iki nedeni olabilir: Birincisi, kartonun b\u00fcnyesindeki sel\u00fcloz ile ilgili oksidasyon, ikincisi ku\u015feleme kimyasallar\u0131ndan kaynaklanabilecek oksidasyon. Burada sa\u011fl\u0131\u011fa zararl\u0131 olabilecek oksidasyondan de\u011fil, son kullan\u0131c\u0131n\u0131n tatmini ile ilgili, tat ve kokudan bahsediyorum. Laboratuvar\u0131m\u0131z Robinson testi, DIN (Alman End\u00fcstriyel Normu) testi ve fark testlerinden ge\u00e7mi\u015ftir ve Invercote ve Incada \u00fcretimlerinden itibaren 12 ay boyunca Robinson 0,6 de\u011ferini garanti ediyor. Bu, hissedilebilir de\u011ferin neredeyse yar\u0131s\u0131d\u0131r. Tat ve koku duyusu ortalaman\u0131n \u00e7ok \u00fczerinde insanlarla \u00e7al\u0131\u015f\u0131yoruz.<\/p>\n<p>T\u00fcrkiye\u2019de bir sigara \u00fcreticisinden \u00fcr\u00fcn\u00fcm\u00fczde anason koktu\u011funa dair \u015fikayet ald\u0131k. \u00c7ok \u015fa\u015f\u0131rd\u0131k ve \u00e7ok \u00fcz\u00fcld\u00fck. Ekibimiz de kartonda anason koktu\u011funu onaylad\u0131. \u00dcretimde her partimizden \u015fahit numuneler al\u0131r\u0131z ve hi\u00e7birinde de anason kokusuna rastlanmad\u0131. Aylar s\u00fcrse de sonunda Torbal\u0131\u2019ya gidene kadar yolda bir \u015feyler oldu\u011funu kan\u0131tlam\u0131\u015f olduk.\u201d<\/p>\n<p>Sofistike bir i\u015flem olan kromotogram \u00f6l\u00e7\u00fcmleriyle ilgili bilgi veren Frank-Keynes, FBB ve SBB\u2019nin kromo kartondan daha iyi de\u011ferlere sahip oldu\u011funu belirterek, odun sel\u00fclozundaki lignin istikrarl\u0131 bir bile\u015fen olmad\u0131\u011f\u0131n\u0131, bir\u00e7ok a\u00e7\u0131dan s\u0131k\u0131nt\u0131 yaratmaya yatk\u0131nl\u0131\u011f\u0131 oldu\u011funu belirterek, ekliyor. \u201cKontrol\u00fc her ne kadar masrafl\u0131 ve zor olsa da onu do\u011fru y\u00f6netmek ve kontrol alt\u0131na almak da \u00fcreticilerin elinde. Sizin i\u00e7in fark yaratmaya \u00e7al\u0131\u015f\u0131yoruz.\u201d<\/p>\n<p><strong>Plastikten kartona ge\u00e7i\u015f<\/strong><\/p>\n<p>Tomasz Frank-Keynes, plastik yerine karton ambalaj kullan\u0131m\u0131n\u0131n s\u00fcrd\u00fcr\u00fclebilirlik ve \u00e7evre a\u00e7\u0131s\u0131ndan yararlar\u0131n\u0131 anlat\u0131rken, \u201cFabrikalar\u0131m\u0131z\u0131n enerji ihtiyac\u0131n\u0131n %95\u2019inden fazlas\u0131 biyo enerji ile kar\u015f\u0131lan\u0131yor ve bu da bizim s\u00fcrd\u00fcr\u00fclebilir bir \u015firket olmam\u0131z\u0131 sa\u011fl\u0131yor\u201d diyor ve \u015f\u00f6yle devam ediyor. \u201cKarbon ayak izi her ge\u00e7en g\u00fcn daha \u00f6nemli oluyor. M\u00fc\u015fterilerin alacaklar\u0131 \u00fcr\u00fcnlerin karbon ayak izine y\u00f6nelik hassasiyetleri her ge\u00e7en g\u00fcn art\u0131yor. Eskiden bir \u00e7eyrekte bir \u2013 iki karbon ayak izine dair istek al\u0131rken, \u015fimdi 50\u2019den fazla talep al\u0131yoruz.\u201d<\/p>\n<p>Bir bilim adamlar\u0131 grubunun 2050 y\u0131l\u0131nda denizde bal\u0131ktan \u00e7ok plastik olaca\u011f\u0131na dair ara\u015ft\u0131rmas\u0131na at\u0131fta bulunan Frank-Keynes, \u0130sve\u00e7\u2019teki tarafs\u0131z bir enstit\u00fcden tamamen karton, k\u0131smen karton ve tamamen plastikten mamul ambalajlar\u0131n karbon ayak izi konusunda ara\u015ft\u0131rma talep ettiklerini belirtiyor. Almanya\u2019da ambalaj \u00fcr\u00fcnlerinin t\u00fcm bile\u015fenlerinin ve \u00fcretim s\u00fcre\u00e7lerinin karbon ayak izlerinin titiz bir ara\u015ft\u0131rma ile belirlendi\u011fi bir \u00e7al\u0131\u015fma sonucunda \u00fc\u00e7 farkl\u0131 kutu \u00f6rne\u011finde tamam\u0131 karton ambalaj ile \u2013 kullan\u0131m \u00f6mr\u00fc sonuna kadar \u2013 iklim etkisi d\u00fc\u015f\u00fc\u015f\u00fc %79, %96 ve %99 bulunmu\u015f. \u0130lk iki \u00f6rnekte plastik \u2013 karton kar\u0131\u015f\u0131m\u0131 kullan\u0131lm\u0131\u015f. Frank-Keynes, karton ambalaj \u00fcreticilerinin m\u00fc\u015fterileri aras\u0131nda olmayan potansiyel m\u00fc\u015fterilere bu verilerle teklifler sunabileceklerini kaydediyor. Plastikten kartona ge\u00e7i\u015fte termoform kaplar farkl\u0131 bir alan. Iggesund yeni, bariyerli bir karton ile bu pazara \u00f6zel bir \u00fcr\u00fcn de vadediyor. \u00c7o\u011funlu\u011fu plastik olan hediye kartlar\u0131 da karton i\u00e7in b\u00fcy\u00fck potansiyel bar\u0131nd\u0131r\u0131yor.<\/p>\n<p><strong>KorCO AB tan\u0131t\u0131m sunumu<\/strong><\/p>\n<p><img loading=\"lazy\" class=\" wp-image-5943 alignleft\" src=\"https:\/\/www.matbaahaber.com\/wp-content\/uploads\/2019\/04\/MH_188_KorCO-300x226.jpg\" sizes=\"(max-width: 451px) 100vw, 451px\" srcset=\"https:\/\/www.matbaahaber.com\/wp-content\/uploads\/2019\/04\/MH_188_KorCO-300x226.jpg 300w, https:\/\/www.matbaahaber.com\/wp-content\/uploads\/2019\/04\/MH_188_KorCO-1024x771.jpg 1024w\" alt=\"\" width=\"451\" height=\"341\" data-pin-no-hover=\"true\">20 Mart 2019\u2019da KASAD bulu\u015fmalar\u0131 \u00e7er\u00e7evesinde yap\u0131lan Iggesund sunumu ard\u0131ndan KorCO AB firmas\u0131n\u0131 tan\u0131t\u0131c\u0131 bir sunum da yap\u0131ld\u0131.<\/p>\n<p>KorCO AB 2012 y\u0131l\u0131nda \u0130sve\u00e7\u2019te kurulmu\u015f bir ka\u011f\u0131t \u2013 karton tedarik\u00e7isi. Ba\u015flang\u0131\u00e7ta belirli \u00fcr\u00fcnlerle ba\u015flam\u0131\u015f; zamanla \u00fcr\u00fcn yelpazesini ve etki alan\u0131n\u0131 geni\u015fletmi\u015f.<\/p>\n<p>G\u00f6teborg, \u0130sve\u00e7\u2019teki merkez ofisinde 12 ki\u015filik tecr\u00fcbeli sat\u0131\u015f, lojistik ve dok\u00fcmantasyon ekibi \u00e7al\u0131\u015f\u0131yor. Toplam sat\u0131\u015f miktar\u0131 40 bin tondan (2012) 185 bi tona (2018) y\u00fckselmi\u015f. Halen Avrupa\u2019da segmentinin en h\u0131zl\u0131 b\u00fcy\u00fcyen firmas\u0131 olan Korco\u2019nun \u0130stanbul\u2019da \u0130rtibat B\u00fcrosu bulunuyor. \u0130sve\u00e7, Finlandiya, Bel\u00e7ika, Almanya ve Slovenya\u2019da 9 deposu bulunan firma geri d\u00f6n\u00fc\u015f\u00fcml\u00fc ve saf elyafl\u0131 kartonlar, bardak-tabak kartonlar\u0131, yay\u0131nc\u0131l\u0131k sekt\u00f6r\u00fcne y\u00f6nelik ka\u011f\u0131t t\u00fcrleri, ambalaja y\u00f6nelik ince ka\u011f\u0131tlar\u0131n stok lot, side run, start-up ve prime kalitelerini 40\u2019tan fazla \u00fclkeye sat\u0131yor.<\/p>\n","protected":false},"excerpt":{"rendered":"<p>\u0130sve\u00e7\u2019in uluslararas\u0131 k\u00e2\u011f\u0131t ve karton \u00fcreticisi Iggesund ve T\u00fcrkiye\u2019deki i\u015f orta\u011f\u0131 Korab International, Mart ay\u0131 toplant\u0131s\u0131nda KASAD\u2019\u0131n konu\u011fu oldu. KASAD Mart ay\u0131 tan\u0131t\u0131m toplant\u0131s\u0131n\u0131n konuk firmalar\u0131 Iggesund ve T\u00fcrkiye Temsilcisi Korab International oldu. Toplant\u0131da Iggesund ve kartonlar\u0131 ambalaj \u00e7\u00f6z\u00fcmleri tan\u0131t\u0131ld\u0131. Toplant\u0131da, KASAD\u2019\u0131n yeni \u00fcyesi, Teknova Matbaac\u0131l\u0131k Kimya San. ve Tic. A.\u015e.\u2019den G\u00fcven Sonak\u0131n\u2019a rozeti KASAD [&hellip;]<\/p>\n","protected":false},"author":2,"featured_media":3776,"comment_status":"closed","ping_status":"open","sticky":false,"template":"","format":"standard","meta":[],"categories":[72,1],"tags":[],"_links":{"self":[{"href":"https:\/\/www.ambalajveetiket.com\/index.php\/wp-json\/wp\/v2\/posts\/3170"}],"collection":[{"href":"https:\/\/www.ambalajveetiket.com\/index.php\/wp-json\/wp\/v2\/posts"}],"about":[{"href":"https:\/\/www.ambalajveetiket.com\/index.php\/wp-json\/wp\/v2\/types\/post"}],"author":[{"embeddable":true,"href":"https:\/\/www.ambalajveetiket.com\/index.php\/wp-json\/wp\/v2\/users\/2"}],"replies":[{"embeddable":true,"href":"https:\/\/www.ambalajveetiket.com\/index.php\/wp-json\/wp\/v2\/comments?post=3170"}],"version-history":[{"count":1,"href":"https:\/\/www.ambalajveetiket.com\/index.php\/wp-json\/wp\/v2\/posts\/3170\/revisions"}],"predecessor-version":[{"id":3777,"href":"https:\/\/www.ambalajveetiket.com\/index.php\/wp-json\/wp\/v2\/posts\/3170\/revisions\/3777"}],"wp:featuredmedia":[{"embeddable":true,"href":"https:\/\/www.ambalajveetiket.com\/index.php\/wp-json\/wp\/v2\/media\/3776"}],"wp:attachment":[{"href":"https:\/\/www.ambalajveetiket.com\/index.php\/wp-json\/wp\/v2\/media?parent=3170"}],"wp:term":[{"taxonomy":"category","embeddable":true,"href":"https:\/\/www.ambalajveetiket.com\/index.php\/wp-json\/wp\/v2\/categories?post=3170"},{"taxonomy":"post_tag","embeddable":true,"href":"https:\/\/www.ambalajveetiket.com\/index.php\/wp-json\/wp\/v2\/tags?post=3170"}],"curies":[{"name":"wp","href":"https:\/\/api.w.org\/{rel}","templated":true}]}}