{"id":3180,"date":"2019-04-08T10:21:21","date_gmt":"2019-04-08T07:21:21","guid":{"rendered":"http:\/\/www.ambalajveetiket.com\/?p=3180"},"modified":"2021-03-25T23:09:49","modified_gmt":"2021-03-25T20:09:49","slug":"ambalaj-ve-etiket-sektoru-hakkinda-yenilikler-ve-gelismeler","status":"publish","type":"post","link":"https:\/\/www.ambalajveetiket.com\/index.php\/2019\/04\/08\/ambalaj-ve-etiket-sektoru-hakkinda-yenilikler-ve-gelismeler\/","title":{"rendered":"Ambalaj ve etiket sekt\u00f6r\u00fc hakk\u0131nda yenilikler ve geli\u015fmeler"},"content":{"rendered":"<p><strong>Cem YILMAZ \/ Matset A.\u015e. Etiket &amp; Ambalaj Sat\u0131\u015f Temsilcisi<\/strong><\/p>\n<p>D\u00fcnyada ve \u00f6zellikle \u00fclkemizde geli\u015fen bir sekt\u00f6r olan etiket ve ambalaj sekt\u00f6r\u00fc geride b\u0131rakt\u0131\u011f\u0131m\u0131z 2018 senesinde 1 milyar 300 milyon dolar d\u0131\u015f ticaret fazlas\u0131 vermi\u015ftir. Bu rakam\u0131n artarak devam edece\u011fi \u00f6ng\u00f6r\u00fclmektedir. \u00dclkemizde etiket ve ambalaj sekt\u00f6r\u00fcn\u00fcn geli\u015fmesi ile ihracat rakamlar\u0131 y\u00fckselmi\u015f, bu sebeple farkl\u0131 ve katma de\u011ferli i\u015flerin \u00f6nemi artm\u0131\u015ft\u0131r. \u00c7a\u011f\u0131n trendlerini yakalamak ve katma de\u011ferli \u00fcretim yapabilecek parkura sahip olmak, \u00fcreticiler i\u00e7in geni\u015f bir hareket alan\u0131 yaratmaktad\u0131r. T\u00fcketicinin karar a\u015famas\u0131n\u0131 incelemek i\u00e7in yap\u0131lan bir ara\u015ft\u0131rma, etiket ve ambalaj\u0131n bu s\u00fcre\u00e7te i\u015fledi\u011fi \u00f6nemli rol\u00fc g\u00f6zler \u00f6n\u00fcne sermektedir. Bir markette \u00e7\u0131kart\u0131lan \u0131s\u0131 haritas\u0131na g\u00f6re t\u00fcketicilerin ortalama karar a\u015famas\u0131 5 saniyedir. Bu durum bize t\u00fcketicinin \u00f6nceden belirledi\u011fi bir markay\u0131 almaya geldi\u011fini g\u00f6sterdi\u011fi gibi, karar\u0131n\u0131 \u00e7oktan vermi\u015f t\u00fcketiciye ula\u015fmak i\u00e7in \u00fcreticilerin 5 saniyesi oldu\u011fu anlam\u0131na gelebilir. Ayn\u0131 i\u00e7eri\u011fe sahip \u00fcr\u00fcnlerin dizildi\u011fi bir rafta \u00f6ne \u00e7\u0131kmak \u00fcreticilerin \u00f6nceli\u011fidir. T\u00fcketici bir raf\u0131n \u00f6n\u00fcnde durup markalar\u0131 inceledi\u011finde kafas\u0131nda \u00f6ncelikli bir marka olsa bile, onun dikkatini \u00e7ekebilmek b\u00fcy\u00fck \u00f6nem arz etmektedir. Bu sebeplerden etiket ve ambalaj bir \u00fcr\u00fcn\u00fcn kimli\u011fidir desek abartm\u0131\u015f olmay\u0131z. \u00dcr\u00fcn g\u00f6r\u00fcn\u00fcrl\u00fc\u011f\u00fc pazarlama ve sat\u0131\u015f departmanlar\u0131n\u0131n en b\u00fcy\u00fck \u00f6ncelikleri aras\u0131ndad\u0131r. Ancak fark yaratan ve kaliteli g\u00f6r\u00fcn\u00fcrl\u00fc\u011f\u00fc sa\u011flam\u0131\u015f \u00fcreticiler standartlar\u0131n \u00f6tesine ge\u00e7erek rakipleri aras\u0131nda \u00f6ne \u00e7\u0131kmaktad\u0131rlar.<\/p>\n<p><strong>Katma de\u011ferli ve kaliteli g\u00f6r\u00fcn\u00fcrl\u00fc\u011f\u00fc etiket ve ambalaj ile nas\u0131l sa\u011flayabiliriz?<\/strong><\/p>\n<p>T\u00fcketici alaca\u011f\u0131 markay\u0131 daha \u00f6ncesinde belirlemi\u015f dahi olsa, kaliteli g\u00f6r\u00fcn\u00fcrl\u00fck sayesinde t\u00fcketiciye ula\u015fabilmek, rafta rakiplerin aras\u0131nda dikkat \u00e7ekmek \u00fcreticilerin en b\u00fcy\u00fck \u00f6nceliklerindendir. \u00c7a\u011f\u0131m\u0131z\u0131n getirdi\u011fi baz\u0131 trendler hayat\u0131m\u0131za oldu\u011fu gibi etiket ve ambalaj sekt\u00f6r\u00fcne de etki etmektedir. Son y\u0131llarda y\u00fckselen sa\u011fl\u0131kl\u0131 beslenme trendi, taze ve kaliteli \u00fcr\u00fcn t\u00fcketimi gibi, etiket-ambalaj tasar\u0131mlar\u0131 da \u00e7a\u011f\u0131m\u0131za g\u00f6re de\u011fi\u015fkenlik g\u00f6stermektedir. Yap\u0131lan ara\u015ft\u0131rmalara g\u00f6re karars\u0131z t\u00fcketicilerin b\u00fcy\u00fck \u00e7o\u011funlu\u011fu sat\u0131n alma karar\u0131 a\u015famas\u0131nda \u00fcr\u00fcn\u00fc al\u0131p tazeli\u011fini kontrol ediyor. \u00dcretim tarihi ve son kullanma tarihi gibi kontrol etmek istedi\u011fi bilgilere kolay ula\u015fmas\u0131 t\u00fcketicinin \u00fcr\u00fcne daha s\u0131cak yakla\u015fmas\u0131n\u0131 sa\u011fl\u0131yor. \u0130\u015fte bu a\u015famada clear-transparan malzeme kullan\u0131m\u0131 ve\/veya ambalajdaki pencere uygulamas\u0131 ile i\u00e7indeki \u00fcr\u00fcn\u00fc g\u00f6rebilmenin m\u00fcmk\u00fcn olmas\u0131, sat\u0131n alma karar\u0131n\u0131 pozitif y\u00f6nde etkileyen unsurlardand\u0131r. Bu ba\u011flamda bu malzemelerden \u00fcretilen etiket ve ambalajlar g\u00fcn\u00fcm\u00fczde hi\u00e7 olmad\u0131\u011f\u0131 kadar \u00f6nem arz etmektedir.<\/p>\n<p>Ancak nihai \u00fcr\u00fcn\u00fc eline al\u0131p inceleyen bir m\u00fc\u015fteri i\u00e7in \u015feffaf malzeme kullan\u0131m\u0131 tek ba\u015f\u0131na sat\u0131n alma karar\u0131 i\u00e7in yeterli de\u011fildir. Artan rekabet ortam\u0131nda \u00fcreticiler katma de\u011ferli i\u015fler ile \u00f6ne \u00e7\u0131kma gayretindelerdir. Canl\u0131 renkler, \u00f6zel sonland\u0131rmalar, yald\u0131zlar, \u00f6zel laklar, soft touch laminasyon gibi \u00e7e\u015fitli i\u015flemler, \u00fcr\u00fcn\u00fcn kaliteli g\u00f6r\u00fcn\u00fcrl\u00fc\u011fe ula\u015fmas\u0131nda \u00f6nemli rol oynamaktad\u0131r. T\u00fcrkiye temsilci\u011fini yapm\u0131\u015f oldu\u011fumuz, piyasada tecr\u00fcbesi ile tan\u0131nan \u0130ngiliz Edale markas\u0131n\u0131n FL3 model bobin flekso makinesi bu ba\u011flamda \u00fcreticilere t\u00fcm \u00e7\u00f6z\u00fcmleri sunmaktad\u0131r. Edale dakikada 200 metre h\u0131z\u0131 ve 8 renkli i\u015fler i\u00e7in 10 dakikal\u0131k haz\u0131rl\u0131k s\u00fcreci ile \u00fcreticilere h\u0131zl\u0131 ve katma de\u011feri y\u00fcksek \u00fcretim yapabilme olana\u011f\u0131 sa\u011flar. Bununla birlikte renk de\u011fi\u015fikliklerini ergonomik tasar\u0131m\u0131 sayesinde 70 saniye gibi makul bir zamanda tamamlaman\u0131z\u0131 sa\u011flar.<\/p>\n<p>\u00c7a\u011f\u0131m\u0131z\u0131n en \u00f6nemli sorunlar\u0131ndan biri \u00e7evre kirlili\u011fi ve ekolojik dengenin bozulmas\u0131d\u0131r. Bu durum al\u0131\u015fkanl\u0131klar\u0131m\u0131z\u0131 de\u011fi\u015ftirmemiz gerekti\u011fini ortaya \u00e7\u0131karm\u0131\u015ft\u0131r. T\u00fcketiciler sat\u0131n almak istedikleri \u00fcr\u00fcnlerin ambalaj ve etiketlerinin geri d\u00f6n\u00fc\u015f\u00fcme kazand\u0131r\u0131lmas\u0131 m\u00fcmk\u00fcn malzemeler ile \u00fcretilmesine \u00f6nem vermektedirler. \u00c7evre dostu logolu ambalaj ve etiketler m\u00fc\u015fterilerin b\u00fcy\u00fck bir k\u0131sm\u0131 taraf\u0131ndan aranan ve dikkat edilen k\u0131staslardan biri olmu\u015ftur. Bu ba\u011flamda da her \u00e7e\u015fit malzemeye bask\u0131 yapabilen bask\u0131 makinelerinin \u00f6nemi artm\u0131\u015ft\u0131r. Edale FL5 bobin flekso makinesi 12 mikrondan 600 mikrona kadar bask\u0131 yapabilme \u00f6zelli\u011fi ile size bu konuda b\u00fcy\u00fck bir avantaj sa\u011flamaktad\u0131r. Bu sayede karton ambalaj dahil olmak \u00fczere geri d\u00f6n\u00fc\u015f\u00fcm\u00fc m\u00fcmk\u00fcn olan bir\u00e7ok malzemeye bask\u0131 imkan\u0131 sunmaktad\u0131r. Edale hem UV hem s\u0131cak hava kurutmal\u0131 opsiyonlar\u0131 ile de \u00fcretimi desteklemektedir.<\/p>\n<p>Son zamanlarda \u00e7evre bilinci ile \u00fcretim yapan \u00fcreticiler ve markalar karton ambalajlara a\u011f\u0131rl\u0131k vermi\u015flerdir. Bu sayede geri d\u00f6n\u00fc\u015f\u00fcme daha \u00e7ok katk\u0131 sa\u011flayabilmektedirler. T\u00fcketicilerin \u00f6nemli bir k\u0131sm\u0131 da bu durumun bilincindedir ve di\u011fer malzemelere g\u00f6re karton ambalajlar\u0131n geri d\u00f6n\u00fc\u015f\u00fcm\u00fc kolay oldu\u011fu i\u00e7in t\u00fcketici tercihlerini etkilemektedir. Edale flekso makinesi 12 mikrondan 600 mikrona kadar bask\u0131 yapabilme kapasitesinin yan\u0131nda bask\u0131, kesim \u00fcnitesi, k\u0131rma, k\u00f6rler alfabesi, perforaj, jumbo besleme, laminasyon, kaz\u0131 kazan ve at\u0131k toplama dahil olmak \u00fczere i\u015flerinizi tek ge\u00e7i\u015fte ve y\u00fcksek kalitede yapabilmenizi sa\u011flar. Mod\u00fcler yap\u0131s\u0131 sayesinde tek hat ile bir\u00e7ok \u00e7\u00f6z\u00fcm\u00fc bir arada sunmaktad\u0131r. Ayr\u0131ca esnek yap\u0131s\u0131 sayesinde \u00f6zel ebatlarda makine \u00fcretimi de yapabilen Edale ihtiyac\u0131n\u0131za ve i\u015flerinize tam olarak cevap verebilecek kapasiteye sahiptir. \u00c7a\u011f\u0131n yeniliklerine ve gerekliliklerine uyum sa\u011flamak i\u00e7in konvensiyonel alanda Edale, Matset tecr\u00fcbesi ile T\u00fcrkiye\u2019de.<\/p>\n","protected":false},"excerpt":{"rendered":"<p>Cem YILMAZ \/ Matset A.\u015e. Etiket &amp; Ambalaj Sat\u0131\u015f Temsilcisi D\u00fcnyada ve \u00f6zellikle \u00fclkemizde geli\u015fen bir sekt\u00f6r olan etiket ve ambalaj sekt\u00f6r\u00fc geride b\u0131rakt\u0131\u011f\u0131m\u0131z 2018 senesinde 1 milyar 300 milyon dolar d\u0131\u015f ticaret fazlas\u0131 vermi\u015ftir. Bu rakam\u0131n artarak devam edece\u011fi \u00f6ng\u00f6r\u00fclmektedir. \u00dclkemizde etiket ve ambalaj sekt\u00f6r\u00fcn\u00fcn geli\u015fmesi ile ihracat rakamlar\u0131 y\u00fckselmi\u015f, bu sebeple farkl\u0131 ve [&hellip;]<\/p>\n","protected":false},"author":2,"featured_media":3769,"comment_status":"closed","ping_status":"open","sticky":false,"template":"","format":"standard","meta":[],"categories":[31],"tags":[],"_links":{"self":[{"href":"https:\/\/www.ambalajveetiket.com\/index.php\/wp-json\/wp\/v2\/posts\/3180"}],"collection":[{"href":"https:\/\/www.ambalajveetiket.com\/index.php\/wp-json\/wp\/v2\/posts"}],"about":[{"href":"https:\/\/www.ambalajveetiket.com\/index.php\/wp-json\/wp\/v2\/types\/post"}],"author":[{"embeddable":true,"href":"https:\/\/www.ambalajveetiket.com\/index.php\/wp-json\/wp\/v2\/users\/2"}],"replies":[{"embeddable":true,"href":"https:\/\/www.ambalajveetiket.com\/index.php\/wp-json\/wp\/v2\/comments?post=3180"}],"version-history":[{"count":1,"href":"https:\/\/www.ambalajveetiket.com\/index.php\/wp-json\/wp\/v2\/posts\/3180\/revisions"}],"predecessor-version":[{"id":3770,"href":"https:\/\/www.ambalajveetiket.com\/index.php\/wp-json\/wp\/v2\/posts\/3180\/revisions\/3770"}],"wp:featuredmedia":[{"embeddable":true,"href":"https:\/\/www.ambalajveetiket.com\/index.php\/wp-json\/wp\/v2\/media\/3769"}],"wp:attachment":[{"href":"https:\/\/www.ambalajveetiket.com\/index.php\/wp-json\/wp\/v2\/media?parent=3180"}],"wp:term":[{"taxonomy":"category","embeddable":true,"href":"https:\/\/www.ambalajveetiket.com\/index.php\/wp-json\/wp\/v2\/categories?post=3180"},{"taxonomy":"post_tag","embeddable":true,"href":"https:\/\/www.ambalajveetiket.com\/index.php\/wp-json\/wp\/v2\/tags?post=3180"}],"curies":[{"name":"wp","href":"https:\/\/api.w.org\/{rel}","templated":true}]}}