{"id":3183,"date":"2019-04-08T10:24:28","date_gmt":"2019-04-08T07:24:28","guid":{"rendered":"http:\/\/www.ambalajveetiket.com\/?p=3183"},"modified":"2021-03-25T23:09:43","modified_gmt":"2021-03-25T20:09:43","slug":"2028e-kadar-ambalajin-gelecegini-sekillendirecek-dort-egilim","status":"publish","type":"post","link":"https:\/\/www.ambalajveetiket.com\/index.php\/2019\/04\/08\/2028e-kadar-ambalajin-gelecegini-sekillendirecek-dort-egilim\/","title":{"rendered":"2028\u2019e kadar ambalaj\u0131n gelece\u011fini \u015fekillendirecek d\u00f6rt e\u011filim"},"content":{"rendered":"<p><strong>Smithers Pira taraf\u0131ndan yap\u0131lan \u201cThe Future of Packaging: Long-Term Forecasts to 2028\u201d ba\u015fl\u0131kl\u0131 ara\u015ft\u0131rmaya g\u00f6re, 2018 ve 2028 aras\u0131nda k\u00fcresel ambalaj pazar\u0131 y\u0131lda yakla\u015f\u0131k %3 oran\u0131nda b\u00fcy\u00fcme ile 1.2 trilyon dolar\u0131n \u00fczerine \u00e7\u0131kacak.<\/strong><\/p>\n<p>K\u00fcresel ambalaj pazar\u0131, 2013\u2019ten 2018\u2019e kadar %6,8 oran\u0131nda b\u00fcy\u00fcd\u00fc. Bu b\u00fcy\u00fcmenin \u00e7o\u011fu daha az geli\u015fmi\u015f pazarlardan geldi, \u00e7\u00fcnk\u00fc daha fazla t\u00fcketici kentsel b\u00f6lgelere ta\u015f\u0131n\u0131yor ve ard\u0131ndan bat\u0131l\u0131la\u015fm\u0131\u015f ya\u015fam tarzlar\u0131n\u0131 benimsiyor. Bu, d\u00fcnya \u00e7ap\u0131nda e-ticaret end\u00fcstrisi taraf\u0131ndan h\u0131zland\u0131r\u0131lm\u0131\u015f olan paketlenmi\u015f \u00fcr\u00fcnlere olan talebi artt\u0131rd\u0131.<\/p>\n<p>Bir\u00e7ok itici g\u00fc\u00e7, k\u00fcresel ambalaj end\u00fcstrisi \u00fczerinde \u00f6nemli bir etkiye sahip. \u0130\u015fte gelecek on y\u0131lda \u00f6ne \u00e7\u0131kacak d\u00f6rt ana e\u011filim:<\/p>\n<p><strong>1 Ekonomik ve demografik b\u00fcy\u00fcme<\/strong><\/p>\n<p>K\u00fcresel ekonomideki genel geni\u015flemenin, geli\u015fmekte olan t\u00fcketici pazarlar\u0131ndaki b\u00fcy\u00fcmenin artmas\u0131yla \u00f6n\u00fcm\u00fczdeki on y\u0131l da devam etmesi bekleniyor. Brexit\u2019in etkisinden k\u0131sa vadeli kesinti ve ABD ile \u00c7in aras\u0131ndaki tarife sava\u015flar\u0131n\u0131n artmas\u0131 ihtimali var. Ancak genel olarak gelirlerin artmas\u0131, bunun ambalajl\u0131 mallar i\u00e7in t\u00fcketici harcamalar\u0131n\u0131 da artt\u0131rmas\u0131 bekleniyor.<\/p>\n<p>K\u00fcresel n\u00fcfus artacak ve \u00f6zellikle \u00c7in ve Hindistan gibi geli\u015fmekte olan kilit pazarlarda, kentle\u015fme oran\u0131 artmaya devam edecek. Kentle\u015fme t\u00fcketici gelirlerini artt\u0131racak, modern perakende kanallar\u0131na eri\u015fim kolayla\u015facak ve orta s\u0131n\u0131f\u0131n k\u00fcresel markalar ve al\u0131\u015fveri\u015f al\u0131\u015fkanl\u0131klar\u0131yla ili\u015fki kurma arzusu g\u00fc\u00e7lenecek.<\/p>\n<p>Y\u00fckselen ya\u015fam beklentisi \u2013 \u00f6zellikle Japonya gibi kilit geli\u015fmi\u015f pazarlarda \u2013 n\u00fcfusun ya\u015flanmas\u0131na yol a\u00e7acak, sa\u011fl\u0131k ve eczac\u0131l\u0131k \u00fcr\u00fcnlerine olan talebi art\u0131racak. E\u015f zamanl\u0131 olarak ya\u015fl\u0131lar\u0131n ihtiya\u00e7lar\u0131na g\u00f6re uyarlanm\u0131\u015f kolay a\u00e7ma \u00e7\u00f6z\u00fcmlerine ve ambalaja ihtiya\u00e7 duyulacak.<\/p>\n<p><strong>2 S\u00fcrd\u00fcr\u00fclebilirlik<\/strong><\/p>\n<p>\u00dcr\u00fcnlerin \u00e7evresel etkileriyle ilgili endi\u015fe, yerle\u015fik bir fenomen, ancak 2017\u2019den beri, \u00f6zellikle ambalaja odakl\u0131 s\u00fcrd\u00fcr\u00fclebilirli\u011fe ilgi canlanm\u0131\u015f bulunuyor. Bu, merkezi h\u00fck\u00fcmet ve belediye d\u00fczenlemelerine, t\u00fcketici tutumlar\u0131na ve ambalaj yoluyla iletilen marka sahibi de\u011ferlerine yans\u0131yor.<\/p>\n<p>Avrupa Birli\u011fi (AB), dairesel ekonomi ilkelerine do\u011fru y\u00f6nelimi ile bu alana \u00f6nc\u00fcl\u00fck etti. Plastik at\u0131klara \u00f6zel bir odaklanma s\u00f6z konusu ve y\u00fcksek hacimli, tek kullan\u0131ml\u0131k plastik ambalaj \u00f6zel inceleme alt\u0131nda. Bunu hedefleyen bir dizi stratejik ilerleme, yerine alternatif malzemeler koymay\u0131, biyo-bazl\u0131 plastiklerin geli\u015ftirilmesine yat\u0131r\u0131m yapmay\u0131, geri d\u00f6n\u00fc\u015f\u00fcm\u00fc kolayla\u015ft\u0131racak paketler tasarlamay\u0131 ve plastik at\u0131klar\u0131n geri d\u00f6n\u00fc\u015f\u00fcm\u00fcn\u00fc ve i\u015flenmesini iyile\u015ftirmeyi de i\u00e7eriyor.<\/p>\n<p>S\u00fcrd\u00fcr\u00fclebilirlik t\u00fcketiciler i\u00e7in kilit bir fakt\u00f6r haline geldi\u011finden, markalar ambalaj malzemelerine ve \u00e7evreye olan ba\u011fl\u0131l\u0131\u011f\u0131n\u0131 bariz bir \u015fekilde g\u00f6sterdiklerini ortaya koyan tasar\u0131mlara gittik\u00e7e daha fazla ilgi duyuyorlar.<\/p>\n<p>D\u00fcnyada \u00fcretilen g\u0131dalar\u0131n % 40\u2019a varan k\u0131sm\u0131 yenmiyor; g\u0131da israf\u0131n\u0131 en aza indirmek politika yap\u0131c\u0131lar i\u00e7in bir ba\u015fka \u00f6nemli ama\u00e7. Bu \u00e7a\u011fda\u015f ambalaj teknolojisinin b\u00fcy\u00fck bir etkiye sahip olabilece\u011fi bir alan. \u00d6rne\u011fin, y\u00fcksek bariyerli torbalar ve otoklav i\u015fleminden ge\u00e7irme gibi modern esnek tarzlar, yiyeceklere ekstra raf \u00f6mr\u00fc ekler ve \u00f6zellikle so\u011futmal\u0131 bir perakende altyap\u0131s\u0131n\u0131n eksik oldu\u011fu daha az geli\u015fmi\u015f pazarlarda faydal\u0131 olabilir. Nano m\u00fchendislik malzemelerinin entegrasyonu da dahil olmak \u00fczere, pek \u00e7ok Ar-Ge ambalaj bariyer teknolojisini geli\u015ftirmeye y\u00f6neliyor.<\/p>\n<p>G\u0131da kay\u0131plar\u0131n\u0131 en aza indirmek, da\u011f\u0131t\u0131m zincirlerindeki at\u0131klar\u0131 azaltmak ve t\u00fcketicileri ve perakendecileri paketlenmi\u015f g\u0131dalar\u0131n g\u00fcvenli\u011fi konusunda g\u00fcvence alt\u0131na almak i\u00e7in ak\u0131ll\u0131 paketlemenin daha yayg\u0131n kullan\u0131lmas\u0131 destekleniyor.<\/p>\n<p><strong>3 T\u00fcketici e\u011filimleri<\/strong><\/p>\n<p>\u0130nternet ve ak\u0131ll\u0131 telefonlar\u0131n yay\u0131lmas\u0131 sayesinde \u00e7evrim i\u00e7i perakendecilik i\u00e7in k\u00fcresel pazar h\u0131zla b\u00fcy\u00fcmeye devam ediyor. T\u00fcketiciler giderek daha fazla \u00e7evrim i\u00e7i \u00fcr\u00fcn sat\u0131n al\u0131yor. Bu, 2028 y\u0131l\u0131na kadar artmaya devam edecek ve \u00f6zellikle oluklu mukavva gibi daha karma\u015f\u0131k da\u011f\u0131t\u0131m kanallar\u0131 \u00fczerinden g\u00fcvenli bir \u015fekilde nakliyesi yap\u0131labilen ambalaj \u00e7\u00f6z\u00fcmleri y\u00fcksek talep g\u00f6recek.<\/p>\n<p>Daha fazla insan hareket halindeyken yiyecek, i\u00e7ecek, ila\u00e7 gibi \u00fcr\u00fcnler t\u00fcketiyor. Bu, esnek plastik sekt\u00f6r\u00fcn\u00fcn bir ana yararlan\u0131c\u0131s\u0131 oldu\u011fu kullan\u0131\u015fl\u0131 ve ta\u015f\u0131nabilir paketleme \u00e7\u00f6z\u00fcmlerine olan talebi artt\u0131r\u0131yor.<br \/>\nTek ki\u015filik ya\u015fama ge\u00e7i\u015fe paralel olarak, daha fazla t\u00fcketici \u2013 \u00f6zellikle de gen\u00e7 ya\u015f gruplar\u0131 \u2013 bakkaliye i\u00e7in daha az miktarlarda, daha s\u0131k al\u0131\u015fveri\u015fe meyilli. Bu, perakende sat\u0131\u015fta b\u00fcy\u00fcmenin yan\u0131 s\u0131ra daha rahat, daha k\u00fc\u00e7\u00fck boyutlu ambalajl\u0131 \u00fcr\u00fcnlere olan talebi artt\u0131rd\u0131.<\/p>\n<p>T\u00fcketiciler kendi sa\u011fl\u0131k sorunlar\u0131na daha fazla ilgi duyuyorlar ve bu daha sa\u011fl\u0131kl\u0131 ya\u015fam tarzlar\u0131n\u0131n yolunu a\u00e7\u0131yor. Bu nedenle, re\u00e7etesiz ila\u00e7lar ve besin takviyeleri ile birlikte sa\u011fl\u0131kl\u0131 yiyecekler ve i\u00e7ecekler (\u00f6rne\u011fin, gl\u00fctensiz, organik \/ do\u011fal, porsiyon kontroll\u00fc) gibi ambalajl\u0131 \u00fcr\u00fcnlere olan talep art\u0131yor.<\/p>\n<p><strong>4 Marka sahibi e\u011filimleri<\/strong><\/p>\n<p>H\u0131zl\u0131 b\u00fcy\u00fcyen t\u00fcketim mallar\u0131 end\u00fcstrisindeki bir\u00e7ok markan\u0131n uluslararas\u0131la\u015fmas\u0131, \u015firketler yeni y\u00fcksek b\u00fcy\u00fcme g\u00f6steren sekt\u00f6rler ve pazarlar arad\u0131k\u00e7a artmaya devam ediyor. Bat\u0131l\u0131la\u015ft\u0131r\u0131lm\u0131\u015f ya\u015fam tarzlar\u0131na artan oranda maruz kalma, \u00f6nde gelen geli\u015fen ekonomilerde bu s\u00fcreci 2028\u2019e kadar h\u0131zland\u0131racak.<\/p>\n<p>E-ticaret ve uluslararas\u0131 ticaretin k\u00fcreselle\u015fmesi, marka sahipleri aras\u0131nda sahte mallara kar\u015f\u0131 koruma ve da\u011f\u0131t\u0131mlar\u0131n\u0131n daha iyi izlenmesini sa\u011flayan RFID etiketleri ve ak\u0131ll\u0131 etiketler gibi bile\u015fenlere talebi de te\u015fvik ediyor.<\/p>\n<p>G\u0131da, i\u00e7ecek, kozmetik gibi son kullan\u0131m sekt\u00f6rlerinde birle\u015fme ve sat\u0131n alma faaliyetlerinde sanayi konsolidasyonunun da devam edece\u011fi \u00f6ng\u00f6r\u00fcl\u00fcyor. Daha fazla say\u0131da marka tek bir sahiplik kontrol\u00fcne girdik\u00e7e, onlar\u0131n ambalaj stratejilerinin de konsolide olmas\u0131 s\u00f6z konusu olabilir.<\/p>\n<p>21. Y\u00fczy\u0131l t\u00fcketicisi markaya daha az sad\u0131k. Bu, t\u00fcketiciyi etkileyebilecek \u00f6zelle\u015ftirilmi\u015f veya versiyonlanm\u0131\u015f ambalaj ve ambalaj \u00e7\u00f6z\u00fcmlerine olan ilgiyi tetikliyor. \u00d6zel ambalaj bask\u0131 alt\u0131 malzemelerine bask\u0131 yapabilen, \u015fimdi ilk kurulumlar\u0131 g\u00f6r\u00fclen y\u00fcksek verimli dijital (inkjet ve toner) bask\u0131 makineleri, bunu m\u00fcmk\u00fcn k\u0131l\u0131yor. Bu ayr\u0131ca, sosyal medyaya ba\u011flant\u0131 i\u00e7in bir ge\u00e7it sa\u011flayan ambalaj ile entegre pazarlama arzusu ile uyumlu.<\/p>\n<p>\u201cThe Future of Packaging: Long-Term Strategic Forecasts to 2028\u201d ara\u015ft\u0131rmas\u0131 bu e\u011filimlere derinlemesine bir bak\u0131\u015f sunuyor.<\/p>\n","protected":false},"excerpt":{"rendered":"<p>Smithers Pira taraf\u0131ndan yap\u0131lan \u201cThe Future of Packaging: Long-Term Forecasts to 2028\u201d ba\u015fl\u0131kl\u0131 ara\u015ft\u0131rmaya g\u00f6re, 2018 ve 2028 aras\u0131nda k\u00fcresel ambalaj pazar\u0131 y\u0131lda yakla\u015f\u0131k %3 oran\u0131nda b\u00fcy\u00fcme ile 1.2 trilyon dolar\u0131n \u00fczerine \u00e7\u0131kacak. K\u00fcresel ambalaj pazar\u0131, 2013\u2019ten 2018\u2019e kadar %6,8 oran\u0131nda b\u00fcy\u00fcd\u00fc. Bu b\u00fcy\u00fcmenin \u00e7o\u011fu daha az geli\u015fmi\u015f pazarlardan geldi, \u00e7\u00fcnk\u00fc daha fazla t\u00fcketici kentsel [&hellip;]<\/p>\n","protected":false},"author":2,"featured_media":3767,"comment_status":"closed","ping_status":"open","sticky":false,"template":"","format":"standard","meta":[],"categories":[38],"tags":[],"_links":{"self":[{"href":"https:\/\/www.ambalajveetiket.com\/index.php\/wp-json\/wp\/v2\/posts\/3183"}],"collection":[{"href":"https:\/\/www.ambalajveetiket.com\/index.php\/wp-json\/wp\/v2\/posts"}],"about":[{"href":"https:\/\/www.ambalajveetiket.com\/index.php\/wp-json\/wp\/v2\/types\/post"}],"author":[{"embeddable":true,"href":"https:\/\/www.ambalajveetiket.com\/index.php\/wp-json\/wp\/v2\/users\/2"}],"replies":[{"embeddable":true,"href":"https:\/\/www.ambalajveetiket.com\/index.php\/wp-json\/wp\/v2\/comments?post=3183"}],"version-history":[{"count":1,"href":"https:\/\/www.ambalajveetiket.com\/index.php\/wp-json\/wp\/v2\/posts\/3183\/revisions"}],"predecessor-version":[{"id":3768,"href":"https:\/\/www.ambalajveetiket.com\/index.php\/wp-json\/wp\/v2\/posts\/3183\/revisions\/3768"}],"wp:featuredmedia":[{"embeddable":true,"href":"https:\/\/www.ambalajveetiket.com\/index.php\/wp-json\/wp\/v2\/media\/3767"}],"wp:attachment":[{"href":"https:\/\/www.ambalajveetiket.com\/index.php\/wp-json\/wp\/v2\/media?parent=3183"}],"wp:term":[{"taxonomy":"category","embeddable":true,"href":"https:\/\/www.ambalajveetiket.com\/index.php\/wp-json\/wp\/v2\/categories?post=3183"},{"taxonomy":"post_tag","embeddable":true,"href":"https:\/\/www.ambalajveetiket.com\/index.php\/wp-json\/wp\/v2\/tags?post=3183"}],"curies":[{"name":"wp","href":"https:\/\/api.w.org\/{rel}","templated":true}]}}