{"id":3189,"date":"2019-04-08T10:28:03","date_gmt":"2019-04-08T07:28:03","guid":{"rendered":"http:\/\/www.ambalajveetiket.com\/?p=3189"},"modified":"2021-03-24T16:56:33","modified_gmt":"2021-03-24T13:56:33","slug":"iml-sektorundeki-gelismeler","status":"publish","type":"post","link":"https:\/\/www.ambalajveetiket.com\/index.php\/2019\/04\/08\/iml-sektorundeki-gelismeler\/","title":{"rendered":"IML sekt\u00f6r\u00fcndeki geli\u015fmeler"},"content":{"rendered":"<p>Geli\u015fen pazarlar\u0131n ve \u00f6l\u00e7ek ekonomisinin k\u00fcresel anlamda b\u00fcy\u00fcmesi, t\u00fcketimin h\u0131zla artmas\u0131 ve bununla birlikte bask\u0131 teknolojilerindeki geli\u015fim, ambalaj ve etiket pazar\u0131nda bir\u00e7ok \u00f6nemli geli\u015fme olmas\u0131n\u0131 sa\u011flam\u0131\u015ft\u0131r. \u00d6zellikle son y\u0131llarda bireylerin t\u00fcketim al\u0131\u015fkanl\u0131klar\u0131n\u0131n pozitif y\u00f6nde artmas\u0131, ambalaj ve etiket \u00fcretimi yapan firmalar\u0131n \u00fcretim kapasitelerinin b\u00fcy\u00fcmesine sebep olmu\u015ftur. Ki\u015fi ba\u015f\u0131na d\u00fc\u015fen ambalaj kullan\u0131m miktar\u0131n\u0131n artmas\u0131 ayn\u0131 zamanda geri d\u00f6n\u00fc\u015f\u00fcm projelerini de beraberinde getirmi\u015ftir. T\u00fcm bu geli\u015fmeler ile birlikte kaynaklar\u0131n verimli kullan\u0131lmas\u0131 ve s\u00fcrd\u00fcr\u00fclebilirlik kavram\u0131, geli\u015fen ekonomilerin \u00f6nemle ele ald\u0131\u011f\u0131 konular aras\u0131nda yerini almaktad\u0131r. G\u00fcn\u00fcm\u00fczde etiketler bir \u00fcr\u00fcn\u00fcn kimli\u011fini do\u011frudan kullan\u0131c\u0131ya sunabilmektedir.<\/p>\n<p><strong><img class=\" wp-image-5920 alignleft\" src=\"https:\/\/www.matbaahaber.com\/wp-content\/uploads\/2019\/04\/MH_Sayi188_hubergroup_IMLfoodanddairypack-300x180.jpg\" sizes=\"(max-width: 300px) 100vw, 300px\" srcset=\"https:\/\/www.matbaahaber.com\/wp-content\/uploads\/2019\/04\/MH_Sayi188_hubergroup_IMLfoodanddairypack-300x180.jpg 300w, https:\/\/www.matbaahaber.com\/wp-content\/uploads\/2019\/04\/MH_Sayi188_hubergroup_IMLfoodanddairypack-768x462.jpg 768w, https:\/\/www.matbaahaber.com\/wp-content\/uploads\/2019\/04\/MH_Sayi188_hubergroup_IMLfoodanddairypack-1024x615.jpg 1024w, https:\/\/www.matbaahaber.com\/wp-content\/uploads\/2019\/04\/MH_Sayi188_hubergroup_IMLfoodanddairypack-750x451.jpg 750w, https:\/\/www.matbaahaber.com\/wp-content\/uploads\/2019\/04\/MH_Sayi188_hubergroup_IMLfoodanddairypack-1140x685.jpg 1140w\" alt=\"\" data-pin-no-hover=\"true\">IML etiket nedir?<\/strong><\/p>\n<p>In mould labelling (kal\u0131p i\u00e7i etiketleme) kelimelerinin ilk harflerinden olu\u015fan bu terim, \u00fclkemizdeki ambalaj ve etiketleme sekt\u00f6r\u00fcnde olduk\u00e7a yeni ve h\u0131zla geli\u015fen ve her ge\u00e7en g\u00fcn daha fazla \u00fcretim kapasitesine sahip olan bir \u00fcretim tekni\u011fidir.<\/p>\n<p><strong>IML etiket bask\u0131 tekni\u011finde dikkat edilmesi gereken noktalar<\/strong><\/p>\n<p>Kal\u0131p i\u00e7i etiketleme olarak tabir etti\u011fimiz IML etiket bask\u0131 tekni\u011fi, ofset ve flekso bask\u0131 teknikleri ile ger\u00e7ekle\u015ftirilmektedir. \u00dclkemizde daha \u00e7ok ofset tekni\u011fi ile IML etiket \u00fcretimi yap\u0131lmaktad\u0131r. Genel olarak g\u0131da ambalaj\u0131na uygun olarak \u00fcretilmektedir. IML etiket ile ilgili en b\u00fcy\u00fck beklenti migrasyon olarak tabir etti\u011fimiz kimyasal g\u00f6\u00e7 de\u011feri ve teknik olarak adhezyon diye tabir etti\u011fimiz tutunma direncidir.<\/p>\n<p>Migrasyon; kimyasal g\u00f6\u00e7 e\u011filimidir. Burada bahsetti\u011fimiz kimyasal g\u00f6\u00e7ten istenilen ise \u2018low migration\u2019 yani d\u00fc\u015f\u00fck kimyasal g\u00f6\u00e7 \u00f6zelli\u011fidir. D\u00fc\u015f\u00fck kimyasal g\u00f6\u00e7 e\u011filimi g\u0131da \u00fcr\u00fcn\u00fcn\u00fcn tat, koku ve renginde herhangi bir de\u011fi\u015fiklik olmamas\u0131na y\u00f6nelik bir uygulamad\u0131r.<\/p>\n<p>Korona: Film y\u00fczeyine elektriksel bir i\u015flem uygulanarak filme bask\u0131 tutabilme \u00f6zelli\u011fi kazand\u0131r\u0131lmaktad\u0131r. Y\u00fcksek voltajda filme elektron bombard\u0131man\u0131 uygulan\u0131r ve korona i\u015flemi sonucunda film y\u00fczeyi oksitlenerek bir tak\u0131m fonksiyonel kimyasal gruplar meydana gelir. Y\u00fczey gerilimi i\u015flemi s\u0131ras\u0131nda polimerik filmlere uygulanan elektrik ark\u0131, havadaki molek\u00fclleri aktif gruplara d\u00f6n\u00fc\u015ft\u00fcrerek, y\u00fczeyde karbonil, hidroksil, nitrat ve nitrat esteri gibi iyonlar\u0131n olu\u015fmas\u0131n\u0131 sa\u011flar. Olu\u015fan bu gruplar y\u00fczeyde ara faz katman\u0131 olu\u015fturarak adhezyon kuvvetini artt\u0131r\u0131r. Y\u00fczeye g\u00f6\u00e7 etmi\u015f olan d\u00fc\u015f\u00fck molek\u00fcl a\u011f\u0131rl\u0131kl\u0131 malzemelerin i\u015flem s\u0131ras\u0131nda meydana gelen \u0131s\u0131 ile birlikte buharla\u015ft\u0131r\u0131lmas\u0131 sa\u011flan\u0131r ve y\u00fczeyin molek\u00fcl a\u011f\u0131rl\u0131\u011f\u0131 artar.<\/p>\n<p>Sonu\u00e7 olarak, korona i\u015flemi ile film y\u00fczeyi, \u0131slanabilirlik \u00f6zelli\u011fi ve m\u00fcrekkep ile iyi adhezyon verme \u00f6zelli\u011fi kazan\u0131r.<\/p>\n<p>Adhezyon: Farkl\u0131 iki madde aras\u0131nda var olan ve bu iki maddenin birbirine yap\u0131\u015fmas\u0131n\u0131 sa\u011flayan \u00e7ekim kuvvetine adhezyon (yap\u0131\u015fma) denir.<br \/>\nGenel olarak adhezyon testi ise; y\u00fczeyine corona i\u015flenmi\u015f malzeme \u00fczerine bask\u0131 yap\u0131ld\u0131ktan 24 saat sonra yap\u0131lan \u00e7e\u015fitli kalite kontrol testleridir. Bu testlerin en bilinen y\u00f6ntemi ise bant testidir. Bant testinde dikkat edilmesi gereken \u00f6nemli hususlar ise; bant testi i\u00e7in kullan\u0131lacak band\u0131n DIN normlar\u0131na uygun olmas\u0131d\u0131r.<\/p>\n<p><em>Bant \u2013 Testi (DIN 58196\u20136)(Tape test)<\/em><br \/>\n<em>Kullan\u0131lan malzeme: Tesafilm Typ 4104 BDF<\/em><br \/>\n<em>Eni: 19 mm<\/em><br \/>\n<em>Yap\u0131\u015fkanl\u0131\u011f\u0131: 5,75N\/25 mm<\/em><br \/>\n<em>Testin uygulanmas\u0131: Band\u0131n y\u00fczeye yap\u0131\u015fan k\u0131sm\u0131n\u0131n en az kaplad\u0131\u011f\u0131 alan\u0131n 30 mm olmas\u0131 gerekir. Ba\u015f parmakla band\u0131n \u00fcst\u00fcnden ge\u00e7ip sabitle\u015ftirilerek test uygulamas\u0131 ger\u00e7ekle\u015ftirilmektedir.&nbsp;<\/em><br \/>\n<em>Neticelenmesi:<\/em><br \/>\n<em>5 = Renk tabakas\u0131 \u00e7\u0131km\u0131yor.<\/em><br \/>\n<em>4 = Renk tabakas\u0131 baz\u0131 yerlerde&nbsp;<\/em><br \/>\n<em>benek benek \u00e7\u0131k\u0131yor.<\/em><br \/>\n<em>3 = Renk tabakas\u0131 baz\u0131 yerlerde<\/em><br \/>\n<em>komple \u00e7\u0131k\u0131yor.<\/em><br \/>\n<em>2 = Renk tabakas\u0131 bir\u00e7ok yerde \u00e7\u0131k\u0131yor.<\/em><br \/>\n<em>1 = Renk tabakas\u0131 komple \u00e7\u0131k\u0131yor.<\/em><\/p>\n<p>E\u011fer test sonucunda 4 veya 5 verilirse o zaman bask\u0131 kalite standartlar\u0131na g\u00f6re uygundur.<\/p>\n<p>IML etiket \u00fcretimi ofset bask\u0131 tekni\u011finde 3 \u00e7e\u015fit kurutma sistemi ile ger\u00e7ekle\u015ftirilmekte ve bu sistemler 3 ana ba\u015fl\u0131kta toplanmaktad\u0131r.<\/p>\n<ul>\n<li>Konvansiyonel kurutma sistemleri<\/li>\n<li>UV kurutma sistemleri<\/li>\n<li>LED UV kurutma sistemleri<\/li>\n<\/ul>\n<p>hubergroup olarak son y\u0131llarda yapt\u0131\u011f\u0131m\u0131z teknolojik yat\u0131r\u0131mlar\u0131n ba\u015f\u0131nda LED UV sistemler gelmektedir. Bu yenilik\u00e7i bak\u0131\u015f a\u00e7\u0131m\u0131zla yeni geli\u015ftirdi\u011fimiz LED UV Poly d\u00fc\u015f\u00fck migrasyon \u00f6zelli\u011fine sahip \u00fcr\u00fcnlerimiz LED UV kurutma sistemleri ile IML etiket \u00fcretimi konusunda, \u00fcreticilere teknolojik altyap\u0131s\u0131 g\u00fc\u00e7l\u00fc ve yenilik\u00e7i bir bak\u0131\u015f a\u00e7\u0131s\u0131 sunmaktad\u0131r.<\/p>\n<p>NewV poly LED MGA m\u00fcrekkepler, g\u0131da ambalajlar\u0131n\u0131n g\u0131da d\u0131\u015f\u0131 temas y\u00fczeyinde kullan\u0131m\u0131 i\u00e7in tasarlanm\u0131\u015ft\u0131r. Ayr\u0131ca, birincil g\u0131da ambalaj\u0131, m\u00fcrekkep ve vernik tabakas\u0131ndan g\u0131da maddesine ge\u00e7i\u015fini engellemek i\u00e7in do\u011fru bariyer \u00f6zelliklerine sahip olmad\u0131\u011f\u0131ndan, ikincil paketleme i\u00e7in de uygundur.<\/p>\n<p>NewV poly LED MGA m\u00fcrekkepler, emici olmayan y\u00fczeylerde \u00e7ok iyi yap\u0131\u015fma \u00f6zelli\u011fine sahiptir. Tabaka beslemeli ve standart civa lambas\u0131 k\u00fcrleme \u00fcnitesi ile dar web bask\u0131 i\u00e7in de uygundurlar. NewV poly LED MGA serisi, LED k\u00fcrlenme uygulamalar\u0131 i\u00e7in yo\u011fun renkte olan y\u00fcksek hassasiyetli bir UV m\u00fcrekkebidir. Dalga boyu 385 \u2013 395 nm olan t\u00fcm genel LED lambalar i\u00e7in uygundurlar.<\/p>\n<p>LED UV MGA \u00fcr\u00fcnlerimizin test versiyonlar\u0131n\u0131n denemelerini ger\u00e7ekle\u015ftirmekteyiz. Konvansiyonel olarak kullan\u0131lan y\u00fcksek oksidatif kuruma \u00f6zelli\u011fine sahip olan g\u00fc\u00e7l\u00fc serimiz Corona Label MGA serimizdir.<\/p>\n<p>\u0130yi oksidatif kurutma \u00f6zellikleri sayesinde, CORONA Label MGA tabaka beslemeli ofset m\u00fcrekkepleri, emici olmayan y\u00fczeylerde iyi adhezyon sergiler. Kullan\u0131lan \u00f6zel ham maddelerin sayesinde, bu yeni m\u00fcrekkep serisinin, kabarma yani y\u00fczey \u00fczerinde dalgalanma e\u011filimi yoktur. \u00d6zellikle poliolefin filmlere (polietilen (PE) veya polipropilen (PP) bazl\u0131) malzemeler i\u00e7in kal\u0131p i\u00e7i etiketleme sistemine uygundur. Di\u011fer uygulama alanlar\u0131 aras\u0131nda al\u00fcminyum lamine edilmi\u015f malzemeler ve PE kapl\u0131 y\u00fczeyler gibi emici olmayan bask\u0131 alt\u0131 malzemeleri bulunmaktad\u0131r. Bask\u0131 sonras\u0131 y\u00fcksek d\u00fczeyde mekanik dirence kar\u015f\u0131 dayan\u0131mlar\u0131 y\u00fcksek bir m\u00fcrekkep serisidir. Son derece ince 50 um plastik filmlerden 1000 g \/ m\u00b2 birim alan a\u011f\u0131rl\u0131\u011f\u0131na sahip y\u00fczeylerde dahi olumlu sonu\u00e7lar elde edilmektedir.<\/p>\n<p>IML uygulamalar\u0131 i\u00e7in, genellikle su bazl\u0131 bir kaplama ile kaplama yap\u0131lmas\u0131 gerekmektedir. D\u00fc\u015f\u00fck d\u00fczeyde emicili\u011fi olan y\u00fczeylerde \u00f6zel su bazl\u0131 kaplamalar\u0131n kullan\u0131lmas\u0131n\u0131 gerektirir. CORONA Label MGA m\u00fcrekkepleriyle bas\u0131lan g\u0131da ambalajlar\u0131n\u0131n \u00fcretim gereksinimlerini kar\u015f\u0131lamak i\u00e7in \u00f6zel olarak su bazl\u0131 kaplamalar geli\u015ftirilmi\u015ftir. Ayn\u0131 durum hazne suyu konsantreleri ve bask\u0131 yard\u0131mc\u0131lar\u0131 i\u00e7in de ge\u00e7erlidir.<\/p>\n<ul>\n<li>Renk de\u011ferleri DIN ISO 2846-1 ve<\/li>\n<li>12647-2 ile uyumlu<\/li>\n<li>Dengeli gri balans<\/li>\n<li>Y\u00fcksek hazne suyu tolerans\u0131<\/li>\n<li>\u00c7ok h\u0131zl\u0131 su\/m\u00fcrekkep dengesinin olu\u015fmas\u0131<\/li>\n<li>\u00dcretim s\u0131ras\u0131nda maksimum denge<\/li>\n<li>\u0130\u015f ba\u015flang\u0131c\u0131nda minimum fire<\/li>\n<\/ul>\n<p><em>1) vernik ve solvent dayan\u0131m\u0131 i\u00e7in uygun de\u011fildir. *) poster bask\u0131s\u0131<\/em><\/p>\n","protected":false},"excerpt":{"rendered":"<p>Geli\u015fen pazarlar\u0131n ve \u00f6l\u00e7ek ekonomisinin k\u00fcresel anlamda b\u00fcy\u00fcmesi, t\u00fcketimin h\u0131zla artmas\u0131 ve bununla birlikte bask\u0131 teknolojilerindeki geli\u015fim, ambalaj ve etiket pazar\u0131nda bir\u00e7ok \u00f6nemli geli\u015fme olmas\u0131n\u0131 sa\u011flam\u0131\u015ft\u0131r. \u00d6zellikle son y\u0131llarda bireylerin t\u00fcketim al\u0131\u015fkanl\u0131klar\u0131n\u0131n pozitif y\u00f6nde artmas\u0131, ambalaj ve etiket \u00fcretimi yapan firmalar\u0131n \u00fcretim kapasitelerinin b\u00fcy\u00fcmesine sebep olmu\u015ftur. Ki\u015fi ba\u015f\u0131na d\u00fc\u015fen ambalaj kullan\u0131m miktar\u0131n\u0131n artmas\u0131 ayn\u0131 zamanda [&hellip;]<\/p>\n","protected":false},"author":2,"featured_media":3763,"comment_status":"open","ping_status":"open","sticky":false,"template":"","format":"standard","meta":[],"categories":[31,38,39,40],"tags":[],"_links":{"self":[{"href":"https:\/\/www.ambalajveetiket.com\/index.php\/wp-json\/wp\/v2\/posts\/3189"}],"collection":[{"href":"https:\/\/www.ambalajveetiket.com\/index.php\/wp-json\/wp\/v2\/posts"}],"about":[{"href":"https:\/\/www.ambalajveetiket.com\/index.php\/wp-json\/wp\/v2\/types\/post"}],"author":[{"embeddable":true,"href":"https:\/\/www.ambalajveetiket.com\/index.php\/wp-json\/wp\/v2\/users\/2"}],"replies":[{"embeddable":true,"href":"https:\/\/www.ambalajveetiket.com\/index.php\/wp-json\/wp\/v2\/comments?post=3189"}],"version-history":[{"count":1,"href":"https:\/\/www.ambalajveetiket.com\/index.php\/wp-json\/wp\/v2\/posts\/3189\/revisions"}],"predecessor-version":[{"id":3764,"href":"https:\/\/www.ambalajveetiket.com\/index.php\/wp-json\/wp\/v2\/posts\/3189\/revisions\/3764"}],"wp:featuredmedia":[{"embeddable":true,"href":"https:\/\/www.ambalajveetiket.com\/index.php\/wp-json\/wp\/v2\/media\/3763"}],"wp:attachment":[{"href":"https:\/\/www.ambalajveetiket.com\/index.php\/wp-json\/wp\/v2\/media?parent=3189"}],"wp:term":[{"taxonomy":"category","embeddable":true,"href":"https:\/\/www.ambalajveetiket.com\/index.php\/wp-json\/wp\/v2\/categories?post=3189"},{"taxonomy":"post_tag","embeddable":true,"href":"https:\/\/www.ambalajveetiket.com\/index.php\/wp-json\/wp\/v2\/tags?post=3189"}],"curies":[{"name":"wp","href":"https:\/\/api.w.org\/{rel}","templated":true}]}}