{"id":3198,"date":"2019-04-08T11:40:56","date_gmt":"2019-04-08T08:40:56","guid":{"rendered":"http:\/\/www.ambalajveetiket.com\/?p=3198"},"modified":"2021-03-24T16:54:21","modified_gmt":"2021-03-24T13:54:21","slug":"tetra-pak-yonetiminde-bayrak-degisimi","status":"publish","type":"post","link":"https:\/\/www.ambalajveetiket.com\/index.php\/2019\/04\/08\/tetra-pak-yonetiminde-bayrak-degisimi\/","title":{"rendered":"Tetra Pak y\u00f6netiminde bayrak de\u011fi\u015fimi"},"content":{"rendered":"<p>D\u00fcnyan\u0131n \u00f6nde gelen g\u0131da i\u015fleme ve ambalaj \u00e7\u00f6z\u00fcmleri \u015firketi Tetra Pak\u2019\u0131n tepe y\u00f6netiminde bayrak de\u011fi\u015fimi ya\u015fand\u0131. Tetra Pak\u2019\u0131n Ba\u015fkanl\u0131k ve CEO\u2019luk g\u00f6revini 1 Nisan 2019 tarihi itibariyle Adolfo Orive devralacak.<\/p>\n<p>Tetra Pak\u2019ta 36 y\u0131ld\u0131r hizmet veren ve son 14 y\u0131ld\u0131r \u015firketin Ba\u015fkan\u0131 ve CEO\u2019su olarak g\u00f6rev yapan Dennis J\u00f6nsson g\u00f6revinden ayr\u0131lma karar\u0131 ald\u0131. Tetra Pak\u2019\u0131n yeni Ba\u015fkan\u0131 ve CEO\u2019su olarak atanan Adolfo Orive\u2019nin, 1 Nisan 2019 tarihi itibar\u0131yla g\u00f6revine ba\u015flayaca\u011f\u0131 a\u00e7\u0131kland\u0131.<\/p>\n<p>Halen Tetra Pak\u2019\u0131n \u00fcst kurulu\u015fu olan Tetra Laval\u2019de Kuzey Orta Amerika ve G\u00fcney Amerika B\u00f6l\u00fcm Ba\u015fkan\u0131 olarak g\u00f6rev yapan Adolfo Orive, Tetra Pak Grubu\u2019na 1993 y\u0131l\u0131nda kat\u0131ld\u0131. \u015eirket b\u00fcnyesinde daha \u00f6nce Kolombiya ve \u0130spanya Genel M\u00fcd\u00fcrl\u00fc\u011f\u00fc, Kuzey Avrupa ve Orta Avrupa B\u00f6l\u00fcm Ba\u015fkanl\u0131\u011f\u0131 da dahil olmak \u00fczere \u00e7e\u015fitli y\u00f6neticilik g\u00f6revlerinde bulunan Orive, 2014 y\u0131l\u0131nda Tetra Pak K\u00fcresel Liderlik Ekibi\u2019ne kat\u0131ld\u0131.<\/p>\n<p>55 ya\u015f\u0131ndaki Orive, Meksika\u2019da bulunan \u0130ber-Amerikan \u00dcniversitesi\u2019nin (IBERO) end\u00fcstriyel m\u00fchendislik b\u00f6l\u00fcm\u00fcnden mezun oldu. Ard\u0131ndan yine Meksika\u2019da bulunan Meksika Otonom Teknoloji Enstit\u00fcs\u00fc\u2019nde (ITAM) \u0130\u015fletme Y\u00fcksek lisans\u0131 yapt\u0131.<\/p>\n","protected":false},"excerpt":{"rendered":"<p>D\u00fcnyan\u0131n \u00f6nde gelen g\u0131da i\u015fleme ve ambalaj \u00e7\u00f6z\u00fcmleri \u015firketi Tetra Pak\u2019\u0131n tepe y\u00f6netiminde bayrak de\u011fi\u015fimi ya\u015fand\u0131. Tetra Pak\u2019\u0131n Ba\u015fkanl\u0131k ve CEO\u2019luk g\u00f6revini 1 Nisan 2019 tarihi itibariyle Adolfo Orive devralacak. Tetra Pak\u2019ta 36 y\u0131ld\u0131r hizmet veren ve son 14 y\u0131ld\u0131r \u015firketin Ba\u015fkan\u0131 ve CEO\u2019su olarak g\u00f6rev yapan Dennis J\u00f6nsson g\u00f6revinden ayr\u0131lma karar\u0131 ald\u0131. Tetra Pak\u2019\u0131n [&hellip;]<\/p>\n","protected":false},"author":2,"featured_media":3757,"comment_status":"open","ping_status":"open","sticky":false,"template":"","format":"standard","meta":[],"categories":[1],"tags":[],"_links":{"self":[{"href":"https:\/\/www.ambalajveetiket.com\/index.php\/wp-json\/wp\/v2\/posts\/3198"}],"collection":[{"href":"https:\/\/www.ambalajveetiket.com\/index.php\/wp-json\/wp\/v2\/posts"}],"about":[{"href":"https:\/\/www.ambalajveetiket.com\/index.php\/wp-json\/wp\/v2\/types\/post"}],"author":[{"embeddable":true,"href":"https:\/\/www.ambalajveetiket.com\/index.php\/wp-json\/wp\/v2\/users\/2"}],"replies":[{"embeddable":true,"href":"https:\/\/www.ambalajveetiket.com\/index.php\/wp-json\/wp\/v2\/comments?post=3198"}],"version-history":[{"count":1,"href":"https:\/\/www.ambalajveetiket.com\/index.php\/wp-json\/wp\/v2\/posts\/3198\/revisions"}],"predecessor-version":[{"id":3758,"href":"https:\/\/www.ambalajveetiket.com\/index.php\/wp-json\/wp\/v2\/posts\/3198\/revisions\/3758"}],"wp:featuredmedia":[{"embeddable":true,"href":"https:\/\/www.ambalajveetiket.com\/index.php\/wp-json\/wp\/v2\/media\/3757"}],"wp:attachment":[{"href":"https:\/\/www.ambalajveetiket.com\/index.php\/wp-json\/wp\/v2\/media?parent=3198"}],"wp:term":[{"taxonomy":"category","embeddable":true,"href":"https:\/\/www.ambalajveetiket.com\/index.php\/wp-json\/wp\/v2\/categories?post=3198"},{"taxonomy":"post_tag","embeddable":true,"href":"https:\/\/www.ambalajveetiket.com\/index.php\/wp-json\/wp\/v2\/tags?post=3198"}],"curies":[{"name":"wp","href":"https:\/\/api.w.org\/{rel}","templated":true}]}}