{"id":3208,"date":"2019-05-08T16:03:58","date_gmt":"2019-05-08T13:03:58","guid":{"rendered":"http:\/\/www.ambalajveetiket.com\/?p=3208"},"modified":"2021-03-25T23:07:51","modified_gmt":"2021-03-25T20:07:51","slug":"teknova-kasad-uyelerine-urunlerini-ve-ambalaj-yeniliklerini-tanitti","status":"publish","type":"post","link":"https:\/\/www.ambalajveetiket.com\/index.php\/2019\/05\/08\/teknova-kasad-uyelerine-urunlerini-ve-ambalaj-yeniliklerini-tanitti\/","title":{"rendered":"Teknova KASAD \u00fcyelerine \u00fcr\u00fcnlerini ve ambalaj yeniliklerini tan\u0131tt\u0131"},"content":{"rendered":"<p>Karton Ambalaj Sanayicileri Derne\u011fi (KASAD) ayl\u0131k tan\u0131t\u0131m toplant\u0131s\u0131nda Nisan ay\u0131nda Teknova\u2019y\u0131 konuk etti.<\/p>\n<p>Teknova tan\u0131t\u0131m\u0131ndan \u00f6nce iki yeni KASAD \u00fcyesine rozetleri tak\u0131ld\u0131. Korco firmas\u0131ndan Ayd\u0131n Saban\u2019a rozeti KASAD Y\u00f6netim Kurulu \u00dcyesi Altu\u011f Ulu, Fujifilm\u2019den ikinci KASAD \u00fcyesi olan Kerem Ege\u2019ye ise rozeti KASAD Y\u00f6netim Kurulu \u00dcyesi Ferit Dans\u0131k taraf\u0131ndan tak\u0131ld\u0131.<\/p>\n<p>Toplant\u0131, bu toplant\u0131lar\u0131n firmalar\u0131 tan\u0131mak i\u00e7in iyi bir f\u0131rsat oldu\u011funu belirten KASAD Y\u00f6netim Kurulu Sekreteri Ferit Dans\u0131k\u2019\u0131n takdimiyle a\u00e7\u0131ld\u0131. KASAD Ba\u015fkan\u0131 Alican Duran yurt d\u0131\u015f\u0131nda oldu\u011fundan toplant\u0131ya kat\u0131lamad\u0131.<\/p>\n<p><strong><img loading=\"lazy\" class=\" wp-image-6097 alignleft\" src=\"https:\/\/www.matbaahaber.com\/wp-content\/uploads\/2019\/05\/MH_189_Teknova_Ahmet_Sezginel_4-260x300.jpg\" sizes=\"(max-width: 350px) 100vw, 350px\" srcset=\"https:\/\/www.matbaahaber.com\/wp-content\/uploads\/2019\/05\/MH_189_Teknova_Ahmet_Sezginel_4-260x300.jpg 260w, https:\/\/www.matbaahaber.com\/wp-content\/uploads\/2019\/05\/MH_189_Teknova_Ahmet_Sezginel_4-768x886.jpg 768w, https:\/\/www.matbaahaber.com\/wp-content\/uploads\/2019\/05\/MH_189_Teknova_Ahmet_Sezginel_4-888x1024.jpg 888w, https:\/\/www.matbaahaber.com\/wp-content\/uploads\/2019\/05\/MH_189_Teknova_Ahmet_Sezginel_4-750x865.jpg 750w, https:\/\/www.matbaahaber.com\/wp-content\/uploads\/2019\/05\/MH_189_Teknova_Ahmet_Sezginel_4-1140x1315.jpg 1140w, https:\/\/www.matbaahaber.com\/wp-content\/uploads\/2019\/05\/MH_189_Teknova_Ahmet_Sezginel_4.jpg 1200w\" alt=\"\" width=\"350\" height=\"404\" data-pin-no-hover=\"true\">Ahmet Sezginel (Teknova Y\u00f6netim Kurulu \u00dcyesi); Teknova 18 y\u0131lda k\u00fc\u00e7\u00fck bir \u00fcreticiden 30\u2019u a\u015fk\u0131n \u00fclkeye ihracat yapan uluslararas\u0131 bir marka haline geldi<\/strong><\/p>\n<p>Teknova Matbaac\u0131l\u0131k Kimya San. ve Tic. A.\u015e. Y\u00f6netim Kurulu \u00dcyesi Ahmet Sezginel, Teknova\u2019n\u0131n kurulu\u015f amac\u0131, vizyonu ve 18 y\u0131ll\u0131k ge\u00e7mi\u015finden \u00f6nemli d\u00f6n\u00fcm noktalar\u0131n\u0131 \u015f\u00f6yle anlat\u0131yor:<\/p>\n<p>\u201cTeknova\u2019y\u0131 18 y\u0131l \u00f6nce 3 gen\u00e7 m\u00fchendis olarak kurduk. Teknova\u2019n\u0131n kurulu\u015f g\u00fcnlerinde T\u00fcrkiye \u00e7ok \u00f6nemli bir krizden ge\u00e7iyordu ama T\u00fcrkiye\u2019ye inanc\u0131m\u0131z vard\u0131. T\u00fcrkiye\u2019nin ithal etmek zorunda oldu\u011fu, \u00f6zellikle matbaa kimyasallar\u0131n\u0131 Teknova T\u00fcrkiye\u2019de yapabilsin, uluslararas\u0131 kalite standartlar\u0131na uygun sertifikasyonlara sahip \u00fcr\u00fcnler \u00fcretebilsin amac\u0131yla yola \u00e7\u0131kt\u0131k. K\u0131sa bir Ar-Ge\u2019den sonra 2004\u2019te \u0130ngiltere\u2019de yerle\u015fik Hydro Dynamics Products (HDP) firmas\u0131yla teknoloji transferi anla\u015fmas\u0131 yapt\u0131k. T\u00fcrkiye\u2019de y\u00fcksek teknolojiye sahip matbaa kimyasallar\u0131 \u00fcretmeye ba\u015flad\u0131k.<\/p>\n<p>2005\u2019te Sava blanket firmas\u0131yla, 2006 y\u0131l\u0131nda Alman Betz firmas\u0131yla anla\u015fma yapt\u0131k. Betz m\u00fcrekkep da\u011f\u0131t\u0131m sistemleri ve m\u00fcrekkep besleme sistemleri ve Pantone renklerinde m\u00fcrekkep \u00fcretiyordu.<\/p>\n<p>2008 y\u0131l\u0131nda Fogra\u2019ya \u00fcye olduk. T\u00fcrkiye\u2019de o d\u00f6nemde Fogra onayl\u0131 hazne suyu ve solvent imal eden tek firma olduk. \u0130kisi hazne suyu, ikisi solvent d\u00f6rt \u00fcr\u00fcn\u00fcm\u00fcze Fogra lisans\u0131 ald\u0131k.<\/p>\n<p>2009 y\u0131l\u0131nda Tesa\u2019n\u0131n matbaac\u0131l\u0131k sekt\u00f6r\u00fcndeki ve \u00f6zellikle gazetecilik alan\u0131ndaki yetkili bayisi olduk. \u015eu anda t\u00fcm matbaac\u0131l\u0131k sekt\u00f6r\u00fcne hizmet ediyoruz.<\/p>\n<p>2010 y\u0131l\u0131nda Baldwin firmas\u0131n\u0131n temsilci\u011fini ald\u0131k. Hazne suyu haz\u0131rlama \u00fcnitelerini, otomatik blanket y\u0131kama sistemlerini ve UV kurutma sistemlerini sat\u0131p ayn\u0131 zamanda yedek par\u00e7a temin eder durumday\u0131z.<\/p>\n<p>2013 y\u0131l\u0131nda yakla\u015f\u0131k 2500 metre kare bir alana sahip Esenyurt Fabrika binam\u0131za ta\u015f\u0131nmaya karar verdik. \u00dcr\u00fcn geli\u015ftirmeye devam ettik ve \u00fcretimini kendi form\u00fcl\u00fcm\u00fczle yapt\u0131\u011f\u0131m\u0131z \u00fcr\u00fcn say\u0131s\u0131 50-60\u2019\u0131n \u00fczerine \u00e7\u0131kt\u0131.<\/p>\n<p>2016 y\u0131l\u0131nda su bazl\u0131 m\u00fcrekkep ve su bazl\u0131 lak \u00fcretimine karar verdik. Esnek ambalaj alan\u0131nda g\u00f6rd\u00fc\u011f\u00fcm\u00fcz f\u0131rsatlar vard\u0131. O alanda daha fazla \u00fcr\u00fcn geli\u015ftirmek ad\u0131na su bazl\u0131 m\u00fcrekkep ve lak \u00fcretimine ba\u015flad\u0131k. \u00d6ncelikli olarak \u0130talyan Eston Chimica firmas\u0131yla bir anla\u015fma yapt\u0131k. Onlardan ham madde alarak T\u00fcrkiye\u2019de renk \u00fcretmeye ba\u015flad\u0131k. Daha sonra 2017 y\u0131l\u0131nda alm\u0131\u015f oldu\u011fumuz kararla makine yat\u0131r\u0131m\u0131 yapt\u0131k. 2018 y\u0131l\u0131n\u0131n ortalar\u0131nda kendi ham maddemizi \u00fcretir hale geldik.<\/p>\n<p>Bu arada yine 2018 y\u0131l\u0131nda ilk kurulu\u015f felsefemizi unutmad\u0131k. ISO 14001 \u00c7evre ve Kalite Belgesi\u2019ni de alm\u0131\u015f olduk. Su bazl\u0131 ve UV flekso bask\u0131 m\u00fcrekkepleri konusunda \u00e7al\u0131\u015fmalar\u0131m\u0131z devam ediyor.<\/p>\n<p>Su bazl\u0131 dispersiyon lak, flekso lak, UV lak, UV m\u00fcrekkep de \u00f6n\u00fcm\u00fczdeki d\u00f6nemde planlar\u0131m\u0131z aras\u0131nda.<\/p>\n<p>Hazne sular\u0131m\u0131z tabaka ofset (alkoll\u00fc, alkols\u00fcz), web ofset (alkoll\u00fc, alkols\u00fcz), s\u00fcrekli form hazne sular\u0131 ve UV bask\u0131ya hazne sular\u0131 olarak s\u0131n\u0131fland\u0131r\u0131labilir.<\/p>\n<p>Konvansiyonel tabaka ofset, UV tabaka ofset, konvansiyonel web ofset, UV web blanketleri, kendinden yap\u0131\u015fkanl\u0131 lak blanketi, UV ve konvansiyonel lak uygulamak i\u00e7in blanket olmak \u00fczere bir\u00e7ok \u00e7e\u015fit blanketimiz var. Tabii metal bask\u0131 i\u00e7in kullan\u0131lan blanketler de var.<\/p>\n<p>Kal\u0131p kimyasallar\u0131nda olduk\u00e7a geni\u015f bir yelpazeye sahibiz. CtP termal banyo ve tazeleyici, CTcP pozitif banyo, kal\u0131p temizleme suyu, f\u0131r\u0131n zamk\u0131, kal\u0131p zamk\u0131, kal\u0131p d\u00fczeltme jeli ve b\u00fcy\u00fck ebat kal\u0131plarda kullan\u0131lan otomatik kal\u0131p y\u0131kama s\u0131v\u0131s\u0131 olmak \u00fczere kal\u0131p kimyasallar\u0131m\u0131z\u0131 s\u0131n\u0131fland\u0131rabiliriz.<\/p>\n<p>Solventlerde ise konvansiyonel blanket ve merdane y\u0131kama s\u0131v\u0131lar\u0131, genel anlamda makine temizleme s\u0131v\u0131lar\u0131, UV bask\u0131 blanket ve merdane y\u0131kama s\u0131v\u0131lar\u0131, kurutmal\u0131 bask\u0131 y\u0131kama ve s\u0131v\u0131lar\u0131, flekso bask\u0131lar i\u00e7in bask\u0131 y\u0131kama s\u0131v\u0131lar\u0131 \u00fcretimi yap\u0131yoruz. Bir\u00e7ok yard\u0131mc\u0131 malzememiz de var. Form\u00fcl\u00fc bize ait olan 50 -60 kimyasal\u0131m\u0131z var.<\/p>\n<p>Bunlar\u0131n yan\u0131nda, 2013 y\u0131l\u0131nda Almanya\u2019dan IST firmas\u0131yla anla\u015fma yapt\u0131k; birinci sayfalar\u0131n\u0131 ku\u015fe k\u00e2\u011f\u0131da basan H\u00fcrriyet ve Sabah gazetelerine UV kurutucu sistemlerinin kurulumunu yapt\u0131k. On matbaada kurulum yapt\u0131k. D\u00fcz ofset sekt\u00f6r\u00fcnde de bir\u00e7ok uygulama ger\u00e7ekle\u015ftirdik.\u201d<\/p>\n<p><strong><img loading=\"lazy\" class=\" wp-image-6098 alignright\" src=\"https:\/\/www.matbaahaber.com\/wp-content\/uploads\/2019\/05\/MH_189_Teknova_7-300x204.jpg\" sizes=\"(max-width: 425px) 100vw, 425px\" srcset=\"https:\/\/www.matbaahaber.com\/wp-content\/uploads\/2019\/05\/MH_189_Teknova_7-300x204.jpg 300w, https:\/\/www.matbaahaber.com\/wp-content\/uploads\/2019\/05\/MH_189_Teknova_7-768x522.jpg 768w, https:\/\/www.matbaahaber.com\/wp-content\/uploads\/2019\/05\/MH_189_Teknova_7-1024x695.jpg 1024w, https:\/\/www.matbaahaber.com\/wp-content\/uploads\/2019\/05\/MH_189_Teknova_7-750x509.jpg 750w, https:\/\/www.matbaahaber.com\/wp-content\/uploads\/2019\/05\/MH_189_Teknova_7-1140x774.jpg 1140w, https:\/\/www.matbaahaber.com\/wp-content\/uploads\/2019\/05\/MH_189_Teknova_7.jpg 1200w\" alt=\"\" width=\"425\" height=\"289\" data-pin-no-hover=\"true\">Rakamlarla Teknova<\/strong><\/p>\n<p>Teknova y\u0131ll\u0131k, yakla\u015f\u0131k 2 milyon 400 bin litre su bazl\u0131 m\u00fcrekkep, 1 milyon 200 bin litre su bazl\u0131 lak, 400 bin kg hazne suyu, 35 bin metre kare blanket, 600 bin litre y\u0131kama s\u0131v\u0131s\u0131, 200 bin litre kal\u0131p kimyasal\u0131 ve yakla\u015f\u0131k 250 bin metre kare y\u0131kama bezi \u00fcretimi yap\u0131yor. Firma y\u0131kama bezini jumbo formatlardan matbaalar\u0131n kullanabilece\u011fi formata getiriyor. Blankette ise 3 \u00e7\u0131talama makinesiyle \u00e7al\u0131\u015f\u0131yor. Ahmet Sezginel \u015f\u00f6yle devam ediyor.<\/p>\n<p>\u201cTeknova bu i\u015fi yakla\u015f\u0131k 40 ki\u015fiyle yap\u0131yor. \u00dcr\u00fcn da\u011f\u0131t\u0131m\u0131nda genelde son kullan\u0131c\u0131larla irtibatta olmakla beraber T\u00fcrkiye genelinde b\u00fcy\u00fck illerde 75 adet bayimiz var; 500\u2019\u00fcn \u00fczerinde matbaa ve ambalaj firmas\u0131yla birebir kontak halindeyiz. Yine 30\u2019un \u00fczerinde \u00fclkeye ihracat yapan bir firmay\u0131z. Y\u00fcz\u00fcn \u00fczerinde farkl\u0131 \u00fcr\u00fcn ve hizmet sat\u0131\u015f\u0131 yap\u0131yoruz. Teknova\u2019n\u0131n Avrupa taraf\u0131nda Almanya, Yunanistan, Ukrayna, Arnavutluk gibi \u00fclkelere; Asya\u2019da Birle\u015fik Arap Emirlikleri, Afganistan, T\u00fcrkmenistan, Suudi Arabistan, \u00d6zbekistan, L\u00fcbnan, Irak, Filipinler, K\u0131rg\u0131zistan, Bahreyn gibi \u00fclkelere ve Afrika\u2019da Cezayir, M\u0131s\u0131r, G\u00fcney Afrika, Sudan gibi \u00fclkelere d\u00fczenli olarak ihracat\u0131 var. Kaliteye olan inanc\u0131m\u0131z ve bundan sapmamak bizi bu kadar k\u0131sa s\u00fcrede sadece T\u00fcrkiye\u2019de de\u011fil d\u00fcnyada da bilinen bir marka haline getirdi.\u201d<\/p>\n<p><strong><img loading=\"lazy\" class=\" wp-image-6099 alignleft\" src=\"https:\/\/www.matbaahaber.com\/wp-content\/uploads\/2019\/05\/MH_189_Teknova_SuatSonakin_8-292x300.jpg\" sizes=\"(max-width: 354px) 100vw, 354px\" srcset=\"https:\/\/www.matbaahaber.com\/wp-content\/uploads\/2019\/05\/MH_189_Teknova_SuatSonakin_8-292x300.jpg 292w, https:\/\/www.matbaahaber.com\/wp-content\/uploads\/2019\/05\/MH_189_Teknova_SuatSonakin_8-768x789.jpg 768w, https:\/\/www.matbaahaber.com\/wp-content\/uploads\/2019\/05\/MH_189_Teknova_SuatSonakin_8-996x1024.jpg 996w, https:\/\/www.matbaahaber.com\/wp-content\/uploads\/2019\/05\/MH_189_Teknova_SuatSonakin_8-750x771.jpg 750w, https:\/\/www.matbaahaber.com\/wp-content\/uploads\/2019\/05\/MH_189_Teknova_SuatSonakin_8-1140x1172.jpg 1140w\" alt=\"\" width=\"354\" height=\"364\" data-pin-no-hover=\"true\">Suat Sonak\u0131n (Teknova Y\u00f6netim Kurulu \u00dcyesi); \u201c\u0130stedi\u011fimiz her \u00fcr\u00fcn\u00fcm\u00fcze Fogra alabilecek durumday\u0131z\u201d<\/strong><\/p>\n<p>Teknova Y\u00f6netim Kurulu \u00dcyesi Suat Sonak\u0131n, ge\u00e7en y\u0131l \u0130stanbul 100. Y\u0131l Mahallesi\u2019nde, Matbaac\u0131lar ve Ambalajc\u0131lar Sitesi\u2019nde a\u00e7t\u0131klar\u0131 sat\u0131\u015f ofisini hat\u0131rlatarak ba\u015flad\u0131\u011f\u0131 konu\u015fmas\u0131nda, Teknova\u2019n\u0131n \u00fcr\u00fcn gruplar\u0131ndan se\u00e7ilmi\u015f baz\u0131 \u00fcr\u00fcnleri tan\u0131tt\u0131.<\/p>\n<p>Teknova\u2019daki \u00fcr\u00fcn gruplar\u0131n\u0131n \u00fcretimine \u0130ngiliz HDP\u2019den konsantre \u00fcr\u00fcnleri getirip burada matbaa kimyasallar\u0131n\u0131n \u00fcretimini deneyerek ad\u0131m att\u0131klar\u0131n\u0131, sonra ana \u00fcr\u00fcn gruplar\u0131ndaki form\u00fcllerin \u00e7o\u011funun sat\u0131n al\u0131nmas\u0131yla 2005 y\u0131l\u0131nda \u00fcretime ba\u015flad\u0131klar\u0131n\u0131 belirten Suat Sonak\u0131n, 2008 Drupa fuar\u0131na kat\u0131ld\u0131ktan sonra 2009\u2019da ISO 9001 Belgesi, 2009\u2019dan 2012\u2019ye kadar 4 \u00fcr\u00fcne Fogra sertifikas\u0131 ald\u0131klar\u0131n\u0131 hat\u0131rlat\u0131yor ve \u015f\u00f6yle devam ediyor.<\/p>\n<p>\u201cBu \u00fcr\u00fcn gruplar\u0131nda yakla\u015f\u0131k 100 adet matbaa kimyasal\u0131n\u0131n \u00fcretimini yap\u0131yoruz. Bunlar aras\u0131nda hazne sular\u0131, kal\u0131p kimyasallar\u0131, solventler ve \u00f6zel \u00fcr\u00fcnler var.<\/p>\n<p>Kendimizi b\u00fct\u00fcn \u00fcr\u00fcnlerde kurallara uygun \u00fcretim standartlar\u0131yla g\u00fc\u00e7l\u00fc g\u00f6r\u00fcyoruz ama orijinal ad\u0131 Total Respect olan \u0130ngilizlerin Fogra lisansl\u0131 \u00fcr\u00fcn\u00fc, T\u00fcrkiye\u2019de \u00fcretti\u011fimiz ilk \u00fcr\u00fcn, ilk g\u00f6z a\u011fr\u0131m\u0131z. Her bask\u0131 alan\u0131 i\u00e7in ayr\u0131 bir hazne suyumuz var.<\/p>\n<p>\u0130kincisi, alkols\u00fcz hazne sular\u0131 grubu. Bu \u00fcr\u00fcnlerimize olduk\u00e7a g\u00fcveniyoruz. Bug\u00fcne kadar olan \u00e7al\u0131\u015fmalar\u0131m\u0131zda bizi hi\u00e7bir zaman yar\u0131 yolda b\u0131rakmad\u0131.<\/p>\n<p>Bundan sonraki grup, bizim Fogral\u0131 hazne sular\u0131m\u0131z. \u0130ki Fogra sertifikal\u0131 hazne suyumuz var. Turkuaz SF ve Turkuaz CS\u2026 Bu \u00fcr\u00fcnleri bizim kendi Ar-Ge\u2019mizle ve m\u00fchendislerimizle geli\u015ftirdik.<\/p>\n<p>Nova Wash UV, UV m\u00fcrekkepleri i\u00e7in \u00fcretti\u011fimiz ve otomatik ve manuel kullan\u0131ma \u00e7ok uygun bir y\u0131kama kimyasal\u0131.<\/p>\n<p>\u0130ki Fogra sertifikal\u0131 \u00fcr\u00fcn\u00fcm\u00fcz daha var. Bu \u00fcr\u00fcnlerin de b\u00fct\u00fcn Ar-Ge \u00e7al\u0131\u015fmalar\u0131 kendi laboratuvarlar\u0131m\u0131zda yap\u0131ld\u0131. Her ikisi de otomatik y\u0131kama i\u00e7in 60 derece y\u0131kama solventidir.<\/p>\n<p>Teknova\u2019n\u0131n Fogra \u00fcyeli\u011finin bize katt\u0131\u011f\u0131 bir ba\u015fka \u00f6zellik \u015fu: Fogra ve enstit\u00fcs\u00fc sayesinde bu standartlarda \u00fcretim yapman\u0131n anlam\u0131n\u0131 \u00f6\u011frendik. B\u00fct\u00fcn \u00fcretimlerde Fogra belgesi olsun ya da olmas\u0131n bu standartlar\u0131 uyguluyoruz. Sadece ekonomik nedenlerden dolay\u0131 Fogra say\u0131m\u0131z\u0131 d\u00f6rtle s\u0131n\u0131rl\u0131 tuttuk. \u00dcretti\u011fimiz bir\u00e7ok \u00fcr\u00fcne Fogra alabilecek teknolojik seviyedeyiz.<\/p>\n<p>Kal\u0131p kimyasallar\u0131 grubunda iki \u00f6nemli \u00fcr\u00fcn var. Novafix Plus Plate Cleaner, kimi yerde kal\u0131p s\u00fct\u00fc kimi yerdeyse kal\u0131p fikseri deniyor, T\u00fcrkiye\u2019de \u00fcretilen hi\u00e7bir fikser gibi de\u011fildir. Elaz\u0131\u011f\u2019dan bir matbaac\u0131 arkada\u015f, \u201cBir sene \u00f6nce kullan\u0131p bast\u0131\u011f\u0131m kal\u0131b\u0131 Teknova\u2019n\u0131n fikseri ile a\u00e7\u0131p bast\u0131m s\u0131f\u0131r problem ya\u015fad\u0131m\u201d dedi.<\/p>\n<p>UV m\u00fcrekkeple \u00e7al\u0131\u015fan sistemler i\u00e7inNovafix Ultra Plate Cleaner, \u00e7ok g\u00fc\u00e7l\u00fc, y\u00fcksek konsantrasyonlu, kal\u0131plara hi\u00e7bir zarar vermeyen ama g\u00f6revini kesinlikle \u00e7ok iyi bir \u015fekilde yerine getiren bir \u00fcr\u00fcn. Bu \u00fcr\u00fcn\u00fcn d\u0131\u015f\u0131nda bir de Dual Cleaner diye bir \u00fcr\u00fcn var.<\/p>\n<p>Termal developer \u00fcr\u00fcnlerimiz, hem ham madde hem \u00fcr\u00fcn olarak sadece \u0130ran ve M\u0131s\u0131r\u2019a 50-60 ton satt\u0131\u011f\u0131m\u0131z bir \u00fcr\u00fcn. CtP develeporlar\u0131 da 10 seneye yak\u0131nd\u0131r \u00fcretiyoruz. \u0130ran\u2019da ortalama ayl\u0131k bizim birlikte \u00e7al\u0131\u015ft\u0131\u011f\u0131m\u0131z arkada\u015flar 50-60 ton kadar sat\u0131\u015f yap\u0131yor.<\/p>\n<p>Teknova yolculu\u011fa ba\u015flad\u0131\u011f\u0131 g\u00fcnden bug\u00fcne sizlerin de bizim yan\u0131m\u0131zda olman\u0131z sebebiyle, destek ve g\u00fcvenle yola devam ediyoruz. Bunu hi\u00e7bir zaman unutmuyoruz. Ger\u00e7ekten \u00e7ok ciddi destek ald\u0131k. Do\u011fru i\u015fler yapmaya \u00e7al\u0131\u015ft\u0131k. Ekip olarak te\u015fekk\u00fcr ediyoruz.\u201d<\/p>\n<p><strong><img loading=\"lazy\" class=\" wp-image-6100 alignright\" src=\"https:\/\/www.matbaahaber.com\/wp-content\/uploads\/2019\/05\/MH_189_Teknova_MelisaAydogan7-267x300.jpg\" sizes=\"(max-width: 361px) 100vw, 361px\" srcset=\"https:\/\/www.matbaahaber.com\/wp-content\/uploads\/2019\/05\/MH_189_Teknova_MelisaAydogan7-267x300.jpg 267w, https:\/\/www.matbaahaber.com\/wp-content\/uploads\/2019\/05\/MH_189_Teknova_MelisaAydogan7-768x864.jpg 768w, https:\/\/www.matbaahaber.com\/wp-content\/uploads\/2019\/05\/MH_189_Teknova_MelisaAydogan7-910x1024.jpg 910w, https:\/\/www.matbaahaber.com\/wp-content\/uploads\/2019\/05\/MH_189_Teknova_MelisaAydogan7-750x844.jpg 750w, https:\/\/www.matbaahaber.com\/wp-content\/uploads\/2019\/05\/MH_189_Teknova_MelisaAydogan7-1140x1283.jpg 1140w, https:\/\/www.matbaahaber.com\/wp-content\/uploads\/2019\/05\/MH_189_Teknova_MelisaAydogan7.jpg 1200w\" alt=\"\" width=\"361\" height=\"406\" data-pin-no-hover=\"true\">Melisa Aydo\u011fan (Teknova Ar-Ge M\u00fcd\u00fcr\u00fc); \u201cAr-Ge departman\u0131m\u0131z m\u00fc\u015fterilerimizden gelen \u00f6zel \u00fcr\u00fcn taleplerini kar\u015f\u0131lamak \u00fczere haz\u0131r\u201d<\/strong><\/p>\n<p>Teknova Ar-Ge M\u00fcd\u00fcr\u00fc Melisa Aydo\u011fan; Kalite G\u00fcvence ve Kalite Kontrol laboratuvarlar\u0131, Ar-Ge Laboratuvarlar\u0131 ve son olarak geli\u015ftirdikleri su bazl\u0131 dispersiyon laklar\u0131n\u0131 anlatt\u0131.<\/p>\n<p>\u201cKalite denince akla \u015f\u00fcphesiz ISO 9001 Sertifikas\u0131 gelmekte. ISO 9001 Kalite Y\u00f6netim Sistemleri Sertifikalar\u0131nda ama\u00e7, imalat ve hizmet kalitesini standart hale getirmektir\u201d diyen Aydo\u011fan, \u015f\u00f6yle devam ediyor.<\/p>\n<p>\u201cTeknova yakla\u015f\u0131k 10 senedir ISO 9001 Kalite Y\u00f6netim Sertifikalar\u0131na sahip. Ge\u00e7ti\u011fimiz y\u0131l sertifikalar\u0131m\u0131z\u0131n aras\u0131na ISO 14001 \u00c7evre Y\u00f6netim Sertifikalar\u0131n\u0131 da eklemi\u015f bulunmaktay\u0131z. M\u00fc\u015fterilerimize verdi\u011fimiz hizmet ve \u00fcr\u00fcn kalitemizin standart olmas\u0131 bizim i\u00e7in en \u00f6nemli hususlardan birisidir.<\/p>\n<p>Bizim i\u00e7in \u00fcr\u00fcn kalitesi istikrar\u0131 \u00e7ok \u00f6nemli bir konu. Su bazl\u0131 flekso m\u00fcrekkepleri \u00fcretmeye ba\u015flad\u0131\u011f\u0131m\u0131z g\u00fcnden bu yana m\u00fc\u015fterilerimize hizmet vermekte olan ekibimiz bu bilin\u00e7le \u00e7al\u0131\u015fmaya devam ediyor. Onaylanan her rengimiz i\u00e7in m\u00fc\u015fterilerimize renk sonu\u00e7lar\u0131 ve analiz raporlar\u0131 g\u00f6nderiyoruz.<\/p>\n<p>Ge\u00e7ti\u011fimiz sene Ar-Ge \u00e7al\u0131\u015fmas\u0131n\u0131 tamamlad\u0131\u011f\u0131m\u0131z su bazl\u0131 dispersiyon laklar, karton ambalaj sekt\u00f6r\u00fcnde estetik ve dayan\u0131kl\u0131l\u0131k i\u00e7in gereklilik haline geldi.<\/p>\n<p>Teknova dispersiyon laklar\u0131 kalitesi d\u00fcnyaca kabul g\u00f6rm\u00fc\u015f firmalar\u0131n \u00fcretti\u011fi ham maddelerin \u00f6zenle se\u00e7ilmesiyle olu\u015fturulmu\u015ftur. Dispersiyon laklar\u0131 se\u00e7erken h\u0131zl\u0131 kuruyan m\u00fcrekkeplerle h\u0131zl\u0131 kuruyan laklar\u0131, yava\u015f kuruyan m\u00fcrekkeplerle yava\u015f kuruyan laklar\u0131 beraber kullanmaya dikkat etmek gerekiyor. Her lakta g\u0131daya uygunluk vard\u0131r.<\/p>\n<p>Ar-Ge departman\u0131m\u0131z m\u00fc\u015fterilerimizden gelen \u00f6zel \u00fcr\u00fcn taleplerini kar\u015f\u0131lamak \u00fczere haz\u0131r.\u201d<\/p>\n<p><strong><img loading=\"lazy\" class=\" wp-image-6101 alignleft\" src=\"https:\/\/www.matbaahaber.com\/wp-content\/uploads\/2019\/05\/MH_189_Teknova_AndreasWerner_0-300x276.jpg\" alt=\"\" width=\"410\" height=\"379\" data-pin-no-hover=\"true\">Andreas Werner (Trelleborg Sava EMEA \u0130\u015f Geli\u015ftirme M\u00fcd\u00fcr\u00fc); \u201cTeknova ile emin ellerdesiniz\u201d<\/strong><\/p>\n<p>Sava\u2019n\u0131n EMEA b\u00f6lgesi \u0130\u015f Geli\u015ftirme M\u00fcd\u00fcr\u00fc Andreas Werner, Sava hakk\u0131nda genel bilgi verdi ve Sava blanketlerinin teknolojisini, \u00fcst\u00fcn \u00f6zelliklerini anlatt\u0131.<\/p>\n<p>\u201cSava fabrikas\u0131 Slovenya\u2019da yer al\u0131yor. Slovenya 2004 y\u0131l\u0131ndan bu yana da Avrupa Birli\u011fi \u00fcyesi. 2 milyon n\u00fcfusa sahip neredeyse \u0130stanbul\u2019un bir semti kadar diyebiliriz. Slovenya\u2019da \u00fcretilen her \u015feyin ba\u015far\u0131l\u0131 olmas\u0131 i\u00e7in de yurt d\u0131\u015f\u0131nda sat\u0131\u015f\u0131 \u015fart\u201d diyen Werner, \u015f\u00f6yle devam ediyor:<\/p>\n<p>\u201c\u015eirketimiz 1920 y\u0131l\u0131nda kurulmu\u015ftu. \u00d6n\u00fcm\u00fczdeki y\u0131l 100. y\u0131l\u0131m\u0131z\u0131 kutlayaca\u011f\u0131z. 1990 y\u0131l\u0131nda ofset matbaa blanketlerinin \u00fcretimine ba\u015flad\u0131k. O g\u00fcnden bug\u00fcne de blanket \u00fcretimini s\u00fcrd\u00fcr\u00fcyoruz. Matbaa blanketlerimizin %100 \u00e7evre dostu oldu\u011funu s\u00f6yleyebilirim.<\/p>\n<p>Firmam\u0131z 2013 y\u0131l\u0131nda bir \u00c7ek \u015firketler grubu b\u00fcnyesine kat\u0131ld\u0131. O grup da 2016 y\u0131l\u0131nda Trellleborg Group taraf\u0131ndan sat\u0131n al\u0131nd\u0131. Sava da bunun bir par\u00e7as\u0131. D\u00fcnyan\u0131n d\u00f6rt bir yan\u0131nda blanket \u00fcretimini yap\u0131yoruz. Uluslararas\u0131 bir da\u011f\u0131t\u0131m a\u011f\u0131na sahibiz. Ge\u00e7en y\u0131l 100\u2019den fazla \u00fclkeye fatura kesti\u011fimizi s\u00f6yleyebilirim. T\u00fcrkiye\u2019de de ayn\u0131 \u015fekilde 2005 y\u0131l\u0131ndan beri Teknova ile \u00e7al\u0131\u015f\u0131yoruz.<\/p>\n<p>\u0130yi bir blanketi k\u00f6t\u00fc olandan ay\u0131ran \u015fey asl\u0131nda kullan\u0131lan malzemenin niteli\u011fi ve bunlar\u0131n bir araya nas\u0131l getirildi\u011fidir. T\u00fcm blanketlerde baz\u0131 karakteristik \u00f6zellikler var. S\u0131k\u0131\u015ft\u0131r\u0131labilirli\u011fi \u00e7ok \u00f6nemli, \u00e7ekme direnci \u00e7ok \u00f6nemli. Ayn\u0131 zamanda esneme b\u00fcy\u00fck \u00f6nem ta\u015f\u0131yor, sertli\u011fi \u00e7ok b\u00fcy\u00fck \u00f6nem ta\u015f\u0131yor ve y\u00fczeyin sertli\u011fi, kat\u0131l\u0131\u011f\u0131 \u00f6nemli.<\/p>\n<p>Blanketler genel olarak baz\u0131 harici ko\u015fullardan etkilenebilir. Kullan\u0131lan k\u00e2\u011f\u0131t, m\u00fcrekkep, hazne sol\u00fcsyonu ve di\u011fer matbaa kimyasallar\u0131, bask\u0131 makinesinin h\u0131z\u0131 ve operasyon i\u015flemleri blanketi etkileyen en \u00f6nemli fakt\u00f6rler.<\/p>\n<p>Bir\u00e7ok uygulamaya uygun, metal olabilir, UV olabilir, gazete ka\u011f\u0131tlar\u0131 vs. hepsi i\u00e7in uygun bir blanket ailemiz var.<\/p>\n<p>Blanketin maliyetine de\u011fil, giderlere bak\u0131n. E\u011fer siz blanket t\u00fcketiminizi %30 oran\u0131nda azalt\u0131rsan\u0131z, %5 az ya da \u00e7ok blanket paras\u0131 \u00f6demi\u015f olman\u0131z \u00e7ok da \u00f6nemli de\u011fildir.<\/p>\n<p>Blanketimizin k\u0131r\u0131lma mukavemeti ve stabilitesi m\u00fckemmel. Ambalaj sekt\u00f6r\u00fcnde blanketler darbe ald\u0131klar\u0131, y\u0131prand\u0131klar\u0131 i\u00e7in de\u011fil bir \u015fekilde k\u0131r\u0131ld\u0131klar\u0131 i\u00e7in de\u011fi\u015ftirilir. Blanketlerimiz daha uzun dayan\u0131kl\u0131l\u0131\u011fa sahip. S\u0131zd\u0131rma olmad\u0131\u011f\u0131ndan \u015fi\u015fme de olmuyor.<\/p>\n<p>UV gitgide artan bir \u015fekilde h\u0131zla geli\u015fiyor. Herkes \u00e7ok iyi UV blankete sahip de\u011fil o y\u00fczden rekabet gitgide daral\u0131yor ama biz \u015fansl\u0131y\u0131z. Geli\u015ftirdi\u011fimiz blanketle \u00f6zellikle H-UV LED ile \u00e7ok iyi \u00e7al\u0131\u015f\u0131yor.<\/p>\n<p>Pazara bakt\u0131\u011f\u0131m\u0131zda yanl\u0131\u015f kimyasallar kullan\u0131ld\u0131\u011f\u0131 i\u00e7in blanketler zarar g\u00f6r\u00fcyor. Ama Teknova ile emin ellerde oldu\u011funuzu s\u00f6yleyebiliriz. ISO 9001 ve SGS sertifikalar\u0131m\u0131z var.\u201d<\/p>\n<p><strong><img loading=\"lazy\" class=\" wp-image-6102 alignright\" src=\"https:\/\/www.matbaahaber.com\/wp-content\/uploads\/2019\/05\/MH_189_Teknova_GuvenSonakin-264x300.jpg\" sizes=\"(max-width: 400px) 100vw, 400px\" srcset=\"https:\/\/www.matbaahaber.com\/wp-content\/uploads\/2019\/05\/MH_189_Teknova_GuvenSonakin-264x300.jpg 264w, https:\/\/www.matbaahaber.com\/wp-content\/uploads\/2019\/05\/MH_189_Teknova_GuvenSonakin-768x874.jpg 768w, https:\/\/www.matbaahaber.com\/wp-content\/uploads\/2019\/05\/MH_189_Teknova_GuvenSonakin-900x1024.jpg 900w, https:\/\/www.matbaahaber.com\/wp-content\/uploads\/2019\/05\/MH_189_Teknova_GuvenSonakin-750x854.jpg 750w, https:\/\/www.matbaahaber.com\/wp-content\/uploads\/2019\/05\/MH_189_Teknova_GuvenSonakin-1140x1298.jpg 1140w, https:\/\/www.matbaahaber.com\/wp-content\/uploads\/2019\/05\/MH_189_Teknova_GuvenSonakin.jpg 1200w\" alt=\"\" width=\"400\" height=\"455\" data-pin-no-hover=\"true\">G\u00fcven Sonak\u0131n (Teknova Esnek Ambalaj \u00dcr\u00fcn Y\u00f6neticisi);&nbsp;<\/strong><br \/>\n<strong>\u201cNova Flex, bizim su bazl\u0131 flekso m\u00fcrekkep markam\u0131z\u201d<\/strong><\/p>\n<p>Teknova Esnek Ambalaj \u00dcr\u00fcn Y\u00f6neticisi G\u00fcven Sonak\u0131n, Esenyurt fabrikas\u0131nda \u00fcretilen lokomotif esnek ambalaj \u00fcr\u00fcn\u00fc olan su bazl\u0131 flekso m\u00fcrekkeplerini ve hem ofset hem de flekso bask\u0131da s\u0131k\u00e7a kullan\u0131lan, temsilcisi olduklar\u0131 \u0130ngiliz Cheshire firmas\u0131n\u0131n seramik aniloks merdaneleriyle ilgili bir sunum yapt\u0131.<\/p>\n<p>Esnek ambalaj\u0131n yakla\u015f\u0131k 3,5 y\u0131ld\u0131r Teknova\u2019da su bazl\u0131 m\u00fcrekkep \u00fcretimiyle ba\u015flayan ve yan \u00fcr\u00fcn gruplar\u0131n\u0131n kat\u0131l\u0131m\u0131yla geni\u015fleyen bir yap\u0131 oldu\u011funu belirten G\u00fcven Sonak\u0131n, \u201cBu alana bizim yenilik\u00e7i, gen\u00e7, inovatif y\u00fcz\u00fcm\u00fcz diyebiliriz\u201d diyor ve \u015f\u00f6yle devam ediyor. \u201cCheshire \u0130ngiltere men\u015feili bir seramik merdane firmas\u0131. Bildi\u011finiz gibi seramik aniloks merdaneler \u00fclkemizde \u00fcretilmiyor. D\u00fcnyada say\u0131l\u0131 sayg\u0131n \u00fcreticiler taraf\u0131ndan genelde makine \u00fcreticilerinin d\u0131\u015f kaynaktan temin ettikleri bir \u00fcr\u00fcn. Bask\u0131 kalitesi, performans, kullan\u0131m \u00f6mr\u00fc ve maliyeti d\u00fc\u015f\u00fcn\u00fcld\u00fc\u011f\u00fcnde, seramik aniloks merdaneler her ge\u00e7en g\u00fcn kendini geli\u015ftiren bir \u00fcr\u00fcn grubu. Cheshire, bunun \u00f6nemli bir temsilcisi. T\u00fcrkiye pazar\u0131nda da biz yakla\u015f\u0131k 1,5 y\u0131ld\u0131r beraber \u00e7al\u0131\u015f\u0131yoruz.<\/p>\n<p>Cheshire\u2019\u0131n ortaya koydu\u011fu pazar i\u00e7in en \u00f6nemli \u00f6zelliklerden biri %1\u2019den az g\u00f6zeneklilik sa\u011flamas\u0131. Bunun haricinde bir de maliyet kriteri var. uzun \u00f6m\u00fcrl\u00fc mukavemetli bir malzemenin, 7 sene 10 sene kullan\u0131lan seramik merdanenin sahibi olmak da \u00f6nemli. Burada da mukavim yap\u0131y\u0131 1600 vicker sertli\u011fe sahip merdanelerle sa\u011fl\u0131yorlar. Bu sertlik derecesine ula\u015ft\u0131\u011f\u0131n\u0131z noktada merdaneleriniz \u00e7ok daha uzun \u00f6m\u00fcrl\u00fc oluyor. G\u00f6zeneklerin, y\u00fczey teknolojisinin bir \u00fcst noktaya ta\u015f\u0131nmas\u0131 ad\u0131na firman\u0131n yapt\u0131\u011f\u0131 \u00f6zel bir uygulama da var. Merdaneler macunlarla kaplan\u0131yor.<\/p>\n<p>Teknova 3,5 y\u0131l \u00f6nce de\u011fi\u015fen piyasa ko\u015fullar\u0131n\u0131 da g\u00f6z \u00f6n\u00fcne alarak pazardaki flekso bask\u0131n\u0131n gitti\u011fi y\u00f6n\u00fc de de\u011ferlendirdi ve su bazl\u0131 flekso bask\u0131 m\u00fcrekkepleri \u00fcretmek i\u00e7in yat\u0131r\u0131mda karar k\u0131ld\u0131. Esnek Ambalaj da bu do\u011frultuda kurulan departman.<\/p>\n<p>Nova Flex, bizim su bazl\u0131 flekso m\u00fcrekkep markam\u0131z. Nova Flex NM mat seri, kraft, esmer veya beyaz testliner \u00fczerine oluklu mukavva bask\u0131lar\u0131nda kullan\u0131lan \u00fcr\u00fcn grubumuz. Y\u00fcksek bir \u00f6rtme kabiliyeti ve matl\u0131\u011f\u0131 var. Nova Flex NC, ku\u015fe ka\u011f\u0131da bask\u0131 yapan firmalarda de\u011ferlendirilmek \u00fczere tasarland\u0131. Nova Flex NK, kraft k\u00e2\u011f\u0131t bask\u0131lar\u0131nda kullan\u0131lmak \u00fczere \u00fcretildi, T\u00fcrkiye pazar\u0131nda bu \u00fcr\u00fcn\u00fc \u00e7ok\u00e7a kese ka\u011f\u0131d\u0131 ve karton bardak m\u00fc\u015fterilerimize satt\u0131k. Nova Flex NN, pe\u00e7ete bask\u0131s\u0131 i\u00e7in geli\u015ftirilmi\u015f grubumuz. \u00d6zel bir vernik sayesinde t\u00fcm bu pe\u00e7ete, bebek bezi gibi uygulamalarda beklenen \u00e7ok y\u00fcksek s\u00fcrt\u00fcnme, su direncini sa\u011flamak \u00fczerine \u00e7al\u0131\u015ft\u0131k ve \u00fcr\u00fcn grubunda ba\u015far\u0131l\u0131 neticelerini al\u0131yoruz. Nova Flex NP, polietilen ve polipropilene bask\u0131da, po\u015fete bask\u0131da kullan\u0131lan serimiz.\u201d<\/p>\n<p><strong><img loading=\"lazy\" class=\" wp-image-6103 alignleft\" src=\"https:\/\/www.matbaahaber.com\/wp-content\/uploads\/2019\/05\/MH_189_Teknova_BakiAnapali_1-262x300.jpg\" sizes=\"(max-width: 348px) 100vw, 348px\" srcset=\"https:\/\/www.matbaahaber.com\/wp-content\/uploads\/2019\/05\/MH_189_Teknova_BakiAnapali_1-262x300.jpg 262w, https:\/\/www.matbaahaber.com\/wp-content\/uploads\/2019\/05\/MH_189_Teknova_BakiAnapali_1-768x880.jpg 768w, https:\/\/www.matbaahaber.com\/wp-content\/uploads\/2019\/05\/MH_189_Teknova_BakiAnapali_1-894x1024.jpg 894w, https:\/\/www.matbaahaber.com\/wp-content\/uploads\/2019\/05\/MH_189_Teknova_BakiAnapali_1-750x859.jpg 750w, https:\/\/www.matbaahaber.com\/wp-content\/uploads\/2019\/05\/MH_189_Teknova_BakiAnapali_1-1140x1306.jpg 1140w, https:\/\/www.matbaahaber.com\/wp-content\/uploads\/2019\/05\/MH_189_Teknova_BakiAnapali_1.jpg 1200w\" alt=\"\" width=\"348\" height=\"398\" data-pin-no-hover=\"true\">Baki Anapal\u0131 (Teknova Y\u00f6netim Kurulu \u00dcyesi) \u201cOfset m\u00fcrekkeplerinde iki \u00fcr\u00fcn grubumuz var\u201d<\/strong><\/p>\n<p>Toplant\u0131n\u0131n son konu\u015fmas\u0131n\u0131 yapan Teknova Y\u00f6netim Kurulu \u00dcyesi Baki Anapal\u0131, \u201cOfset m\u00fcrekkeplerini Avrupa\u2019da iki farkl\u0131 merkezde \u00fcretiyoruz. \u0130ki farkl\u0131 merkezden iki farkl\u0131 \u00fcr\u00fcn grubumuz var\u201d diyor ve ekliyor. \u201cTeknova\u2019n\u0131n ofset m\u00fcrekkeplerindeki iki markas\u0131, bitkisel ya\u011f bazl\u0131 seriden Rainbow (Premium) ve Colora (Standart), birbirlerinden pigmentasyon fark\u0131yla ayr\u0131l\u0131yor. Mineral ya\u011f bazl\u0131 m\u00fcrekkepler daha h\u0131zl\u0131 penetrasyon sa\u011flayan m\u00fcrekkepler. Renk \u015fiddetleri de Colora\u2019dan farkl\u0131 de\u011fil.\u201d<\/p>\n","protected":false},"excerpt":{"rendered":"<p>Karton Ambalaj Sanayicileri Derne\u011fi (KASAD) ayl\u0131k tan\u0131t\u0131m toplant\u0131s\u0131nda Nisan ay\u0131nda Teknova\u2019y\u0131 konuk etti. Teknova tan\u0131t\u0131m\u0131ndan \u00f6nce iki yeni KASAD \u00fcyesine rozetleri tak\u0131ld\u0131. Korco firmas\u0131ndan Ayd\u0131n Saban\u2019a rozeti KASAD Y\u00f6netim Kurulu \u00dcyesi Altu\u011f Ulu, Fujifilm\u2019den ikinci KASAD \u00fcyesi olan Kerem Ege\u2019ye ise rozeti KASAD Y\u00f6netim Kurulu \u00dcyesi Ferit Dans\u0131k taraf\u0131ndan tak\u0131ld\u0131. Toplant\u0131, bu toplant\u0131lar\u0131n firmalar\u0131 tan\u0131mak [&hellip;]<\/p>\n","protected":false},"author":2,"featured_media":3725,"comment_status":"closed","ping_status":"open","sticky":false,"template":"","format":"standard","meta":[],"categories":[72,1],"tags":[],"_links":{"self":[{"href":"https:\/\/www.ambalajveetiket.com\/index.php\/wp-json\/wp\/v2\/posts\/3208"}],"collection":[{"href":"https:\/\/www.ambalajveetiket.com\/index.php\/wp-json\/wp\/v2\/posts"}],"about":[{"href":"https:\/\/www.ambalajveetiket.com\/index.php\/wp-json\/wp\/v2\/types\/post"}],"author":[{"embeddable":true,"href":"https:\/\/www.ambalajveetiket.com\/index.php\/wp-json\/wp\/v2\/users\/2"}],"replies":[{"embeddable":true,"href":"https:\/\/www.ambalajveetiket.com\/index.php\/wp-json\/wp\/v2\/comments?post=3208"}],"version-history":[{"count":1,"href":"https:\/\/www.ambalajveetiket.com\/index.php\/wp-json\/wp\/v2\/posts\/3208\/revisions"}],"predecessor-version":[{"id":3726,"href":"https:\/\/www.ambalajveetiket.com\/index.php\/wp-json\/wp\/v2\/posts\/3208\/revisions\/3726"}],"wp:featuredmedia":[{"embeddable":true,"href":"https:\/\/www.ambalajveetiket.com\/index.php\/wp-json\/wp\/v2\/media\/3725"}],"wp:attachment":[{"href":"https:\/\/www.ambalajveetiket.com\/index.php\/wp-json\/wp\/v2\/media?parent=3208"}],"wp:term":[{"taxonomy":"category","embeddable":true,"href":"https:\/\/www.ambalajveetiket.com\/index.php\/wp-json\/wp\/v2\/categories?post=3208"},{"taxonomy":"post_tag","embeddable":true,"href":"https:\/\/www.ambalajveetiket.com\/index.php\/wp-json\/wp\/v2\/tags?post=3208"}],"curies":[{"name":"wp","href":"https:\/\/api.w.org\/{rel}","templated":true}]}}