{"id":3214,"date":"2019-05-08T15:07:38","date_gmt":"2019-05-08T12:07:38","guid":{"rendered":"http:\/\/www.ambalajveetiket.com\/?p=3214"},"modified":"2021-03-25T23:08:49","modified_gmt":"2021-03-25T20:08:49","slug":"gul-mat-ofset-matbaacilik-ambalaj-cikisi-ihracatta-ariyor","status":"publish","type":"post","link":"https:\/\/www.ambalajveetiket.com\/index.php\/2019\/05\/08\/gul-mat-ofset-matbaacilik-ambalaj-cikisi-ihracatta-ariyor\/","title":{"rendered":"G\u00fcl-Mat Ofset Matbaac\u0131l\u0131k Ambalaj \u00e7\u0131k\u0131\u015f\u0131 ihracatta ar\u0131yor"},"content":{"rendered":"<p><strong>Servet G\u00fclseven; \u201cFaizler d\u00fc\u015fmeden bizim sekt\u00f6r\u00fcm\u00fcz ve t\u00fcm sekt\u00f6rler d\u00fczene girmez. \u015eu anda kendimizi daha \u00e7ok yurt d\u0131\u015f\u0131na haz\u0131rl\u0131yoruz. Yurt d\u0131\u015f\u0131yla alakal\u0131 g\u00f6r\u00fc\u015fmelerimiz var.\u201d<\/strong><\/p>\n<p>Bursa\u2019n\u0131n yar\u0131m y\u00fczy\u0131l\u0131 geride b\u0131rakan matbaalar\u0131ndan G\u00fcl-Mat Ofset Matbaac\u0131l\u0131k Ambalaj Ltd. \u015eti., ekonomik durgunlukta \u00e7\u0131k\u0131\u015f\u0131 ihracatta ar\u0131yor. Firma sahibi Servet G\u00fclseven sorular\u0131m\u0131z\u0131 yan\u0131tlad\u0131.<\/p>\n<p><strong><img loading=\"lazy\" class=\" wp-image-6086 alignleft\" src=\"https:\/\/www.matbaahaber.com\/wp-content\/uploads\/2019\/05\/MH189_Gulmat_Rekord-300x200.jpg\" sizes=\"(max-width: 452px) 100vw, 452px\" srcset=\"https:\/\/www.matbaahaber.com\/wp-content\/uploads\/2019\/05\/MH189_Gulmat_Rekord-300x200.jpg 300w, https:\/\/www.matbaahaber.com\/wp-content\/uploads\/2019\/05\/MH189_Gulmat_Rekord-768x512.jpg 768w, https:\/\/www.matbaahaber.com\/wp-content\/uploads\/2019\/05\/MH189_Gulmat_Rekord-1024x683.jpg 1024w, https:\/\/www.matbaahaber.com\/wp-content\/uploads\/2019\/05\/MH189_Gulmat_Rekord-750x500.jpg 750w, https:\/\/www.matbaahaber.com\/wp-content\/uploads\/2019\/05\/MH189_Gulmat_Rekord-1140x760.jpg 1140w\" alt=\"\" width=\"452\" height=\"301\" data-pin-no-hover=\"true\">Firman\u0131z\u0131n ge\u00e7mi\u015fini k\u0131saca \u00f6zetler misiniz?<\/strong><\/p>\n<p>Firmam\u0131z 1967 y\u0131l\u0131nda babam\u0131z Kaya Ali G\u00fclseven taraf\u0131ndan kuruldu. O g\u00fcnden bug\u00fcne 56 metre karelik bir matbaadan 3 bin metre karelik bir matbaaya geldik. \u015eu anda yo\u011funluk ambalaj sekt\u00f6r\u00fcnde. Ayl\u0131k 250 bin b\u00fcy\u00fck, milyon adetli olmak \u00fczere k\u00fc\u00e7\u00fck kutu \u00fcretimi yap\u0131yoruz. Bu arada bir geli\u015fme oldu, se\u00e7imlerle ilgili Y\u00fcksek Se\u00e7im Kurulu\u2019nun ihalesini ald\u0131k. T\u00fcrkiye\u2019de 7 ilin oy pusulas\u0131n\u0131 bast\u0131k. Ambalaj\u0131n d\u0131\u015f\u0131nda bir i\u015f yapt\u0131k. Bu makine park\u0131m\u0131z\u0131n g\u00fc\u00e7l\u00fc olmas\u0131 sayesinde oldu. Makine park\u0131m\u0131zda 70\u00d7100 6 renk KBA var, bir de 4 renk Roland var. Bundan dolay\u0131 bizi tercih ettiler. Aln\u0131m\u0131z\u0131n ak\u0131yla i\u015f bitiminden d\u00f6rt g\u00fcn evvel teslim ettik. Te\u015fekk\u00fcr ald\u0131k, herkes memnun oldu. Haricinde, yakla\u015f\u0131k 100 \u2013 200 ton aras\u0131nda ka\u011f\u0131t i\u015fleme kapasitemiz var. \u00dcr\u00fcn bobin giriyor, ebatlama makinemiz var, mamul olarak \u00e7\u0131k\u0131yor. \u00c7al\u0131\u015ft\u0131\u011f\u0131m\u0131z firmalar\u0131n %85\u2019i ihracat firmas\u0131. Direkt olarak da ihracat yap\u0131yoruz, haricinde dolayl\u0131 y\u00f6nden de yapt\u0131\u011f\u0131m\u0131z mal ihracata gidiyor.<\/p>\n<p><strong>Direkt ihracat\u0131n\u0131z\u0131n oran\u0131 nedir?<\/strong><\/p>\n<p>Direkt ihracat\u0131m\u0131z \u015fu anda %10. Avusturya, \u0130talya, gibi \u00fclkelere ihracat\u0131m\u0131z var.<\/p>\n<p><strong>Daha \u00e7ok hangi sekt\u00f6rlere i\u015f yap\u0131yorsunuz?<\/strong><\/p>\n<p>\u0130\u00e7 piyasada daha \u00e7ok tekstil, otomotiv ve g\u0131da sekt\u00f6rlerine i\u015f yap\u0131yoruz. Ge\u00e7en senelerde %70 tekstildi, biz bunu biraz b\u00f6ld\u00fck, \u015fu anda %50 tekstil %15 otomotiv kalan da di\u011fer sekt\u00f6rlere da\u011f\u0131l\u0131yor. \u0130hracatta daha \u00e7ok g\u0131da ve tekstil a\u011f\u0131rl\u0131kl\u0131.<\/p>\n<p><strong>G\u0131daya do\u011frudan temas eden ambalaj da var m\u0131?<\/strong><\/p>\n<p>Var, yap\u0131yoruz. Sertifikalar\u0131m\u0131z da mevcut.<\/p>\n<p><strong><img loading=\"lazy\" class=\" wp-image-6087 alignright\" src=\"https:\/\/www.matbaahaber.com\/wp-content\/uploads\/2019\/05\/MH189_Gulmat_Selofan-300x200.jpg\" sizes=\"(max-width: 452px) 100vw, 452px\" srcset=\"https:\/\/www.matbaahaber.com\/wp-content\/uploads\/2019\/05\/MH189_Gulmat_Selofan-300x200.jpg 300w, https:\/\/www.matbaahaber.com\/wp-content\/uploads\/2019\/05\/MH189_Gulmat_Selofan-768x512.jpg 768w, https:\/\/www.matbaahaber.com\/wp-content\/uploads\/2019\/05\/MH189_Gulmat_Selofan-1024x683.jpg 1024w, https:\/\/www.matbaahaber.com\/wp-content\/uploads\/2019\/05\/MH189_Gulmat_Selofan-750x500.jpg 750w, https:\/\/www.matbaahaber.com\/wp-content\/uploads\/2019\/05\/MH189_Gulmat_Selofan-1140x760.jpg 1140w\" alt=\"\" width=\"452\" height=\"301\" data-pin-no-hover=\"true\">Ka\u00e7 ki\u015fiyle \u00e7al\u0131\u015f\u0131yorsunuz?<\/strong><\/p>\n<p>K\u0131rk ki\u015filik bir kadromuz var. \u015eu an vardiya yok ama istedi\u011fimiz an vardiyaya \u00e7evirebiliyoruz.<\/p>\n<p><strong>\u0130\u015flerin gidi\u015fat\u0131 hakk\u0131nda son bir iki y\u0131l\u0131 de\u011ferlendirirseniz sizin \u00f6zelinizde durum nedir?<\/strong><\/p>\n<p>Son bir iki y\u0131l\u0131 de\u011ferlendirirsek kapasite d\u00fc\u015ft\u00fc. \u0130nsanlar\u0131n al\u0131m g\u00fcc\u00fc d\u00fc\u015ft\u00fc, dolar kuru y\u00fckselmeden ge\u00e7en y\u0131l alt\u0131nc\u0131 ayda ka\u011f\u0131t fiyatlar\u0131 patlad\u0131. \u0130ki liral\u0131k ka\u011f\u0131t \u00fc\u00e7 bu\u00e7uk, d\u00f6rt lira oldu. Kur y\u00fckselmezken k\u00e2\u011f\u0131t fiyatlar\u0131 y\u00fckseldi. Bununla beraber kurlar da art\u0131nca kutulu mam\u00fcl \u00fcreten firmalar kutudan \u00e7ekilmeye \u00e7al\u0131\u015ft\u0131. \u00d6zellikle g\u0131da firmalar\u0131 OPP, PVC gibi ambalaja ge\u00e7meye \u00e7al\u0131\u015ft\u0131lar. Yak\u0131n zamanda yeni bir sekt\u00f6rle tan\u0131\u015ft\u0131m, ayl\u0131k yakla\u015f\u0131k olarak 50 bin baklava kutusu imal ediyorum. Karar alm\u0131\u015flar, PVC ambalajlara d\u00f6nm\u00fc\u015fler. Bizim yapt\u0131\u011f\u0131m\u0131z 50 kuru\u015fluk kutuyu onlar 30 kuru\u015fa yap\u0131yorlar. Bundan dolay\u0131 da bizim i\u015fimiz sekteye u\u011frad\u0131. 2021 y\u0131l\u0131na kadar i\u015flerin d\u00fczelece\u011fini sanm\u0131yorum.<\/p>\n<p><strong><img loading=\"lazy\" class=\" wp-image-6088 alignleft\" src=\"https:\/\/www.matbaahaber.com\/wp-content\/uploads\/2019\/05\/MH189_Gulmat_KBA-300x200.jpg\" sizes=\"(max-width: 464px) 100vw, 464px\" srcset=\"https:\/\/www.matbaahaber.com\/wp-content\/uploads\/2019\/05\/MH189_Gulmat_KBA-300x200.jpg 300w, https:\/\/www.matbaahaber.com\/wp-content\/uploads\/2019\/05\/MH189_Gulmat_KBA-768x512.jpg 768w, https:\/\/www.matbaahaber.com\/wp-content\/uploads\/2019\/05\/MH189_Gulmat_KBA-1024x683.jpg 1024w, https:\/\/www.matbaahaber.com\/wp-content\/uploads\/2019\/05\/MH189_Gulmat_KBA-750x500.jpg 750w, https:\/\/www.matbaahaber.com\/wp-content\/uploads\/2019\/05\/MH189_Gulmat_KBA-1140x760.jpg 1140w\" alt=\"\" width=\"464\" height=\"309\" data-pin-no-hover=\"true\">Neden 2021?<\/strong><\/p>\n<p>\u00d6ncelikle faizlerin d\u00fc\u015fmesi gerekiyor. Enflasyonun d\u00fc\u015fmesi gerekiyor. Enflasyonun tek haneli rakamlara d\u00fc\u015fmesiyle beraber faizlerin d\u00fc\u015fmesi gerekiyor. Faizler d\u00fc\u015fmeden bizim sekt\u00f6r\u00fcm\u00fcz d\u00fczene girmez. \u015eu anda kendimizi daha \u00e7ok yurt d\u0131\u015f\u0131na haz\u0131rl\u0131yoruz. Yurt d\u0131\u015f\u0131yla alakal\u0131 g\u00f6r\u00fc\u015fmelerimiz var.<\/p>\n<p><strong>Ne yap\u0131yorsunuz, yeni yat\u0131r\u0131m plan\u0131n\u0131z var m\u0131?<\/strong><\/p>\n<p>Fuarlara kat\u0131lmay\u0131 d\u00fc\u015f\u00fcn\u00fcyoruz. \u00d6n\u00fcm\u00fczdeki s\u00fcre\u00e7te KASAD\u2019a \u00fcye olabiliriz. Yeni yat\u0131r\u0131mla alakal\u0131 hi\u00e7bir \u015fey d\u00fc\u015f\u00fcnemiyoruz. Kurlar\u0131n ne olaca\u011f\u0131 belli de\u011fil.<\/p>\n<p><strong>\u0130\u015fler genelde ka\u00e7 renk, fantezi kutu i\u015finiz var m\u0131?<\/strong><\/p>\n<p>Tek renk, iki renk, 4 ve 6 renk geliyor. Taslama kutu yap\u0131yoruz. Taslama kutu, e+b, e dalga, 230\u2019dan 450 grama kadar kutu \u00fcretiyoruz. A\u00e7\u0131k ebad\u0131 100 x 140 cm\u2019e kadar kutu yapabiliyoruz. \u0130stanbul\u2019da karde\u015f olarak \u00e7al\u0131\u015ft\u0131\u011f\u0131m\u0131z bir firma var, onunla \u00e7al\u0131\u015f\u0131yor, b\u00fcy\u00fck ebatlar\u0131m\u0131z\u0131 orada \u00e7\u00f6z\u00fcyoruz. Kendi matbaam\u0131z gibi i\u015fimizi hallediyoruz. O y\u00fczden b\u00fcy\u00fck yat\u0131r\u0131ma ihtiya\u00e7 duymuyoruz. Bursa\u2019da m\u00fc\u015fterilerin \u0130stanbul merak\u0131 var. \u0130\u015flerini \u0130stanbul\u2019da bast\u0131rmak istiyorlar.<\/p>\n<p><strong><img loading=\"lazy\" class=\" wp-image-6089 alignright\" src=\"https:\/\/www.matbaahaber.com\/wp-content\/uploads\/2019\/05\/MH189_Gulmat_Kesim-300x200.jpg\" sizes=\"(max-width: 452px) 100vw, 452px\" srcset=\"https:\/\/www.matbaahaber.com\/wp-content\/uploads\/2019\/05\/MH189_Gulmat_Kesim-300x200.jpg 300w, https:\/\/www.matbaahaber.com\/wp-content\/uploads\/2019\/05\/MH189_Gulmat_Kesim-768x512.jpg 768w, https:\/\/www.matbaahaber.com\/wp-content\/uploads\/2019\/05\/MH189_Gulmat_Kesim-1024x683.jpg 1024w, https:\/\/www.matbaahaber.com\/wp-content\/uploads\/2019\/05\/MH189_Gulmat_Kesim-750x500.jpg 750w, https:\/\/www.matbaahaber.com\/wp-content\/uploads\/2019\/05\/MH189_Gulmat_Kesim-1140x760.jpg 1140w\" alt=\"\" width=\"452\" height=\"301\" data-pin-no-hover=\"true\">Di\u011fer kentlerde de ayn\u0131 sorun hep vard\u0131. Yava\u015f yava\u015f k\u0131r\u0131l\u0131yor galiba.<\/strong><\/p>\n<p>Biz Ankara\u2019ya i\u015f yap\u0131yoruz. Ankara ambalajda \u00e7ok zay\u0131f. Ankara\u2019da daha \u00e7ok yay\u0131nevleri oldu\u011fu i\u00e7in ambalajla alakal\u0131 pazar olu\u015fturmaya \u00e7al\u0131\u015f\u0131yoruz. \u00c7al\u0131\u015ft\u0131\u011f\u0131m\u0131z medikal firmalar\u0131 var kendimizi daha da geli\u015ftiriyoruz.<\/p>\n<p><strong>M\u00fc\u015fteri taleplerinde bir de\u011fi\u015fiklik var m\u0131? Pazarda bir de\u011fi\u015fim alg\u0131l\u0131yor musunuz?<\/strong><\/p>\n<p>M\u00fc\u015fteri daha ambalaja y\u00f6nelik daha sa\u011flam kutular ar\u0131yor. Tekstilde butik kutular yap\u0131yoruz. Bir kutu yakla\u015f\u0131k 7 \u2013 8 defa elden ge\u00e7iyor. Bas\u0131yoruz, selofan yap\u0131yoruz, varak yald\u0131z bas\u0131yoruz, simli lak at\u0131yoruz, \u00fcst\u00fcne gerekirse desen at\u0131yoruz, pencere yap\u0131\u015ft\u0131r\u0131yoruz ve \u00f6yle \u00e7\u0131kar\u0131yoruz.<\/p>\n<p><strong>Bu bahsetti\u011finiz uygulamalar\u0131n talebinde art\u0131\u015f var m\u0131?<\/strong><\/p>\n<p>Var. \u00c7\u00fcnk\u00fc art\u0131k d\u00f6nem ambalaj d\u00f6nemi Ambalaj olmadan \u00fcr\u00fcn sat\u0131lm\u0131yor. Herkes her \u00fcr\u00fcn\u00fc ambalaja koyuyor.<\/p>\n<p><strong>Bask\u0131 \u00f6ncesinde neler var?<\/strong><\/p>\n<p>Bask\u0131 \u00f6ncesi 3 grafikerimiz var, kendi b\u00fcnyemizde Kodak CtP var. Ayl\u0131k kal\u0131p t\u00fcketimimiz \u00fc\u00e7 bask\u0131 makinesinde 2 bin, 2 bin 500 civar\u0131nda. Bir de 35 x 50 bask\u0131 makinemiz var, iki renkli onda da k\u00fc\u00e7\u00fck i\u015flerimizi toparl\u0131yoruz.<\/p>\n<p><strong>Ambalajda bask\u0131 ve bask\u0131 sonras\u0131 uyumu \u00f6nemli. Sizin bask\u0131 sonras\u0131 h\u0131z\u0131n\u0131z bask\u0131ya yeti\u015febiliyor mu? D\u0131\u015fardan hizmet al\u0131yor musunuz?<\/strong><\/p>\n<p>Hay\u0131r, yetiyoruz. D\u0131\u015fardan alabilece\u011fimiz bir hizmet de yok. Burada bir G\u00fcl-Mat daha yok. Bursa, \u0130stanbul gibi de\u011fil. Bizde iki tane b\u00fcy\u00fck ebat bask\u0131 makinesi var, arkas\u0131nda 7 tane kesim makinesi var. Bir adet Bobst 110 x 150 kesim makinesi, bir adet 70\u00d7100 kesim, iki pedall\u0131 kesim makinesi, 3 kazanl\u0131 var. Demira\u011f Makine\u2019nin kutu katlama makinesi var. Haftan\u0131n en fazla 2 g\u00fcn\u00fc mesai yap\u0131yoruz.<\/p>\n<p><strong>\u0130\u015flerinizde k\u00e2\u011f\u0131t ve gramaj da\u011f\u0131l\u0131m\u0131 nas\u0131l, tedarik sorunu var m\u0131?<\/strong><\/p>\n<p>Biz %70 Amerikan %30 krome karton kullan\u0131yoruz. 300-350 gram Amerikan Bristol, 350-400 gramda da krome karton a\u011f\u0131rl\u0131kl\u0131.<\/p>\n<p>Tedarik ba\u015fl\u0131 ba\u015f\u0131na bir problem. K\u00e2\u011f\u0131t yok \u015fu anda. K\u00e2\u011f\u0131d\u0131 \u00e7ok zor temin ediyoruz. Matbaac\u0131l\u0131k piyasas\u0131, \u00f6zellikle ambalaj, i\u015fin son biti\u015f noktas\u0131y\u0131z. Firma t\u00fcm \u00fcr\u00fcn\u00fc haz\u0131rl\u0131yor. En son ambalaja geliyor. Bunu yapt\u0131rmak ve \u00f6demek zor geliyor, malum s\u0131k\u0131nt\u0131lar biraz da bundan kaynakl\u0131. \u0130nsanlar ambalaja \u00f6nem vermiyorlar. En \u00e7ok de\u011fer verilmesi gereken noktaya en az de\u011feri veriyorlar.<\/p>\n<p>Bir s\u00fcr\u00fc ithalat\u00e7\u0131 firma batt\u0131, k\u00fc\u00e7\u00fcld\u00fc. \u015eu an \u0130stanbul\u2019da birinci el ithalat\u00e7\u0131dan mal al\u0131yoruz. Al\u0131rken de zorlan\u0131yoruz. Bir \u015fekilde i\u015fimizi \u00e7\u00f6z\u00fcyor muyuz? Evet, mals\u0131z kalm\u0131yoruz. Elimizde her zaman en az 100 ton 150 ton karton oluyor ama s\u0131k\u0131nt\u0131 \u00e7ekiyoruz.<\/p>\n<p><strong>Bahsetti\u011finiz en b\u00fcy\u00fck sorun vadeler orada bir de\u011fi\u015fiklik ya\u015fand\u0131 m\u0131? Sat\u0131\u015flar nas\u0131l?<\/strong><\/p>\n<p>M\u00fc\u015fterilerimizi nakit \u00f6demeye y\u00f6nlendiriyoruz, \u00c7\u00fcnk\u00fc sadece matbaa sekt\u00f6r\u00fcnde de\u011fil b\u00fct\u00fcn sekt\u00f6rlerde olan bir \u015fey. Ayl\u0131k vade farklar\u0131 %3-3,5\u2019la \u00e7al\u0131\u015f\u0131yor \u015fu anda. Ben de ithalat\u0131 kendim yap\u0131yor olsam ki \u00e7ok d\u00fc\u015f\u00fcnd\u00fcm ama mant\u0131kl\u0131 de\u011fil ne olaca\u011f\u0131 belli de\u011fil; bug\u00fcn dolar 5.40, onu paray\u0131 \u00e7evirirken 6 lira oluveriyor dolar. \u0130thalat\u00e7\u0131 taraf\u0131ndan d\u00fc\u015f\u00fcn\u00fcyorsunuz, %3,5 vade koyuyor, adam hakl\u0131, 4 ay sonra kurun ne olaca\u011f\u0131n\u0131 bilmiyor. Ben niye T\u00fcrkiye\u2019de niye Amerikan Bristol fabrikas\u0131 yok diye d\u00fc\u015f\u00fcn\u00fcyorum. Her zaman da s\u00f6yl\u00fcyorum Amerikan Bristol\u2019\u00fc \u00fcretemiyoruz. Kartonsan, Muratl\u0131 Karton T\u00fcrkiye\u2019nin \u00fcretiminin sadece %20\u2019sini kar\u015f\u0131layabiliyor. Ama neden bizim Amerikan Bristol fabrikam\u0131z yok neden bizim do\u011fru d\u00fczg\u00fcn bir ka\u011f\u0131t fabrikam\u0131z yok?<\/p>\n<p>Sat\u0131\u015flar\u0131m\u0131z alt\u0131nc\u0131 aya g\u00f6re, yani krizin \u00f6ncesine g\u00f6re d\u00fc\u015ft\u00fc. Biz \u015fu an %50 kapasite ile \u00e7al\u0131\u015f\u0131yoruz. Bazen %40\u2019lara kadar d\u00fc\u015f\u00fcyoruz. Bizi tatmin etmiyor. O y\u00fczden zaten pazar ara\u015ft\u0131rmas\u0131 yap\u0131yoruz. Ama tedbirli gidiyoruz.<\/p>\n<p><strong>Pazarlama departman\u0131n\u0131z var m\u0131?<\/strong><\/p>\n<p>Kendimiz ilgileniyoruz. Ben pazarlama mant\u0131\u011f\u0131nda \u00e7al\u0131\u015fmak istemiyorum. Pazarlama i\u015fi biraz s\u0131k\u0131nt\u0131l\u0131 bir i\u015f. \u00d6zellikle matbaa sekt\u00f6r\u00fcnde. Sonradan matbaac\u0131 olunmuyor, \u00e7ok zor meslek matbaac\u0131l\u0131k. Bu i\u015fi benimsemek gerekiyor. Ka\u011f\u0131d\u0131, kartonu bilmek, rengi tan\u0131mak gerekiyor. Mamul\u00fc tan\u0131mak gerekiyor. M\u00fc\u015fteri gelip \u00fcr\u00fcn\u00fc n\u00fc neye koyaca\u011f\u0131m dedi\u011finde onun nas\u0131l sunulaca\u011f\u0131n\u0131 bilmek gerekiyor. \u0130stanbul\u2019daki matbaalar \u00f6yle de\u011fil. Sadece s\u0131vama karton yap\u0131yor, \u00f6l\u00e7\u00fcyor gramaj\u0131 metre kare fiyat veriyor. Bizde b\u00f6yle bir \u015fey yok. O y\u00fczden pazarlamay\u0131 ben ve yard\u0131mc\u0131m y\u00fcr\u00fct\u00fcyoruz.<\/p>\n<p><strong>Personel say\u0131n\u0131z hat\u0131r\u0131 say\u0131l\u0131r derecede. Haliyle rekabet de olunca dalgal\u0131 piyasada i\u00e7erideki verimlilik hesab\u0131n\u0131 nas\u0131l yap\u0131yorsunuz?<\/strong><\/p>\n<p>Makine takip formlar\u0131m\u0131z var, her makineyi takip ediyoruz. Her makinenin ba\u015flang\u0131\u00e7 ve giri\u015f saati olarak kapasitelerini \u00f6l\u00e7\u00fcyoruz, sorguluyoruz personeli. Ona g\u00f6re personele yapt\u0131\u011f\u0131 i\u015flerle ilgili e\u011fitim veriyoruz. \u0130stedi\u011fimiz saatte de \u00fcretemezsek sorguluyoruz. Kendi i\u00e7imizde bak\u0131mc\u0131m\u0131z var, d\u0131\u015far\u0131ya ba\u011f\u0131ml\u0131 de\u011filiz. Makinenin periyodik bak\u0131mlar\u0131n\u0131 kendimiz yap\u0131yoruz. En az ayda bir g\u00fcn makinelerin bak\u0131m\u0131na ayr\u0131l\u0131yor. Cumartesi g\u00fcnleri makinelere bak\u0131l\u0131yor. En az iki sene yat\u0131r\u0131m d\u00fc\u015f\u00fcnm\u00fcyorum. Hen\u00fcz %40\u2019larday\u0131z. Kapasiteyi bir doldural\u0131m, burada eksi\u011fiz diyelim. Bizde yetmeyen makine yok \u015fu anda.<\/p>\n<p>Bursa\u2019da biz aranan bir matbaay\u0131z. Bizim i\u00e7in bu \u00e7ok \u00f6nemli. Buray\u0131 entegre bir tesis haline getirdik. Buraya sabah gelen bir m\u00fc\u015fteri \u00e7ok acil i\u015fi varsa ertesi sabah bin tane kutusunu al\u0131yor gidiyor. Bir g\u00fcnde bir kamyon mal \u00fcretebiliyoruz. Burada g\u00fcnl\u00fck 10 ton ka\u011f\u0131t i\u015fleme kapasitemiz var. 20 \u2013 25 g\u00fcn \u00e7al\u0131\u015fsam tam kapasiteyi kullansam 2 \u2013 2,5 milyon ciro yapabilecek kapasitedeyim. \u0130stanbul\u2019a ta\u015f\u0131nmay\u0131, Ankara\u2019ya ta\u015f\u0131nmay\u0131 \u00e7ok d\u00fc\u015f\u00fcn\u00fcyoruz. Ama burada ya\u015f\u0131yoruz. Sabah 7 bu\u00e7ukta evden \u00e7\u0131kt\u0131\u011f\u0131mda 10 dakikada fabrikamda olabiliyorum. Sekiz bu\u00e7ukta \u00e7\u0131ksam yar\u0131m saatte geliyorum. \u0130stanbul \u00f6yle de\u011fil, bir yerden bir yere gitmek insan\u0131n g\u00fcn\u00fcn\u00fc bitiriyor. \u00d6te yandan, burada 10 bin yapt\u0131\u011f\u0131m i\u015fi onlar milyon adetli yap\u0131yorlar. Hep bir yerde t\u0131kan\u0131p kal\u0131yoruz. Biz babadan o\u011fula matbaac\u0131y\u0131z. Servet G\u00fclseven y\u00f6netiyor G\u00fcl-Mat\u2019\u0131 ama firma beni ge\u00e7iyor, bazen yeti\u015femiyorum. Kendi kabu\u011fuma da s\u0131\u011fam\u0131yorum. Olmam gereken yer buras\u0131 de\u011fil diye d\u00fc\u015f\u00fcn\u00fcyorum. Bir bak\u0131yorum i\u015f geliyor 500 bin, eskiden yapamay\u0131z diyordum, \u015fimdi 1 milyonluk i\u015f geliyor, termin 1 hafta diyoruz.<\/p>\n","protected":false},"excerpt":{"rendered":"<p>Servet G\u00fclseven; \u201cFaizler d\u00fc\u015fmeden bizim sekt\u00f6r\u00fcm\u00fcz ve t\u00fcm sekt\u00f6rler d\u00fczene girmez. \u015eu anda kendimizi daha \u00e7ok yurt d\u0131\u015f\u0131na haz\u0131rl\u0131yoruz. Yurt d\u0131\u015f\u0131yla alakal\u0131 g\u00f6r\u00fc\u015fmelerimiz var.\u201d Bursa\u2019n\u0131n yar\u0131m y\u00fczy\u0131l\u0131 geride b\u0131rakan matbaalar\u0131ndan G\u00fcl-Mat Ofset Matbaac\u0131l\u0131k Ambalaj Ltd. \u015eti., ekonomik durgunlukta \u00e7\u0131k\u0131\u015f\u0131 ihracatta ar\u0131yor. Firma sahibi Servet G\u00fclseven sorular\u0131m\u0131z\u0131 yan\u0131tlad\u0131. Firman\u0131z\u0131n ge\u00e7mi\u015fini k\u0131saca \u00f6zetler misiniz? Firmam\u0131z 1967 y\u0131l\u0131nda [&hellip;]<\/p>\n","protected":false},"author":2,"featured_media":3741,"comment_status":"closed","ping_status":"open","sticky":false,"template":"","format":"standard","meta":[],"categories":[42],"tags":[],"_links":{"self":[{"href":"https:\/\/www.ambalajveetiket.com\/index.php\/wp-json\/wp\/v2\/posts\/3214"}],"collection":[{"href":"https:\/\/www.ambalajveetiket.com\/index.php\/wp-json\/wp\/v2\/posts"}],"about":[{"href":"https:\/\/www.ambalajveetiket.com\/index.php\/wp-json\/wp\/v2\/types\/post"}],"author":[{"embeddable":true,"href":"https:\/\/www.ambalajveetiket.com\/index.php\/wp-json\/wp\/v2\/users\/2"}],"replies":[{"embeddable":true,"href":"https:\/\/www.ambalajveetiket.com\/index.php\/wp-json\/wp\/v2\/comments?post=3214"}],"version-history":[{"count":1,"href":"https:\/\/www.ambalajveetiket.com\/index.php\/wp-json\/wp\/v2\/posts\/3214\/revisions"}],"predecessor-version":[{"id":3742,"href":"https:\/\/www.ambalajveetiket.com\/index.php\/wp-json\/wp\/v2\/posts\/3214\/revisions\/3742"}],"wp:featuredmedia":[{"embeddable":true,"href":"https:\/\/www.ambalajveetiket.com\/index.php\/wp-json\/wp\/v2\/media\/3741"}],"wp:attachment":[{"href":"https:\/\/www.ambalajveetiket.com\/index.php\/wp-json\/wp\/v2\/media?parent=3214"}],"wp:term":[{"taxonomy":"category","embeddable":true,"href":"https:\/\/www.ambalajveetiket.com\/index.php\/wp-json\/wp\/v2\/categories?post=3214"},{"taxonomy":"post_tag","embeddable":true,"href":"https:\/\/www.ambalajveetiket.com\/index.php\/wp-json\/wp\/v2\/tags?post=3214"}],"curies":[{"name":"wp","href":"https:\/\/api.w.org\/{rel}","templated":true}]}}