{"id":3297,"date":"2019-06-14T13:34:21","date_gmt":"2019-06-14T10:34:21","guid":{"rendered":"http:\/\/www.ambalajveetiket.com\/?p=3297"},"modified":"2021-03-25T23:06:26","modified_gmt":"2021-03-25T20:06:26","slug":"mert-gonenc-imeks-grup-daha-iyi-bir-ikinci-yari-bekliyoruz","status":"publish","type":"post","link":"https:\/\/www.ambalajveetiket.com\/index.php\/2019\/06\/14\/mert-gonenc-imeks-grup-daha-iyi-bir-ikinci-yari-bekliyoruz\/","title":{"rendered":"Mert G\u00f6nen\u00e7 (Imeks Grup); \u201cDaha iyi bir ikinci yar\u0131 bekliyoruz\u201d"},"content":{"rendered":"<p>Imeks Grup, Bobst esnek ambalaj ve etiket makineleri temsilcisi olarak \u0130stanbul\u2019daki roadshow etkinli\u011finin organizasyonunda rol ald\u0131. Toplant\u0131daki konu\u015fmac\u0131lar\u0131n takdimini de Mert G\u00f6nen\u00e7 yapt\u0131. Toplant\u0131 sonunda Mert G\u00f6nen\u00e7\u2019den hem toplant\u0131 ile ilgili izlenimlerini hem de esnek ambalajda en son geli\u015fmelerle ilgili g\u00f6r\u00fc\u015flerini ald\u0131k.<\/p>\n<p><strong>Sizin de katk\u0131n\u0131z olan bu etkinli\u011fi nas\u0131l tan\u0131mlars\u0131n\u0131z?<\/strong><\/p>\n<p>Bobst \u00f6nc\u00fcl\u00fc\u011f\u00fcnde REVO partnelerinin b\u00fct\u00fcn teknolojilerini, Revo teknolojilerini anlatt\u0131klar\u0131 bir etkinlik diyebiliriz. REVO\u2019nun \u00f6nderli\u011fini de d\u00fcnyada ger\u00e7ek anlamda Bobst y\u00fcr\u00fct\u00fcyor. Onun T\u00fcrkiye temsilcileri olarak da organizasyon g\u00f6revi bize d\u00fc\u015ft\u00fc.<\/p>\n<p><strong>Bu y\u0131l\u0131n ikinci yar\u0131s\u0131na hangi hedeflerle giriyorsunuz?<\/strong><\/p>\n<p>Bekledi\u011fimizden daha iyi bir ilk yar\u0131 ge\u00e7irdik. O konuda \u00e7ok k\u00f6t\u00fcmser de\u011filim. Tabii bunun birtak\u0131m etkenleri var ama en temel etken etiket\u00e7ilerin h\u00e2l\u00e2 taleplerinin olmas\u0131. Yani etiket\u00e7ilerin m\u00fc\u015fterilerinden makineleri dolduracak \u015fekilde etiket sipari\u015fleri geliyor olmas\u0131 sekt\u00f6r\u00fcn en b\u00fcy\u00fck avantaj\u0131. Biz de bu do\u011frultuda projeleri s\u00fcrd\u00fcrd\u00fck. Onun i\u00e7in \u00e7ok k\u00f6t\u00fc bir ilk yar\u0131 ge\u00e7irmedik. \u0130kinci yar\u0131 farkl\u0131 bir dinamik. Bu sene Labelexpo senesi. Etiket makinecileri ve etiket \u00fcreticileri i\u00e7in Labelexpo y\u0131llar\u0131n ikinci yar\u0131lar\u0131nda belirleyici oluyor. Bize \u015fimdiden proje olgunla\u015ft\u0131rmaya ba\u015flayan, d\u00fc\u015f\u00fcnceleri oldu\u011funu s\u00f6yleyen, fuar\u0131 bekleyen m\u00fc\u015fteri bilgileri gelmeye ba\u015flad\u0131. Bunun do\u011frultusunda daha da iyi ikinci bir yar\u0131 y\u0131l bekliyoruz.<\/p>\n<p><strong>Fleksoda Bobst\u2019un geli\u015ftirdi\u011fi m\u00fcrekkep teknolojisi T\u00fcrkiye\u2019de de kullan\u0131m alan\u0131 bulabiliyor mu?<\/strong><\/p>\n<p>Bu teknolojiyi tam kelime anlam\u0131yla devrim olarak isimlendiriyorlar. Bobst y\u0131llard\u0131r inovasyona \u00e7ok b\u00fcy\u00fck \u00f6nem veriyor. Art\u0131k flekso bizim bildi\u011fimiz geleneksel merdanelerin d\u00f6nd\u00fc\u011f\u00fc fleksodan \u00e7\u0131kt\u0131 daha otomasyonlu, dijitalize, kontrollerin numerik olarak \u00f6l\u00e7\u00fclebildi\u011fi bir hal ald\u0131. Bobst t\u00fcm yat\u0131r\u0131mlar\u0131n\u0131, Ar-Ge ara\u015ft\u0131rmalar\u0131n\u0131 bunun \u00fczerine yap\u0131yor. Siz de sunumda incelediniz. D\u00fcnyada tek olan teknolojileri makinenin \u00fczerinde m\u00fc\u015fterilere sunuyor. Bu T\u00fcrkiye\u2019de kullan\u0131lmaya ba\u015fland\u0131. 2019 y\u0131l\u0131 itibar\u0131yla Devrim Ambalaj direkt m\u00fc\u015fteri olarak M6 makine sahibi oldu. REVO teknolojisiyle bilfiil kendi fabrikas\u0131nda \u00fcretim yap\u0131yor.<\/p>\n<p><strong>IoD m\u00fcrekkep sistemiyle ilgili \u00f6ng\u00f6r\u00fcn\u00fcz nedir?<\/strong><\/p>\n<p>Bunlar hen\u00fcz T\u00fcrkiye\u2019de olan teknolojiler de\u011fil. Orada iki ayr\u0131 teknoloji var; biri pozalama ve forse ile ilgili olan kamera otomasyon teknolojisi, bu T\u00fcrkiye\u2019de mevcut, kullan\u0131l\u0131yor. Biri de IoD m\u00fcrekkep teknolojisi; bu Labelexpo\u2019da tan\u0131t\u0131lacak.<\/p>\n<p>Teknolojiler ilk etapta \u00e7\u0131kt\u0131\u011f\u0131nda \u00e7ok yayg\u0131n hale gelmiyor. \u00d6nce lider firmalar kullan\u0131yorlar. Ama T\u00fcrkiye\u2019deki etiket\u00e7ilerin g\u00fcncel teknolojiyi takip etme ve yat\u0131r\u0131m yapma davran\u0131\u015f \u015fekillerine g\u00f6re yorumlarsak, ben k\u0131sa zamanda T\u00fcrkiye\u2019de de kullan\u0131lmaya ba\u015flanaca\u011f\u0131n\u0131 d\u00fc\u015f\u00fcn\u00fcyorum.<\/p>\n<p><strong>B\u0131\u00e7ak olmayacak, m\u00fcrekkep miktar\u0131 azalacak.<\/strong><\/p>\n<p>Dr Blade s\u0131y\u0131rma b\u0131\u00e7a\u011f\u0131 ve boya haznesi yok. Orada \u00f6zel bir sistemle merdane d\u00f6n\u00fc\u015f y\u00f6ntemleri de de\u011fi\u015fiyor. Belirli bir gramajda, 3 gram kadar miktarlarda, bask\u0131 merdanesinin \u00fczerine m\u00fcrekkep tedarik ediliyor. Tabii israf ve maliyet d\u00fc\u015f\u00fcrme anlam\u0131nda \u00e7ok b\u00fcy\u00fck faydalar\u0131 var.<\/p>\n<p><strong>Onun makinelere uygulanabilirli\u011fi nedir? Yeni bir makine mi \u00e7\u0131kacak yoksa di\u011fer makinelere uygulanabilecek mi?<\/strong><\/p>\n<p>Anlat\u0131lan, yeni bir makine \u00e7\u0131kacak. Yeni makinelerde o t\u00fcr bir konfig\u00fcrasyon olacak. Ama Bobst May\u0131s 2019\u2019dan itibaren IoD Ready, yani o teknolojiye haz\u0131r bulunan makine sat\u0131\u015f\u0131na ba\u015flad\u0131. Daha sonra m\u00fc\u015fteri isterse o teknolojiyi ekleyebilece\u011fi makineyi bug\u00fcnden sat\u0131n alabiliyor.<\/p>\n<p><strong>M\u00fc\u015fteriler tercihlerini hangi teknolojilerden yana kullan\u0131yor?<\/strong><\/p>\n<p>Bobst tabii ki bu i\u015fin \u00f6nderli\u011fini \u00e7ekiyor. En \u00e7ok talebi Bobst\u2019un flekso makineleri al\u0131yor. Teknoloji anlam\u0131nda da shrink sleeve en \u00e7ok merak edilen konu. Shrink sleeve bas\u0131m\u0131, sonland\u0131r\u0131lmas\u0131, m\u00fc\u015fteriye ula\u015fmas\u0131, aplikasyonlar\u0131n\u0131n neler oldu\u011fu soruluyor. Orada tamamlay\u0131c\u0131 makineler anlam\u0131nda da bizim bir deste\u011fimiz var.<\/p>\n<p>Uygulamalarda temizlik end\u00fcstrisi ve i\u00e7ecek end\u00fcstrisi ba\u015f\u0131 \u00e7ekiyor ama bug\u00fcn kulland\u0131\u011f\u0131n\u0131z t\u00fcp gaz bile sleeve uygulamal\u0131 bir \u00fcr\u00fcn. Onun i\u00e7in yelpaze geni\u015fliyor. \u00c7o\u011fu m\u00fc\u015fteride etiket art\u0131 shrink sleeve \u00fcr\u00fcnleri var. Ayn\u0131 fabrikan\u0131n hem yap\u0131\u015fkan etiket hem de sleeve etiket talebi oluyor. Bu y\u00fczden etiket \u00fcreticilerinin bu tarafa b\u00fcy\u00fck bir ilgisi var.<\/p>\n<p><strong>Yak\u0131n zamanda ger\u00e7ekle\u015fecek projeniz var m\u0131?<\/strong><\/p>\n<p>B\u00fcy\u00fck bir etiket firmas\u0131nda grav\u00fcr ve flekso kombinasyonlu kendine has \u00fcretilmesi planlanan bir \u00fcr\u00fcn durumu s\u00f6z konusu. Bununla alakal\u0131 \u00e7\u00f6z\u00fcm orta\u011f\u0131 olarak hem grav\u00fcr hem fleksoya olan etkinli\u011finden dolay\u0131 Bobst\u2019u se\u00e7tiler. Tamamlanmak \u00fczere olan bir projemiz var. Bir de Bobst\u2019un Mouvent ad\u0131 alt\u0131nda UV inkjet dijital bask\u0131 makinesi mevcut. Bunun hibrit versiyonu Labelexpo\u2019da ilk defa sunulacak. Bununla alakal\u0131 T\u00fcrkiye\u2019deki etiket\u00e7ilerden sorular geliyor. Bununla ilgili projeler olgunla\u015ft\u0131rmaya ba\u015flad\u0131k. O da beni \u00e7ok heyecanland\u0131r\u0131yor.<\/p>\n","protected":false},"excerpt":{"rendered":"<p>Imeks Grup, Bobst esnek ambalaj ve etiket makineleri temsilcisi olarak \u0130stanbul\u2019daki roadshow etkinli\u011finin organizasyonunda rol ald\u0131. Toplant\u0131daki konu\u015fmac\u0131lar\u0131n takdimini de Mert G\u00f6nen\u00e7 yapt\u0131. Toplant\u0131 sonunda Mert G\u00f6nen\u00e7\u2019den hem toplant\u0131 ile ilgili izlenimlerini hem de esnek ambalajda en son geli\u015fmelerle ilgili g\u00f6r\u00fc\u015flerini ald\u0131k. Sizin de katk\u0131n\u0131z olan bu etkinli\u011fi nas\u0131l tan\u0131mlars\u0131n\u0131z? Bobst \u00f6nc\u00fcl\u00fc\u011f\u00fcnde REVO partnelerinin b\u00fct\u00fcn [&hellip;]<\/p>\n","protected":false},"author":2,"featured_media":3699,"comment_status":"closed","ping_status":"open","sticky":false,"template":"","format":"standard","meta":[],"categories":[170,31,32,72,42],"tags":[],"_links":{"self":[{"href":"https:\/\/www.ambalajveetiket.com\/index.php\/wp-json\/wp\/v2\/posts\/3297"}],"collection":[{"href":"https:\/\/www.ambalajveetiket.com\/index.php\/wp-json\/wp\/v2\/posts"}],"about":[{"href":"https:\/\/www.ambalajveetiket.com\/index.php\/wp-json\/wp\/v2\/types\/post"}],"author":[{"embeddable":true,"href":"https:\/\/www.ambalajveetiket.com\/index.php\/wp-json\/wp\/v2\/users\/2"}],"replies":[{"embeddable":true,"href":"https:\/\/www.ambalajveetiket.com\/index.php\/wp-json\/wp\/v2\/comments?post=3297"}],"version-history":[{"count":1,"href":"https:\/\/www.ambalajveetiket.com\/index.php\/wp-json\/wp\/v2\/posts\/3297\/revisions"}],"predecessor-version":[{"id":3700,"href":"https:\/\/www.ambalajveetiket.com\/index.php\/wp-json\/wp\/v2\/posts\/3297\/revisions\/3700"}],"wp:featuredmedia":[{"embeddable":true,"href":"https:\/\/www.ambalajveetiket.com\/index.php\/wp-json\/wp\/v2\/media\/3699"}],"wp:attachment":[{"href":"https:\/\/www.ambalajveetiket.com\/index.php\/wp-json\/wp\/v2\/media?parent=3297"}],"wp:term":[{"taxonomy":"category","embeddable":true,"href":"https:\/\/www.ambalajveetiket.com\/index.php\/wp-json\/wp\/v2\/categories?post=3297"},{"taxonomy":"post_tag","embeddable":true,"href":"https:\/\/www.ambalajveetiket.com\/index.php\/wp-json\/wp\/v2\/tags?post=3297"}],"curies":[{"name":"wp","href":"https:\/\/api.w.org\/{rel}","templated":true}]}}