{"id":3321,"date":"2019-06-14T14:46:40","date_gmt":"2019-06-14T11:46:40","guid":{"rendered":"http:\/\/www.ambalajveetiket.com\/?p=3321"},"modified":"2021-03-25T22:59:08","modified_gmt":"2021-03-25T19:59:08","slug":"koenig-bauerden-dijital-donusumun-yararlari-etkinligi","status":"publish","type":"post","link":"https:\/\/www.ambalajveetiket.com\/index.php\/2019\/06\/14\/koenig-bauerden-dijital-donusumun-yararlari-etkinligi\/","title":{"rendered":"Koenig &#038; Bauer\u2019den dijital d\u00f6n\u00fc\u015f\u00fcm\u00fcn yararlar\u0131 etkinli\u011fi"},"content":{"rendered":"<ul>\n<li>Almanya, Radebeul\u2019de d\u00fczenlenen ve be\u015f k\u0131tadan 1100\u2019\u00fc a\u015fk\u0131n ticari ve ambalaj matbaac\u0131s\u0131n\u0131n kat\u0131ld\u0131\u011f\u0131 open house etkinli\u011finde Koenig &amp; Bauer dijital d\u00f6n\u00fc\u015f\u00fcm\u00fc ve ba\u011flant\u0131l\u0131 servisleri anlatt\u0131. Yenilik ve yarat\u0131c\u0131l\u0131k uzman\u0131 Gerriet Danz\u2019\u0131n konuk konu\u015fmac\u0131 oldu\u011fu etkinlikte dijital d\u00f6n\u00fc\u015f\u00fcme dayal\u0131 yeni m\u00fc\u015fteri odakl\u0131 teklifler ve makinelerdeki olas\u0131 sorunlar\u0131n ortaya \u00e7\u0131kmadan belirlenmesi \u00fczerinde duruldu.<\/li>\n<li>\u0130lk kez, Koenig &amp; Bauer Duran\u2019dan bir Omega Allpro 110 katlama yap\u0131\u015ft\u0131rma makinas\u0131 canl\u0131 ambalaj \u00fcretimi i\u015f ak\u0131\u015f\u0131na dahil edildi.<\/li>\n<\/ul>\n<p>(Radebeul, Almanya) T\u00fcm d\u00fcnyadan matbaac\u0131lar i\u00e7in dijital inovasyon: 16 ve 21 May\u0131s aras\u0131nda, Koenig &amp; Bauer\u2019in Radebeul tesisinde d\u00f6rt open house etkinli\u011finde davetlilere dijital d\u00f6n\u00fc\u015f\u00fcm ve bir dizi veri odakl\u0131 teklif sunuldu.<\/p>\n<p>\u0130lk iki g\u00fcn \u00f6zellikle ticari matbaalar\u0131n ihtiya\u00e7 ve isteklerine, sonraki g\u00fcnler ambalaj sekt\u00f6r\u00fcndeki meslekta\u015flara ayr\u0131lm\u0131\u015ft\u0131.<\/p>\n<p>K\u0131rk \u00fclkeden 1100\u2019den fazla bask\u0131 uzman\u0131 d\u00f6rt g\u00fcnl\u00fck etkinlik davetini kabul etti. Davetliler dijitalle\u015fme yoluyla \u00fcretim s\u00fcre\u00e7lerini d\u00fczene koyma ve optimize etme olanaklar\u0131 hakk\u0131nda kapsaml\u0131 bilgi almakla kalmad\u0131lar, ayn\u0131 zamanda kendi i\u015fleri i\u00e7in Koenig &amp; Bauer ve yeni veri odakl\u0131 hizmetleri ile yak\u0131n bir ili\u015fkiyle elde edilecek faydalara dair yepyeni bir deneyim sahibi oldular.<\/p>\n<p><strong><img loading=\"lazy\" class=\" wp-image-6142 alignleft\" src=\"https:\/\/www.matbaahaber.com\/wp-content\/uploads\/2019\/06\/MH190_KoenigBauer_F9-300x200.jpg\" sizes=\"(max-width: 450px) 100vw, 450px\" srcset=\"https:\/\/www.matbaahaber.com\/wp-content\/uploads\/2019\/06\/MH190_KoenigBauer_F9-300x200.jpg 300w, https:\/\/www.matbaahaber.com\/wp-content\/uploads\/2019\/06\/MH190_KoenigBauer_F9-768x512.jpg 768w, https:\/\/www.matbaahaber.com\/wp-content\/uploads\/2019\/06\/MH190_KoenigBauer_F9-1024x683.jpg 1024w, https:\/\/www.matbaahaber.com\/wp-content\/uploads\/2019\/06\/MH190_KoenigBauer_F9-750x500.jpg 750w, https:\/\/www.matbaahaber.com\/wp-content\/uploads\/2019\/06\/MH190_KoenigBauer_F9-1140x760.jpg 1140w\" alt=\"\" width=\"450\" height=\"300\" data-pin-no-hover=\"true\">\u0130stikrarl\u0131 ortakl\u0131klar g\u00fcven yarat\u0131r<\/strong><\/p>\n<p>Koenig &amp; Bauer Sheetfed\u2019in CEO\u2019su ve Y\u00f6netim Kurulu \u00dcyesi Ralf Sammeck ve Koenig &amp; Bauer Pazarlama ve M\u00fc\u015fteri \u0130li\u015fkileri Y\u00f6netimi Ba\u015fkan\u0131 Thomas G\u00f6cke, ziyaret\u00e7ileri kar\u015f\u0131lad\u0131 ve \u015firketin yeni imaj kampanyas\u0131n\u0131 sundu. Kampanya, \u201cD\u00fcnyan\u0131z\u0131 bas\u0131yoruz \u2013 We print your world\u201d slogan\u0131 alt\u0131nda, bask\u0131 \u00fcr\u00fcnlerinin s\u0131n\u0131rs\u0131z \u00e7e\u015fitlili\u011fini iletmeyi ama\u00e7l\u0131yor: Koenig &amp; Bauer, \u00e7ok \u00e7e\u015fitli m\u00fcrekkeplerle bask\u0131 alt\u0131 malzemelerini, bask\u0131 alt\u0131 malzemeleriyle teknolojileri ve teknolojilerle insanlar\u0131 bir araya getiriyor. Bunu yaparken, d\u00fcnyan\u0131n en eski matbaa \u00fcreticisi ayn\u0131 zamanda \u2013 t\u00fcm d\u00fcnyada matbaalar\u0131n bireysel hedeflerine ula\u015fmas\u0131n\u0131 sa\u011flayan tek bir \u00e7\u00f6z\u00fcm kayna\u011f\u0131 olarak \u2013 sekt\u00f6rdeki en geni\u015f \u00fcr\u00fcn portf\u00f6y\u00fcn\u00fc sunuyor.<\/p>\n<p>Ralf Sammeck, ciro art\u0131\u015f\u0131 ve artan bir sipari\u015f defteri ile \u015firketin g\u00fc\u00e7l\u00fc ekonomik rakamlar\u0131n\u0131 \u00f6zel olarak vurguluyor. Bu, kullan\u0131c\u0131lara anahtar \u00fcretim ara\u00e7lar\u0131 konusunda karar verirken ekstra g\u00fcven veriyor. Koenig &amp; Bauer, bir dizi ortakl\u0131k ve devralma sayesinde portf\u00f6y\u00fcn\u00fc \u00f6zg\u00fcn temel yetkinliklerinin \u00e7ok \u00f6tesine geni\u015fletti. Son sat\u0131n almalar Iberica ve Duran, Durst ile ortak giri\u015fim ve Optimus ve Esko ile i\u015f birli\u011fi anla\u015fmalar\u0131, bu ba\u015far\u0131l\u0131 stratejinin alt\u0131n\u0131 \u00e7iziyor. U\u00e7tan uca \u00e7\u00f6z\u00fcmlerle, Koenig &amp; Bauer kalite maksimizasyonunu, artan \u00fcretkenli\u011fi ve \u015feffafl\u0131\u011f\u0131 destekliyor. Ralf Sammeck \u201cKapsaml\u0131 hedefimiz kullan\u0131c\u0131lar\u0131m\u0131z\u0131 k\u00e2rl\u0131 ve ba\u015far\u0131l\u0131 hale getirmektir\u201d diyor.<\/p>\n<p><img loading=\"lazy\" class=\" wp-image-6143 alignright\" src=\"https:\/\/www.matbaahaber.com\/wp-content\/uploads\/2019\/06\/MH190_KoenigBauer_F3-300x200.jpg\" sizes=\"(max-width: 450px) 100vw, 450px\" srcset=\"https:\/\/www.matbaahaber.com\/wp-content\/uploads\/2019\/06\/MH190_KoenigBauer_F3-300x200.jpg 300w, https:\/\/www.matbaahaber.com\/wp-content\/uploads\/2019\/06\/MH190_KoenigBauer_F3-768x512.jpg 768w, https:\/\/www.matbaahaber.com\/wp-content\/uploads\/2019\/06\/MH190_KoenigBauer_F3-1024x683.jpg 1024w, https:\/\/www.matbaahaber.com\/wp-content\/uploads\/2019\/06\/MH190_KoenigBauer_F3-750x500.jpg 750w, https:\/\/www.matbaahaber.com\/wp-content\/uploads\/2019\/06\/MH190_KoenigBauer_F3-1140x760.jpg 1140w\" alt=\"\" width=\"450\" height=\"300\" data-pin-no-hover=\"true\">Hem ticari hem de ambalaj segmentlerinden \u00f6nde gelen matbaalar, Koenig &amp; Bauer\u2019in teknolojisini tercih ediyor. Bu sadece y\u00fcksek h\u0131zl\u0131 Rapida tabaka ofset bask\u0131 makineleri i\u00e7in de\u011fil, ayn\u0131 zamanda \u015fekilli kesim i\u015fleminde devrim yaratan rotatif kutu kesim makinesi Rapida RDC 106, Ipress 106 K PRO gibi d\u00fcz yatakl\u0131 \u015fekilli kesim makinelerini ve Omega Allpro 110 katlama yap\u0131\u015ft\u0131rma makinesini de kaps\u0131yor.<\/p>\n<div class=\"jeg_ad jeg_ad_article jnews_content_inline_2_ads \"><\/div>\n<p>Bir\u00e7ok Koenig &amp; Bauer \u00e7\u00f6z\u00fcm\u00fc \u00f6d\u00fcll\u00fc: Rapida LiveApps, \u00f6rne\u011fin 2018\u2019de bir Intertech Teknoloji \u00d6d\u00fcl\u00fc ald\u0131. Bu y\u0131l, iF Tasar\u0131m \u00d6d\u00fcl\u00fc\u2019n\u00fcn j\u00fcrisi, tasar\u0131m dilini ve Varijet 106\u2019n\u0131n \u015f\u0131k g\u00f6r\u00fcn\u00fcm\u00fcn\u00fc \u00f6vd\u00fc. Ve Koenig &amp; Bauer ayr\u0131ca end\u00fcstri ve m\u00fchendislikte marka m\u00fckemmelli\u011fi i\u00e7in bir Alman Marka \u00d6d\u00fcl\u00fc ald\u0131.<\/p>\n<p><strong>Yeni \u00fcr\u00fcn ve hizmetlerin geli\u015ftirilmesinde yakla\u015f\u0131mlar<\/strong><\/p>\n<p><img loading=\"lazy\" class=\" wp-image-6144 alignleft\" src=\"https:\/\/www.matbaahaber.com\/wp-content\/uploads\/2019\/06\/MH190_KoenigBauer_F7-300x200.jpg\" sizes=\"(max-width: 450px) 100vw, 450px\" srcset=\"https:\/\/www.matbaahaber.com\/wp-content\/uploads\/2019\/06\/MH190_KoenigBauer_F7-300x200.jpg 300w, https:\/\/www.matbaahaber.com\/wp-content\/uploads\/2019\/06\/MH190_KoenigBauer_F7-768x512.jpg 768w, https:\/\/www.matbaahaber.com\/wp-content\/uploads\/2019\/06\/MH190_KoenigBauer_F7-1024x683.jpg 1024w, https:\/\/www.matbaahaber.com\/wp-content\/uploads\/2019\/06\/MH190_KoenigBauer_F7-750x500.jpg 750w, https:\/\/www.matbaahaber.com\/wp-content\/uploads\/2019\/06\/MH190_KoenigBauer_F7-1140x760.jpg 1140w\" alt=\"\" width=\"450\" height=\"300\" data-pin-no-hover=\"true\">\u0130novasyon ve yarat\u0131c\u0131l\u0131k uzman\u0131 Gerriet Danz\u2019\u0131n esin veren a\u00e7\u0131l\u0131\u015f konu\u015fmas\u0131, \u00fctopik vizyonlar\u0131n ve bilim kurgunun ger\u00e7e\u011fe ve dolay\u0131s\u0131yla yeni gelire nas\u0131l \u00e7evrilebilece\u011fini a\u00e7\u0131klad\u0131. Danz, tarihsel pratikten \u00f6rnekler alarak, direni\u015fin nas\u0131l ba\u015far\u0131ya d\u00f6n\u00fc\u015febilece\u011fini g\u00f6sterdi.<\/p>\n<p>Onun temel ilkelerinden biri: sadece yeni perspektifler benimsemeye haz\u0131r olanlar gelece\u011fi \u015fekillendirecektir. 3D yaz\u0131c\u0131lar\u0131n bask\u0131ya ekledi\u011fi yeni boyut, kozmetik \u00fcr\u00fcnleri \u00fcreticileri haline gelen eski film \u00fcreticileri veya Dubai\u2019deki polis taraf\u0131ndan test edilen u\u00e7an motosiklet gibi kombine \u00e7\u00f6z\u00fcmleri d\u00fc\u015f\u00fcn\u00fcn.<\/p>\n<p>Do\u011fru sorular\u0131 soranlar gelecek i\u00e7in cevaplar alacak. Bu Gerriet Danz\u2019\u0131n itiraz\u0131: Bas\u0131m end\u00fcstrisine yeni bir ivme kazand\u0131rmak i\u00e7in yarat\u0131c\u0131l\u0131k tekniklerinden ve do\u011fru sorulardan yararlan\u0131n.<\/p>\n<p><strong>Yeni bir m\u00fc\u015fteri deneyimi i\u00e7in veri odakl\u0131 hizmetler<\/strong><\/p>\n<p><img loading=\"lazy\" class=\" wp-image-6145 alignright\" src=\"https:\/\/www.matbaahaber.com\/wp-content\/uploads\/2019\/06\/MH190_KoenigBauer_F5-300x200.jpg\" sizes=\"(max-width: 452px) 100vw, 452px\" srcset=\"https:\/\/www.matbaahaber.com\/wp-content\/uploads\/2019\/06\/MH190_KoenigBauer_F5-300x200.jpg 300w, https:\/\/www.matbaahaber.com\/wp-content\/uploads\/2019\/06\/MH190_KoenigBauer_F5-768x512.jpg 768w, https:\/\/www.matbaahaber.com\/wp-content\/uploads\/2019\/06\/MH190_KoenigBauer_F5-1024x683.jpg 1024w, https:\/\/www.matbaahaber.com\/wp-content\/uploads\/2019\/06\/MH190_KoenigBauer_F5-750x500.jpg 750w, https:\/\/www.matbaahaber.com\/wp-content\/uploads\/2019\/06\/MH190_KoenigBauer_F5-1140x760.jpg 1140w\" alt=\"\" width=\"452\" height=\"301\" data-pin-no-hover=\"true\">Son y\u0131llarda Koenig &amp; Bauer, yarat\u0131c\u0131 d\u00fc\u015f\u00fcnme ve dijital verilerin yeni m\u00fc\u015fteri deneyimlerine ve yenilik\u00e7i hizmetlere nas\u0131l d\u00f6n\u00fc\u015febilece\u011fine dair en iyi \u00f6rneklerden birini sa\u011flad\u0131. \u015eirket, i\u015f s\u00fcre\u00e7lerinin dijitalle\u015ftirilmesi i\u00e7in sekt\u00f6rler aras\u0131 bir \u00f6nc\u00fc olarak geni\u015f bir \u00fcne kavu\u015ftu. \u00c7o\u011fu \u00fcr\u00fcnle ilgili m\u00fc\u015fteri hizmetleri i\u00e7in ba\u015flang\u0131\u00e7 noktas\u0131, bask\u0131 makinesi i\u015fletim verileri ve ili\u015fkili g\u00fcnl\u00fck dosyalar\u0131nda bulunan bilgi zenginli\u011fi. A\u015fa\u011f\u0131daki \u00e7\u00f6z\u00fcmler Koenig &amp; Bauer taraf\u0131ndan sunuluyor:<\/p>\n<p>PressCall uzaktan bak\u0131m ile ba\u011flant\u0131l\u0131 olarak ileti\u015fimi geli\u015ftiriyor. Konsoldaki bir d\u00fc\u011fmeye bas\u0131ld\u0131\u011f\u0131nda, gerekli t\u00fcm bilgiler do\u011frudan telefon hatt\u0131 ile teknisyene g\u00f6nderiliyor. \u0130leti\u015fim optimize edilmi\u015f ve dil engelleri nedeniyle gecikme yok. CRM sisteminde bir m\u00fc\u015fteri kart\u0131 otomatik olarak olu\u015fturuluyor. \u00c7\u00f6z\u00fcm bulma, daha h\u0131zl\u0131 ve daha verimli hale geliyor, kesinti s\u00fcresini azalt\u0131yor ve buna g\u00f6re kullan\u0131labilirli\u011fi art\u0131r\u0131yor.<\/p>\n<p>Visual PressSupport, uzaktan bak\u0131m s\u0131ras\u0131nda ileti\u015fimi basitle\u015ftiren ve m\u00fc\u015fteri ve hizmet departman\u0131 aras\u0131ndaki i\u015f birli\u011fini yeni bir seviyeye y\u00fckselten ba\u015fka bir ara\u00e7. Foto\u011fraflar, video klipler, bir mobil cihaz \u00fczerinden ses ve yorum fonksiyonlar\u0131 bask\u0131 makinesinde mevcut durumun daha kesin bir izah\u0131n\u0131 sa\u011fl\u0131yor. Ayn\u0131 zamanda, Visual PressSupport, s\u00fcre\u00e7le ilgili veya mekanik sorunlar durumunda yard\u0131m i\u00e7erecek \u015fekilde uzaktan bak\u0131m i\u015flevselli\u011fini geni\u015fletiyor. Her \u015fey CRM platformu Salesforce\u2019un servis mod\u00fcl\u00fcnde belgelenmi\u015f ve tam bilgi, ilgili t\u00fcm ki\u015filer ve b\u00f6l\u00fcmler i\u00e7in hemen kullan\u0131labiliyor. Visual PressSupport uzaktan bak\u0131mdan ba\u011f\u0131ms\u0131z olarak da kullan\u0131labiliyor.<\/p>\n<p><strong>Bir bak\u0131\u015fta performans ve denetim verileri<\/strong><\/p>\n<p>Uzaktan bak\u0131m s\u00f6zle\u015fmesi olan kullan\u0131c\u0131lar ayl\u0131k Performans Raporu al\u0131yorlar. Bu rapor, y\u00fckl\u00fc makinelerin temel performans g\u00f6stergelerini yap\u0131land\u0131r\u0131lm\u0131\u015f grafik formda g\u00f6rselle\u015ftiriyor ve bir bak\u0131\u015fta t\u00fcm ilgili \u00fcretim verilerine genel bir bak\u0131\u015f sa\u011fl\u0131yor. Buna ek olarak, performans verileri hem dahili hem de harici olarak kar\u015f\u0131la\u015ft\u0131r\u0131labilir bir \u015fekilde kullan\u0131lan di\u011fer bask\u0131 makineleriyle \u2013 elbette hepsi anonim olarak \u2013 kar\u015f\u0131la\u015ft\u0131r\u0131labiliyor. Bu, optimizasyon potansiyeli ortaya \u00e7\u0131karmaya yard\u0131mc\u0131 oluyor, planlanmam\u0131\u015f kesintileri azalt\u0131yor ve ilgili bak\u0131m \u00e7al\u0131\u015fmalar\u0131n\u0131n \u00f6nceden planlanmas\u0131n\u0131 sa\u011fl\u0131yor. Performans ve kullan\u0131labilirlik geli\u015ftirildi.<\/p>\n<p>Bir Bask\u0131 Makinesi Denetim Raporu, benzer \u015fekilde yap\u0131land\u0131r\u0131lm\u0131\u015f bir \u00f6zetle bir bask\u0131 makinesi denetim sonu\u00e7lar\u0131n\u0131 sunuyor. Kullan\u0131c\u0131, teknik iyile\u015ftirme potansiyeli hakk\u0131nda bilgilendiriliyor ve beklenen s\u00fcre de dahil olmak \u00fczere \u00f6nerilen bak\u0131m \u00e7al\u0131\u015fmalar\u0131n\u0131n nedenlerini bir bak\u0131\u015fta g\u00f6rebiliyor. Gerekli \u00f6nlemler, bask\u0131 makinesinin kullan\u0131labilirli\u011fi \u00fczerindeki olas\u0131 etki ve bireysel yedek par\u00e7alar\u0131n de\u011fi\u015ftirilmesinin aciliyeti do\u011frultusunda da \u00f6ncelikli.<\/p>\n<p><strong>Iot tabanl\u0131 hizmet s\u00fcreci<\/strong><\/p>\n<p>Merkezi bir temas noktas\u0131 sa\u011flamak i\u00e7in, Koenig &amp; Bauer bir M\u00fc\u015fteri Toplulu\u011fu (Customer Community) kurdu. Bu portal, kullan\u0131c\u0131lar\u0131n t\u00fcm dijital hizmet tekliflerini bulduklar\u0131 bir yer: yeni biletler olu\u015fturabilir, mevcut biletleri ve performans raporlar\u0131n\u0131 g\u00f6r\u00fcnt\u00fcleyebilir ve di\u011fer bir\u00e7ok veri odakl\u0131 hizmetten yararlanabilirler. Bu \u015fekilde, kullan\u0131c\u0131lar ve \u00fcreticiler her zaman ayn\u0131 verilere eri\u015febilir ve i\u015f birli\u011fi kararlar\u0131n\u0131 ayn\u0131 bilgi durumuna dayand\u0131rabilirler. M\u00fc\u015fteri Toplulu\u011fu ile Koenig &amp; Bauer, t\u00fcm dijital hizmetleri bir \u015femsiye alt\u0131nda bir araya getirdi.<\/p>\n<p>Thomas G\u00f6cke, tahmini bak\u0131m\u0131n ger\u00e7e\u011fe d\u00f6n\u00fc\u015ft\u00fc\u011f\u00fcn\u00fc g\u00f6sterdi. Yapay zek\u00e2 y\u00f6ntemleri, \u00fcretimi ger\u00e7ekten etkilemeden \u00f6nce veya en k\u00f6t\u00fcs\u00fc planlanmam\u0131\u015f duru\u015f s\u00fcreleriyle sonu\u00e7lanmadan \u00f6nce rahats\u0131zl\u0131klar\u0131n \u00f6ng\u00f6r\u00fclmesini sa\u011fl\u0131yor. Bir bask\u0131 makinesinin verileri, yedek bataryan\u0131n beklenen zay\u0131flamas\u0131n\u0131 g\u00f6steriyorsa, \u00f6rne\u011fin, m\u00fcdahale ve de\u011fi\u015ftirme iyi bir zamanda koordine edilebilir. Bu, kullan\u0131c\u0131y\u0131 sinir bozucu bir veri kayb\u0131na kar\u015f\u0131 korur ve saklanan bas\u0131n ayarlar\u0131na tekrar girmek i\u00e7in zaman harcamak gerekmez.<\/p>\n<p>G\u00f6cke, \u201cZorluk, b\u00fcy\u00fck miktarda veri elde etmek ve bu verileri y\u00fcksek performans ve hassasiyetle de\u011ferlendirmektir\u201d diyor ve ekliyor: \u201cBu ama\u00e7la, Empolis Industrial Analytics, normal davran\u0131\u015fa ili\u015fkin verilerin genel veri ak\u0131\u015flar\u0131ndan filtrelenebilece\u011fi \u00f6rne\u011fin yapay cehalet gibi yapay zek\u00e2 madencili\u011fi ve makine \u00f6\u011frenme y\u00f6ntemlerini y\u00f6netiyor.\u201d<\/p>\n<p>Koenig &amp; Bauer \u015fu anda IoT tabanl\u0131 bir hizmet s\u00fcreci geli\u015ftiriyor: bir Rapida bask\u0131 makinesinden elde edilen verilere dayanarak, ortaya \u00e7\u0131kan hatalar ve d\u00fczensizlikler, operat\u00f6r taraf\u0131ndan bir sorun fark edilmeden \u00f6nce nedenini belirlemek i\u00e7in otomatik olarak tespit ediliyor ve analiz ediliyor. Servis y\u00f6neticisi, ilgili bask\u0131 makinesindeki durumun tam bir genel g\u00f6r\u00fcn\u00fcm\u00fcn\u00fc al\u0131yor ve bir uzaktan bak\u0131m oturumu ve muhtemelen bir servis ziyareti i\u00e7in d\u00fczenlemeler yapabiliyor. Tesis b\u00fcnyesindeki teknisyen, planlanan ziyaret \u00e7er\u00e7evesinde ar\u0131zay\u0131 giderebilir ve ani bir \u00fcretim kesintisi riski \u00f6nlenir. Gerekli herhangi bir kesinti \u00f6nceden planlanm\u0131\u015f olabilir. Kullan\u0131c\u0131ya daha g\u00fcvenilir \u00fcretim ve geli\u015ftirilmi\u015f performans sunuyor. ServiceApp sayesinde, teknisyenin bask\u0131 makinesinin tam hizmet ge\u00e7mi\u015fine eri\u015fimi var ve hatta bir mobil cihazdan do\u011frudan ona hizmet raporu g\u00f6nderebilirsiniz.<\/p>\n<p><strong>\u201cKoenig &amp; Bauer 4.0 \u2013 Ambalaj Bask\u0131s\u0131 ve Ba\u011flant\u0131l\u0131 Hizmetler\u201d<\/strong><\/p>\n<p><img loading=\"lazy\" class=\" wp-image-6146 alignleft\" src=\"https:\/\/www.matbaahaber.com\/wp-content\/uploads\/2019\/06\/MH190_KoenigBauer_F6-200x300.jpg\" sizes=\"(max-width: 324px) 100vw, 324px\" srcset=\"https:\/\/www.matbaahaber.com\/wp-content\/uploads\/2019\/06\/MH190_KoenigBauer_F6-200x300.jpg 200w, https:\/\/www.matbaahaber.com\/wp-content\/uploads\/2019\/06\/MH190_KoenigBauer_F6-768x1152.jpg 768w, https:\/\/www.matbaahaber.com\/wp-content\/uploads\/2019\/06\/MH190_KoenigBauer_F6-683x1024.jpg 683w, https:\/\/www.matbaahaber.com\/wp-content\/uploads\/2019\/06\/MH190_KoenigBauer_F6-750x1125.jpg 750w, https:\/\/www.matbaahaber.com\/wp-content\/uploads\/2019\/06\/MH190_KoenigBauer_F6-1140x1710.jpg 1140w\" alt=\"\" width=\"324\" height=\"487\" data-pin-no-hover=\"true\">Koenig &amp; Bauer, 20 \u2013 21 May\u0131s\u2019ta \u201cKoenig &amp; Bauer 4.0 \u2013 Ambalaj Bask\u0131s\u0131 ve Ba\u011flant\u0131l\u0131 Hizmetler\u201d slogan\u0131 alt\u0131nda, ambalaj bask\u0131s\u0131nda dijital d\u00f6n\u00fc\u015f\u00fcm ve veriye dayal\u0131 hizmetlerin potansiyeline \u0131\u015f\u0131k tutan bir open house etkinli\u011fi i\u00e7in d\u00fcnya \u00e7ap\u0131nda bask\u0131 profesyonellerini a\u011f\u0131rlad\u0131.<\/p>\n<p>Koenig &amp; Bauer ge\u00e7en y\u0131l da ayn\u0131 isimle bir etkinlik d\u00fczenlemi\u015fti. Bu y\u0131l ilk defa, MIS\u2019deki i\u015flerin olu\u015fturulmas\u0131ndan bask\u0131 ve \u015fekilli kesime ve kutu katlamaya kadar ambalaj \u00fcretimi i\u00e7in t\u00fcm \u00fcretim zinciri canl\u0131 olarak sunuldu. Koenig &amp; Bauer b\u00f6ylece kendisini bu b\u00fcy\u00fcyen pazar\u0131n t\u00fcm ihtiya\u00e7lar\u0131 i\u00e7in tek noktadan tedarik sa\u011flayan bir i\u015f orta\u011f\u0131 olarak konumland\u0131rd\u0131.<\/p>\n<p>Panel tart\u0131\u015fmas\u0131na kat\u0131lan, Stefan Segger (Koenig &amp; Bauer Digital &amp; Webfed), Dr. Peter Lechner (Koenig &amp; Bauer Flexotecnica), Frang\u0131 Freixes (Koenig &amp; Bauer Iberica), Markus M\u00fcller (Koenig &amp; Bauer Coding) ve P\u0131nar K\u00fc\u00e7\u00fckaras (Koenig &amp; Bauer Duran) ambalaj bask\u0131s\u0131 konusundaki mevcut teknoloji \u00e7\u00f6z\u00fcmleri hakk\u0131nda \u00f6nemli bilgiler verdiler.<\/p>\n<p>Dahili lak \u00fcniteli 6 renk bir Rapida 105 PRO\u2019da kal\u0131p de\u011fi\u015fimi, m\u00fcrekkep besleme ve otomatik pozalaman\u0131n ard\u0131ndan bir AutoRun prosesinde tamamen ba\u011f\u0131ms\u0131z olarak birka\u00e7 i\u015f bas\u0131ld\u0131. Ba\u015fka bir deyi\u015fle her bir i\u015f, i\u015f de\u011fi\u015ftirmeler dahil, otomatik olarak bas\u0131ld\u0131 ve tamamland\u0131, bu esnada operat\u00f6r sadece i\u015f listesinde se\u00e7im yapmakla yetindi.<\/p>\n<p>Koenig &amp; Bauer Sheetfed Bask\u0131 Teknolojisi M\u00fcd\u00fcr\u00fc Dirk Winkler, otonom s\u00fcre\u00e7 taraf\u0131ndan bo\u015falt\u0131lan zaman\u0131, temel kalite kontrol kavram\u0131n\u0131 a\u00e7\u0131klamak ve Rapida LiveApp\u2019leri sunmak i\u00e7in kulland\u0131. T\u00fcm bask\u0131 fonksiyonlar\u0131na tam eri\u015fim sa\u011flayan bir mobil konsol ErgoTronicApp, sayesinde operat\u00f6r, bir mobil cihazda bask\u0131 makinas\u0131yla ilgili i\u015f verilerini, \u00fcretim zamanlar\u0131n\u0131, makina durum mesajlar\u0131n\u0131 ve bak\u0131m hat\u0131rlat\u0131c\u0131lar\u0131n\u0131, \u00f6rne\u011fin yap\u0131lacak i\u015fleri a\u00e7\u0131klayan yard\u0131m metinlerini arayabilir. ProductionApp ile depo oda stoklar\u0131n\u0131 y\u00f6netmek ve sarf malzemesi gruplar\u0131n\u0131 izlemek m\u00fcmk\u00fcn.<\/p>\n<p>Y\u00fcksek hacimli bask\u0131da, 18 bin tabaka \/ saat h\u0131z\u0131nda, AutoRun, DriveTronic SPC, SFC, SRW ve VariDry kurutucu sistemleriyle donat\u0131lm\u0131\u015f yepyeni bir Rapida 145\u2019te \u00fcretim yap\u0131ld\u0131. Otonom bir proseste ve kesintisiz istif de\u011fi\u015fiklikleriyle, maksimum h\u0131zda \u00fc\u00e7 tipik ancak \u00e7ok farkl\u0131 g\u0131da ve g\u0131da d\u0131\u015f\u0131 ambalaj i\u015fi \u00fcretildi ve d\u00fc\u015f\u00fck migrasyon m\u00fcrekkepler kullan\u0131ld\u0131.<\/p>\n<p>Demo yap\u0131lan di\u011fer makinalar aras\u0131nda Esko Equinox i\u015f ak\u0131\u015f\u0131yla Geni\u015fletilmi\u015f Gamut Bask\u0131 yap\u0131lan yedi renk bir Rapida 106; opak beyaz, LED UV m\u00fcrekkepler, UV lak ve ikinci lak kulesinde mikro kabartma efekti uygulamas\u0131, ikinci bir UV tutkalla so\u011fuk yald\u0131z uygulamas\u0131 ve y\u00fcksek parlakl\u0131kta UV lak uygulamas\u0131 g\u00f6sterilen alt\u0131 renk bir Rapida 106 da vard\u0131.<\/p>\n","protected":false},"excerpt":{"rendered":"<p>Almanya, Radebeul\u2019de d\u00fczenlenen ve be\u015f k\u0131tadan 1100\u2019\u00fc a\u015fk\u0131n ticari ve ambalaj matbaac\u0131s\u0131n\u0131n kat\u0131ld\u0131\u011f\u0131 open house etkinli\u011finde Koenig &amp; Bauer dijital d\u00f6n\u00fc\u015f\u00fcm\u00fc ve ba\u011flant\u0131l\u0131 servisleri anlatt\u0131. Yenilik ve yarat\u0131c\u0131l\u0131k uzman\u0131 Gerriet Danz\u2019\u0131n konuk konu\u015fmac\u0131 oldu\u011fu etkinlikte dijital d\u00f6n\u00fc\u015f\u00fcme dayal\u0131 yeni m\u00fc\u015fteri odakl\u0131 teklifler ve makinelerdeki olas\u0131 sorunlar\u0131n ortaya \u00e7\u0131kmadan belirlenmesi \u00fczerinde duruldu. \u0130lk kez, Koenig &amp; [&hellip;]<\/p>\n","protected":false},"author":2,"featured_media":3679,"comment_status":"closed","ping_status":"open","sticky":false,"template":"","format":"standard","meta":[],"categories":[170,72],"tags":[],"_links":{"self":[{"href":"https:\/\/www.ambalajveetiket.com\/index.php\/wp-json\/wp\/v2\/posts\/3321"}],"collection":[{"href":"https:\/\/www.ambalajveetiket.com\/index.php\/wp-json\/wp\/v2\/posts"}],"about":[{"href":"https:\/\/www.ambalajveetiket.com\/index.php\/wp-json\/wp\/v2\/types\/post"}],"author":[{"embeddable":true,"href":"https:\/\/www.ambalajveetiket.com\/index.php\/wp-json\/wp\/v2\/users\/2"}],"replies":[{"embeddable":true,"href":"https:\/\/www.ambalajveetiket.com\/index.php\/wp-json\/wp\/v2\/comments?post=3321"}],"version-history":[{"count":1,"href":"https:\/\/www.ambalajveetiket.com\/index.php\/wp-json\/wp\/v2\/posts\/3321\/revisions"}],"predecessor-version":[{"id":3694,"href":"https:\/\/www.ambalajveetiket.com\/index.php\/wp-json\/wp\/v2\/posts\/3321\/revisions\/3694"}],"wp:featuredmedia":[{"embeddable":true,"href":"https:\/\/www.ambalajveetiket.com\/index.php\/wp-json\/wp\/v2\/media\/3679"}],"wp:attachment":[{"href":"https:\/\/www.ambalajveetiket.com\/index.php\/wp-json\/wp\/v2\/media?parent=3321"}],"wp:term":[{"taxonomy":"category","embeddable":true,"href":"https:\/\/www.ambalajveetiket.com\/index.php\/wp-json\/wp\/v2\/categories?post=3321"},{"taxonomy":"post_tag","embeddable":true,"href":"https:\/\/www.ambalajveetiket.com\/index.php\/wp-json\/wp\/v2\/tags?post=3321"}],"curies":[{"name":"wp","href":"https:\/\/api.w.org\/{rel}","templated":true}]}}