{"id":3341,"date":"2019-07-23T13:27:52","date_gmt":"2019-07-23T10:27:52","guid":{"rendered":"http:\/\/www.ambalajveetiket.com\/?p=3341"},"modified":"2021-03-25T22:56:08","modified_gmt":"2021-03-25T19:56:08","slug":"ambalaj-sektoru-iso-500-listesine-33-firma-ile-girdi","status":"publish","type":"post","link":"https:\/\/www.ambalajveetiket.com\/index.php\/2019\/07\/23\/ambalaj-sektoru-iso-500-listesine-33-firma-ile-girdi\/","title":{"rendered":"Ambalaj sekt\u00f6r\u00fc \u0130SO 500 listesine 33 firma ile girdi"},"content":{"rendered":"<p>Ge\u00e7ti\u011fimiz y\u0131l\u0131 23 milyar dolar pazar b\u00fcy\u00fckl\u00fc\u011f\u00fc ve 4,6 milyar dolarl\u0131k ihracat geliri ile tamamlayan ambalaj sekt\u00f6r\u00fcndeki b\u00fcy\u00fcme \u0130SO Birinci 500 B\u00fcy\u00fck Sanayi Kurulu\u015fu listesine de yans\u0131d\u0131. Bir \u00f6nceki y\u0131l listede 29 sekt\u00f6r firmas\u0131 yer al\u0131rken, ge\u00e7ti\u011fimiz sene bu rakam 20\u2019si ASD \u00fcyesi olmak \u00fczere toplam 33 firmaya y\u00fckseldi.<\/p>\n<p><strong>\u00dcretimden sat\u0131\u015flar % 59 artt\u0131<\/strong><\/p>\n<p>Sekt\u00f6r\u00fcn \u0130SO 500 listesindeki ba\u015far\u0131s\u0131n\u0131 de\u011ferlendiren Ambalaj Sanayicileri Derne\u011fi (ASD) Y\u00f6netim Kurulu Ba\u015fkan\u0131 Zeki Sar\u0131bekir, sadece b\u00fcy\u00fcme ve ihracat olarak de\u011fil ayn\u0131 zamanda d\u0131\u015f ticaret fazlas\u0131 olarak bak\u0131ld\u0131\u011f\u0131nda da son derece olumlu bir y\u0131l\u0131 geride b\u0131rakt\u0131klar\u0131n\u0131 belirterek, \u015f\u00f6yle devam ediyor:<\/p>\n<div class=\"jeg_ad jeg_ad_article jnews_content_inline_3_ads  \"><\/div>\n<p>\u201cAmbalaj sekt\u00f6r\u00fcn\u00fcn y\u0131ll\u0131k de\u011fi\u015fimine bak\u0131ld\u0131\u011f\u0131nda, \u0130SO ilk 500\u2019de yer alan 33 firman\u0131n ger\u00e7ekle\u015ftirdi\u011fi \u00fcretimden sat\u0131\u015flar\u0131n \u00f6nceki seneye g\u00f6re yakla\u015f\u0131k y\u00fczde 59, d\u00f6nem karlar\u0131n\u0131n yakla\u015f\u0131k y\u00fczde 142, ihracatlar\u0131n\u0131n y\u00fczde 45,42 ve \u00e7al\u0131\u015fan say\u0131lar\u0131n\u0131n da y\u00fczde 25,44 oran\u0131nda artt\u0131\u011f\u0131 g\u00f6r\u00fcl\u00fcyor.<\/p>\n<p>Ambalaj sekt\u00f6r\u00fc olarak \u0130SO 500 i\u00e7erisindeki b\u00fcy\u00fckl\u00fc\u011f\u00fcm\u00fcz\u00fc de art\u0131r\u0131yoruz. Firmalar\u0131m\u0131z\u0131n \u00fcretimden sat\u0131\u015flar\u0131 \u0130SO 500\u2019\u00fcn y\u00fczde 3,4\u2019\u00fcn\u00fc, d\u00f6nem karlar\u0131n\u0131n y\u00fczde 2\u2019sini, ihracatlar\u0131n\u0131n y\u00fczde 1,5\u2019ini ve \u00e7al\u0131\u015fan say\u0131lar\u0131n\u0131n da y\u00fczde 2,3\u2019\u00fcn\u00fc olu\u015fturuyor.\u201d<\/p>\n<p>Ambalaj sekt\u00f6r\u00fcnde ana odaklar\u0131n\u0131 ihracat olarak belirlediklerini anlatan Zeki Sar\u0131bekir, ekliyor: \u201cHer ge\u00e7en g\u00fcn daha \u00e7ok ihracat yapmay\u0131 hedeflemeliyiz. T\u00fcrkiye\u2019de \u00fcretti\u011fimiz ambalajlar\u0131n en az yar\u0131s\u0131n\u0131 ihra\u00e7 edebilmek amac\u0131yla \u00e7al\u0131\u015fmal\u0131y\u0131z. T\u00fcrkiye Cumhuriyeti\u2019nin 100\u2019\u00fcnc\u00fc y\u0131l\u0131n\u0131 kutlayaca\u011f\u0131m\u0131z 2023\u2019te 30 milyar dolarl\u0131k pazar b\u00fcy\u00fckl\u00fc\u011f\u00fc ve 10 milyar dolarl\u0131k ihracat hedefimize ula\u015faca\u011f\u0131z.\u201d<\/p>\n<p><strong>Esnek ambalaj firmalar\u0131 b\u00fcy\u00fcd\u00fc<\/strong><\/p>\n<p>Matbaa Haber\u2019in \u0130SO 500 listelerinde yapt\u0131\u011f\u0131 incelemeye g\u00f6re, esnek ambalaj firmalar\u0131 b\u00fcy\u00fcrken, oluklu sekt\u00f6r\u00fcndeki baz\u0131 firmalar\u0131n y\u00fckseli\u015fi belirgin \u015fekilde \u00f6ne \u00e7\u0131k\u0131yor. Bu sekt\u00f6rde hem k\u00e2\u011f\u0131t \u00fcreticileri hem de oluklu ambalaj \u00fcreticileri aras\u0131nda son d\u00f6rt y\u0131lda 496 s\u0131ra y\u00fckselerek bu y\u0131l ilk 500\u2019e giren bir firma, Ankutsan \u00f6zellikle dikkat \u00e7ekici. Son d\u00f6rt y\u0131lda ilk 500\u2019den \u00e7\u0131kan firmalar da olmas\u0131na kar\u015f\u0131n, ambalaj sekt\u00f6r\u00fc genelde ilk 500\u2019de en h\u0131zl\u0131 y\u00fckselen sekt\u00f6rler aras\u0131nda.<\/p>\n","protected":false},"excerpt":{"rendered":"<p>Ge\u00e7ti\u011fimiz y\u0131l\u0131 23 milyar dolar pazar b\u00fcy\u00fckl\u00fc\u011f\u00fc ve 4,6 milyar dolarl\u0131k ihracat geliri ile tamamlayan ambalaj sekt\u00f6r\u00fcndeki b\u00fcy\u00fcme \u0130SO Birinci 500 B\u00fcy\u00fck Sanayi Kurulu\u015fu listesine de yans\u0131d\u0131. Bir \u00f6nceki y\u0131l listede 29 sekt\u00f6r firmas\u0131 yer al\u0131rken, ge\u00e7ti\u011fimiz sene bu rakam 20\u2019si ASD \u00fcyesi olmak \u00fczere toplam 33 firmaya y\u00fckseldi. \u00dcretimden sat\u0131\u015flar % 59 artt\u0131 Sekt\u00f6r\u00fcn [&hellip;]<\/p>\n","protected":false},"author":2,"featured_media":3657,"comment_status":"closed","ping_status":"open","sticky":false,"template":"","format":"standard","meta":[],"categories":[1],"tags":[],"_links":{"self":[{"href":"https:\/\/www.ambalajveetiket.com\/index.php\/wp-json\/wp\/v2\/posts\/3341"}],"collection":[{"href":"https:\/\/www.ambalajveetiket.com\/index.php\/wp-json\/wp\/v2\/posts"}],"about":[{"href":"https:\/\/www.ambalajveetiket.com\/index.php\/wp-json\/wp\/v2\/types\/post"}],"author":[{"embeddable":true,"href":"https:\/\/www.ambalajveetiket.com\/index.php\/wp-json\/wp\/v2\/users\/2"}],"replies":[{"embeddable":true,"href":"https:\/\/www.ambalajveetiket.com\/index.php\/wp-json\/wp\/v2\/comments?post=3341"}],"version-history":[{"count":1,"href":"https:\/\/www.ambalajveetiket.com\/index.php\/wp-json\/wp\/v2\/posts\/3341\/revisions"}],"predecessor-version":[{"id":3659,"href":"https:\/\/www.ambalajveetiket.com\/index.php\/wp-json\/wp\/v2\/posts\/3341\/revisions\/3659"}],"wp:featuredmedia":[{"embeddable":true,"href":"https:\/\/www.ambalajveetiket.com\/index.php\/wp-json\/wp\/v2\/media\/3657"}],"wp:attachment":[{"href":"https:\/\/www.ambalajveetiket.com\/index.php\/wp-json\/wp\/v2\/media?parent=3341"}],"wp:term":[{"taxonomy":"category","embeddable":true,"href":"https:\/\/www.ambalajveetiket.com\/index.php\/wp-json\/wp\/v2\/categories?post=3341"},{"taxonomy":"post_tag","embeddable":true,"href":"https:\/\/www.ambalajveetiket.com\/index.php\/wp-json\/wp\/v2\/tags?post=3341"}],"curies":[{"name":"wp","href":"https:\/\/api.w.org\/{rel}","templated":true}]}}