{"id":3359,"date":"2019-07-23T13:24:00","date_gmt":"2019-07-23T10:24:00","guid":{"rendered":"http:\/\/www.ambalajveetiket.com\/?p=3359"},"modified":"2021-03-25T23:04:27","modified_gmt":"2021-03-25T20:04:27","slug":"__trashed","status":"publish","type":"post","link":"https:\/\/www.ambalajveetiket.com\/index.php\/2019\/07\/23\/__trashed\/","title":{"rendered":"Ambalaj\u0131n geri d\u00f6n\u00fc\u015f\u00fcm\u00fc \u00e7evre kirlili\u011fini \u00f6nl\u00fcyor"},"content":{"rendered":"<p>Ambalaj sekt\u00f6r\u00fcn\u00fcn \u00e7at\u0131 kurulu\u015fu Ambalaj Sanayicileri Derne\u011fi (ASD), \u00e7evre sorunlar\u0131na kar\u015f\u0131 kamuoyunun dikkatini \u00e7ekmek, halk\u0131 bilin\u00e7lendirmek i\u00e7in d\u00fcnya genelinde \u00e7e\u015fitli etkinliklerle kutlanan 5 Haziran D\u00fcnya \u00c7evre G\u00fcn\u00fc ve \u00c7evre Haftas\u0131 nedeniyle ambalaj kullan\u0131m\u0131n \u00f6nemine dikkat \u00e7ekti. ASD Y\u00f6netim Kurulu Ba\u015fkan\u0131 Zeki Sar\u0131bekir, ambalaj \u00fcr\u00fcnlerin hijyenik kalmas\u0131n\u0131 sa\u011flad\u0131\u011f\u0131n\u0131, ambalaj olmadan \u00fcr\u00fcnlerin sat\u0131lamayaca\u011f\u0131n\u0131 ve sevk edilemeyece\u011fini belirtiyor. Hi\u00e7bir ambalaj\u0131n \u00e7\u00f6p olmad\u0131\u011f\u0131n\u0131 vurgulayan Zeki Sar\u0131bekir, \u015funlar\u0131 s\u00f6yl\u00fcyor: \u201cAmbalajlar\u0131n yaratt\u0131\u011f\u0131 katma de\u011ferle sekt\u00f6r\u00fcm\u00fcz \u00fclkemizin cari a\u00e7\u0131\u011f\u0131na pozitif katk\u0131da bulunan ender sekt\u00f6rler aras\u0131nda yer al\u0131yor. Ambalajlar \u00e7\u00f6p de\u011fildir ve ambalaj\u0131n geri d\u00f6n\u00fc\u015f\u00fcm\u00fc \u00e7evreye y\u00fck de\u011fildir. Tam tersine, ambalajlar ekonomi yaratan malzemelerdir. Ambalaj at\u0131\u011f\u0131n\u0131n geri d\u00f6n\u00fc\u015f\u00fcm\u00fcyle de \u00fclkemiz ekonomisine ve \u00e7evreye katk\u0131da bulunuyoruz.\u201d<\/p>\n<p><img loading=\"lazy\" class=\" wp-image-6373 alignleft\" src=\"https:\/\/www.matbaahaber.com\/wp-content\/uploads\/2019\/07\/Zeki_Sar%C4%B1bekir-300x282.jpg\" sizes=\"(max-width: 324px) 100vw, 324px\" srcset=\"https:\/\/www.matbaahaber.com\/wp-content\/uploads\/2019\/07\/Zeki_Sar\u0131bekir-300x282.jpg 300w, https:\/\/www.matbaahaber.com\/wp-content\/uploads\/2019\/07\/Zeki_Sar\u0131bekir-768x723.jpg 768w, https:\/\/www.matbaahaber.com\/wp-content\/uploads\/2019\/07\/Zeki_Sar\u0131bekir-1024x964.jpg 1024w, https:\/\/www.matbaahaber.com\/wp-content\/uploads\/2019\/07\/Zeki_Sar\u0131bekir-750x706.jpg 750w, https:\/\/www.matbaahaber.com\/wp-content\/uploads\/2019\/07\/Zeki_Sar\u0131bekir-1140x1073.jpg 1140w\" alt=\"\" width=\"324\" height=\"305\" data-pin-no-hover=\"true\">Ambalajl\u0131 g\u0131dalar\u0131n insan \u00f6mr\u00fc ortalamas\u0131n\u0131 uzatt\u0131\u011f\u0131n\u0131n da alt\u0131n\u0131 \u00e7izen Zeki Sar\u0131bekir, bu konuda d\u00fc\u015f\u00fcncelerini \u015f\u00f6yle a\u00e7\u0131kl\u0131yor: \u201cG\u0131da ambalaj\u0131 \u00fcretiminde hijyen esast\u0131r. Do\u011fru ambalajl\u0131 g\u0131da ve i\u00e7ecekler t\u00fcketiciye \u2018el de\u011fmeden\u2019 hijyenik ortamda haz\u0131rlan\u0131p ula\u015f\u0131r. ASD olarak g\u0131da ve i\u00e7eceklerin ambalaja girmesiyle insan \u00f6mr\u00fc ortalamas\u0131n\u0131n uzam\u0131\u015f oldu\u011funa inan\u0131yoruz. Her zaman s\u00f6yledi\u011fimiz gibi sat\u0131n ald\u0131\u011f\u0131n\u0131z \u00fcr\u00fcn\u00fcn ambalaj\u0131, onun g\u00fcvencesidir ve her \u00fcr\u00fcn ambalaja girmeli. Sat\u0131n ald\u0131\u011f\u0131m\u0131z \u00fcr\u00fcnlerin i\u00e7eri\u011fine, miktar\u0131na, son kullanma tarihine, \u00fcreticisinin ad\u0131na ve adresine ambalaj\u0131n \u00fczerindeki bilgilerden ula\u015f\u0131lmaktad\u0131r.\u201d<\/p>\n<p><strong>Ambalajda en \u00f6nemli nokta s\u00fcrd\u00fcr\u00fclebilirlik ve \u00e7evre<\/strong><\/p>\n<p>Ambalaj \u00fcretiminde iki \u00f6nemli noktan\u0131n b\u00fcy\u00fck \u00f6nem ta\u015f\u0131d\u0131\u011f\u0131n\u0131 dile getiren Zeki Sar\u0131bekir, bunlar\u0131 \u2018s\u00fcrd\u00fcr\u00fclebilirlik\u2019 ve \u2018\u00e7evre\u2019 olarak s\u0131ral\u0131yor. Sar\u0131bekir\u2019e g\u00f6re bug\u00fcn m\u00fcmk\u00fcn olan minimum malzeme kullan\u0131larak, ambalaj \u00fcretimi i\u00e7in \u00e7ok detayl\u0131 \u00e7al\u0131\u015fmalar yap\u0131l\u0131yor. \u00c7evreyi ambalaj de\u011fil, insanlar kirletiyor. Ambalaj\u0131 do\u011faya b\u0131rakmak veya \u00e7\u00f6pe atmak sadece d\u00fcnyam\u0131z\u0131n gelece\u011fine de\u011fil \u00fclkemize, ekonomimize de zarar veriyor. B\u00fct\u00fcn ambalajlar geri d\u00f6n\u00fc\u015ft\u00fcr\u00fclebilir, geri kazan\u0131labilir. Bug\u00fcn 1 al\u00fcminyum i\u00e7ecek kutusunu geri d\u00f6n\u00fc\u015ft\u00fcrd\u00fc\u011f\u00fcm\u00fczde bir televizyonu \u00fc\u00e7 saat \u00e7al\u0131\u015ft\u0131racak enerjiyi kazanm\u0131\u015f oluyoruz. Ya da 1 ton ka\u011f\u0131d\u0131 geri d\u00f6n\u00fc\u015ft\u00fcrerek 17 a\u011fac\u0131 kesilmekten koruyoruz. Bir ton plasti\u011fin geri d\u00f6n\u00fc\u015f\u00fcm\u00fc ile saatte 5774 kw elektrik enerjisi tasarruf edilmi\u015f olunuyor. Yeni cam ambalaj \u00fcretiminde geri d\u00f6n\u00fc\u015ft\u00fcr\u00fclm\u00fc\u015f cam kullanarak b\u00fcy\u00fck \u00f6l\u00e7\u00fcde enerji tasarrufu sa\u011flanabilir. T\u00fcrkiye\u2019de at\u0131k y\u00f6netimi ve geri d\u00f6n\u00fc\u015f\u00fcm sekt\u00f6r\u00fc 5 milyar avroluk bir pazar haline gelmi\u015f durumda. Ancak geri d\u00f6n\u00fc\u015f\u00fcmde h\u00e2l\u00e2 y\u00fczde 50\u2019ler seviyesindeyiz. Yani gidilecek bir hayli yolumuz var.<\/p>\n<p><strong>\u00c7ocuklara ambalaj ve \u00e7evre e\u011fitimi<\/strong><\/p>\n<p>ASD olarak ambalaj ve \u00e7evre konusunda \u00e7al\u0131\u015fmalarda bulunduklar\u0131n\u0131 aktaran Zeki Sar\u0131bekir, \u201cModern \u00fclkelerde oldu\u011fu gibi T\u00fcrkiye\u2019de de geri d\u00f6n\u00fc\u015f\u00fcm\u00fcn ileri seviyelere \u00e7\u0131kar\u0131lmas\u0131 amac\u0131yla, t\u00fcketicileri bilgilendirmek ve onlar\u0131n geri d\u00f6n\u00fc\u015f\u00fcme katk\u0131da bulunmalar\u0131n\u0131 sa\u011flamak i\u00e7in \u00e7e\u015fitli \u00e7al\u0131\u015fmalar y\u00fcr\u00fct\u00fcyoruz\u201d diyor ve ekliyor. \u201cAyr\u0131ca, gelece\u011fimizin g\u00fcvencesi \u00e7ocuklara y\u00f6nelik haz\u0131rlad\u0131\u011f\u0131m\u0131z \u2018Ambalaj ve \u00c7evre Hakk\u0131nda Bilmemiz Gerekenler\u2019 adl\u0131 kitap\u00e7\u0131klar\u0131 da okullarda \u00fccretsiz olarak \u00e7ocuklar\u0131m\u0131za veriyoruz. Bug\u00fcne kadar toplam 170.000 adetlik bir bask\u0131 yapt\u0131k ve \u00fclke genelinde da\u011f\u0131t\u0131m\u0131na devam ettik.\u201d<\/p>\n","protected":false},"excerpt":{"rendered":"<p>Ambalaj sekt\u00f6r\u00fcn\u00fcn \u00e7at\u0131 kurulu\u015fu Ambalaj Sanayicileri Derne\u011fi (ASD), \u00e7evre sorunlar\u0131na kar\u015f\u0131 kamuoyunun dikkatini \u00e7ekmek, halk\u0131 bilin\u00e7lendirmek i\u00e7in d\u00fcnya genelinde \u00e7e\u015fitli etkinliklerle kutlanan 5 Haziran D\u00fcnya \u00c7evre G\u00fcn\u00fc ve \u00c7evre Haftas\u0131 nedeniyle ambalaj kullan\u0131m\u0131n \u00f6nemine dikkat \u00e7ekti. ASD Y\u00f6netim Kurulu Ba\u015fkan\u0131 Zeki Sar\u0131bekir, ambalaj \u00fcr\u00fcnlerin hijyenik kalmas\u0131n\u0131 sa\u011flad\u0131\u011f\u0131n\u0131, ambalaj olmadan \u00fcr\u00fcnlerin sat\u0131lamayaca\u011f\u0131n\u0131 ve sevk edilemeyece\u011fini belirtiyor. [&hellip;]<\/p>\n","protected":false},"author":2,"featured_media":0,"comment_status":"closed","ping_status":"open","sticky":false,"template":"","format":"standard","meta":[],"categories":[1],"tags":[],"_links":{"self":[{"href":"https:\/\/www.ambalajveetiket.com\/index.php\/wp-json\/wp\/v2\/posts\/3359"}],"collection":[{"href":"https:\/\/www.ambalajveetiket.com\/index.php\/wp-json\/wp\/v2\/posts"}],"about":[{"href":"https:\/\/www.ambalajveetiket.com\/index.php\/wp-json\/wp\/v2\/types\/post"}],"author":[{"embeddable":true,"href":"https:\/\/www.ambalajveetiket.com\/index.php\/wp-json\/wp\/v2\/users\/2"}],"replies":[{"embeddable":true,"href":"https:\/\/www.ambalajveetiket.com\/index.php\/wp-json\/wp\/v2\/comments?post=3359"}],"version-history":[{"count":1,"href":"https:\/\/www.ambalajveetiket.com\/index.php\/wp-json\/wp\/v2\/posts\/3359\/revisions"}],"predecessor-version":[{"id":4033,"href":"https:\/\/www.ambalajveetiket.com\/index.php\/wp-json\/wp\/v2\/posts\/3359\/revisions\/4033"}],"wp:attachment":[{"href":"https:\/\/www.ambalajveetiket.com\/index.php\/wp-json\/wp\/v2\/media?parent=3359"}],"wp:term":[{"taxonomy":"category","embeddable":true,"href":"https:\/\/www.ambalajveetiket.com\/index.php\/wp-json\/wp\/v2\/categories?post=3359"},{"taxonomy":"post_tag","embeddable":true,"href":"https:\/\/www.ambalajveetiket.com\/index.php\/wp-json\/wp\/v2\/tags?post=3359"}],"curies":[{"name":"wp","href":"https:\/\/api.w.org\/{rel}","templated":true}]}}