{"id":4007,"date":"2021-01-03T22:20:00","date_gmt":"2021-01-03T19:20:00","guid":{"rendered":"http:\/\/www.tamerardic.com\/?p=4007"},"modified":"2021-03-25T22:55:31","modified_gmt":"2021-03-25T19:55:31","slug":"mayr-melnhof-karton-kotkamillsi-satin-aliyor","status":"publish","type":"post","link":"https:\/\/www.ambalajveetiket.com\/index.php\/2021\/01\/03\/mayr-melnhof-karton-kotkamillsi-satin-aliyor\/","title":{"rendered":"Mayr-Melnhof Karton, Kotkamills\u2019i sat\u0131n al\u0131yor"},"content":{"rendered":"<h5>Mayr-Melnhof Group, Kotkamills Group Oyj\u2019nin t\u00fcm sermayesini hissedarlar\u0131ndan sat\u0131n almak i\u00e7in bir anla\u015fma imzalad\u0131. \u0130\u015flem, al\u0131\u015f\u0131lm\u0131\u015f tamamlanma ko\u015fullar\u0131na ve d\u00fczenleyici onaya tabi olacak. S\u00fcrecin 2021 ortas\u0131na kadar kapanmas\u0131 bekleniyor. \u00d6nerilen sat\u0131n alma, Mayr-Melnhof\u2019un saf elyaf bazl\u0131 ambalaj kartonundaki konumunu g\u00fc\u00e7lendirecek.<\/h5>\n<p>Entegre Kotka fabrikas\u0131, 2016 y\u0131l\u0131nda 400 kt\/a kapasiteli ku\u015fe bristol karton (Folding Box Board &#8211; FBB) ve yemek servis kartonlar\u0131 (Food Service Boardi &#8211; FSB) \u00fcretimi ile ba\u015flayan bir karton makinesi ve 170 kt kapasiteli bir Doymu\u015f Baz (Saturating) Kraft K\u00e2\u011f\u0131t makinesini i\u015fletiyor. Fabrika entegrasyonu, bir kereste tesisi ve bir enerji tesisi ile tamamland\u0131.<\/p>\n<p>Kotkamills\u2019in sat\u0131n al\u0131nmas\u0131yla Mayr-Melnhof, g\u00fc\u00e7l\u00fc geri d\u00f6n\u00fc\u015ft\u00fcr\u00fclm\u00fc\u015f elyaf bazl\u0131 karton i\u015fini tamamlayarak \u00e7ekici saf elyaf bazl\u0131 bristol karton pazar\u0131ndaki konumunu b\u00fcy\u00fctecek. Bu i\u015flemle ayr\u0131ca Mayr-Melnhof\u2019un Ku\u015fe Geri D\u00f6n\u00fc\u015ft\u00fcr\u00fclm\u00fc\u015f Karton (Coated Recycled Board &#8211; CRB) ve Ku\u015fe (Coated) Liner k\u00e2\u011f\u0131d\u0131na ek olarak plastik ve plastik kapl\u0131 levhan\u0131n yerini alabilecek g\u00fc\u00e7l\u00fc bir bariyer kapl\u0131 FSB \u00e7\u00f6z\u00fcmleri sunacak. Ayr\u0131ca Doymu\u015f Baz Kraft K\u00e2\u011f\u0131t\u2019\u0131n eklenmesi, yeni bir \u00fcr\u00fcn ekleyerek i\u015fi \u00e7e\u015fitlendirecek.<\/p>\n<p>Mayr-Melnhof Group CEO\u2019su Peter Oswald, \u015fu a\u00e7\u0131klamay\u0131 yap\u0131yor: \u201cKotkamills\u2019in sat\u0131n al\u0131nmas\u0131, mevcut bristol karton i\u015fimiz i\u00e7in ideal bir tamamlay\u0131c\u0131. MM\u2019nin i\u015f modelini, \u00f6zel bir bristol karton ve kutu kartonu \u00fcreticisi olarak, iyi bir b\u00fcy\u00fcme potansiyeline sahip i\u015flenmemi\u015f elyaf bazl\u0131 kartonda g\u00fc\u00e7lendirilmi\u015f bir konumla destekler. Kotkamills, plastik ikamesi i\u00e7in yenilik\u00e7i \u00e7\u00f6z\u00fcmler sunan MM\u2019nin s\u00fcrd\u00fcr\u00fclebilirlik stratejisine \u00f6nemli katk\u0131lar sa\u011fl\u0131yor. Se\u00e7kin Kotkamills ekibine birlikte gelecek vaat eden bir gelece\u011fi \u015fekillendirme konusunda b\u00fcy\u00fck g\u00fcven duyuyoruz.\u201d<\/p>\n<p>Kotkamills CEO\u2019su Markku H\u00e4m\u00e4l\u00e4inen \u015fu yorumda bulunuyor: \u201cKotkamills\u2019in bak\u0131\u015f a\u00e7\u0131s\u0131ndan bu sat\u0131n alma m\u00fckemmel bir e\u015fle\u015fme. Mayr-Melnhof Karton, Kotkamills\u2019e, plastik ve polietilen kapl\u0131 levhan\u0131n yerini alabilecek bariyer kapl\u0131 FSB \u00e7\u00f6z\u00fcmleriyle bristol karton pazar\u0131nda g\u00fc\u00e7l\u00fc bir yer sa\u011flayacak.\u201d<\/p>\n<p>Kotkamills Y\u00f6netim Kurulu Ba\u015fkan\u0131 Hannu Puhakka ekliyor: \u201cKotkamills ile be\u015f y\u0131ld\u0131r \u00e7al\u0131\u015fmaktan \u00e7ok memnun kald\u0131k. Mayr-Melnhof Group taraf\u0131ndan sat\u0131n alman\u0131n Kotkamills ile i\u015f birli\u011fimiz i\u00e7in en uygun son nokta oldu\u011funu g\u00f6r\u00fcyoruz. \u00d6zellikle Kotkamills y\u00f6netimine ve t\u00fcm personeline, ba\u015far\u0131y\u0131 m\u00fcmk\u00fcn olan en iyi hale getiren profesyonel ve kararl\u0131 \u00e7al\u0131\u015fmalar\u0131 i\u00e7in te\u015fekk\u00fcr ederim.\u201d<\/p>\n","protected":false},"excerpt":{"rendered":"<p>Mayr-Melnhof Group, Kotkamills Group Oyj\u2019nin t\u00fcm sermayesini hissedarlar\u0131ndan sat\u0131n almak i\u00e7in bir anla\u015fma imzalad\u0131. \u0130\u015flem, al\u0131\u015f\u0131lm\u0131\u015f tamamlanma ko\u015fullar\u0131na ve d\u00fczenleyici onaya tabi olacak. S\u00fcrecin 2021 ortas\u0131na kadar kapanmas\u0131 bekleniyor. \u00d6nerilen sat\u0131n alma, Mayr-Melnhof\u2019un saf elyaf bazl\u0131 ambalaj kartonundaki konumunu g\u00fc\u00e7lendirecek. Entegre Kotka fabrikas\u0131, 2016 y\u0131l\u0131nda 400 kt\/a kapasiteli ku\u015fe bristol karton (Folding Box Board &#8211; [&hellip;]<\/p>\n","protected":false},"author":2,"featured_media":0,"comment_status":"closed","ping_status":"open","sticky":false,"template":"","format":"standard","meta":[],"categories":[169,1],"tags":[210,66],"_links":{"self":[{"href":"https:\/\/www.ambalajveetiket.com\/index.php\/wp-json\/wp\/v2\/posts\/4007"}],"collection":[{"href":"https:\/\/www.ambalajveetiket.com\/index.php\/wp-json\/wp\/v2\/posts"}],"about":[{"href":"https:\/\/www.ambalajveetiket.com\/index.php\/wp-json\/wp\/v2\/types\/post"}],"author":[{"embeddable":true,"href":"https:\/\/www.ambalajveetiket.com\/index.php\/wp-json\/wp\/v2\/users\/2"}],"replies":[{"embeddable":true,"href":"https:\/\/www.ambalajveetiket.com\/index.php\/wp-json\/wp\/v2\/comments?post=4007"}],"version-history":[{"count":2,"href":"https:\/\/www.ambalajveetiket.com\/index.php\/wp-json\/wp\/v2\/posts\/4007\/revisions"}],"predecessor-version":[{"id":4031,"href":"https:\/\/www.ambalajveetiket.com\/index.php\/wp-json\/wp\/v2\/posts\/4007\/revisions\/4031"}],"wp:attachment":[{"href":"https:\/\/www.ambalajveetiket.com\/index.php\/wp-json\/wp\/v2\/media?parent=4007"}],"wp:term":[{"taxonomy":"category","embeddable":true,"href":"https:\/\/www.ambalajveetiket.com\/index.php\/wp-json\/wp\/v2\/categories?post=4007"},{"taxonomy":"post_tag","embeddable":true,"href":"https:\/\/www.ambalajveetiket.com\/index.php\/wp-json\/wp\/v2\/tags?post=4007"}],"curies":[{"name":"wp","href":"https:\/\/api.w.org\/{rel}","templated":true}]}}