{"id":4685,"date":"2021-04-13T14:42:00","date_gmt":"2021-04-13T11:42:00","guid":{"rendered":"http:\/\/www.ambalajveetiket.com\/?p=4685"},"modified":"2021-04-15T15:24:04","modified_gmt":"2021-04-15T12:24:04","slug":"karton-ambalajda-mukemmelligin-25-yili","status":"publish","type":"post","link":"https:\/\/www.ambalajveetiket.com\/index.php\/2021\/04\/13\/karton-ambalajda-mukemmelligin-25-yili\/","title":{"rendered":"Karton ambalajda m\u00fckemmelli\u011fin 25. y\u0131l\u0131"},"content":{"rendered":"<h5>European Carton Excellence Awards 25. y\u0131l d\u00f6n\u00fcm\u00fcn\u00fc kutluyor ve 2021 ba\u015fvurular\u0131n\u0131 kabul ediyor.<\/h5>\n<p>2021, karton ambalaj end\u00fcstrisindeki 25 y\u0131ll\u0131k inovasyonu kutlayan Avrupa Karton M\u00fckemmellik \u00d6d\u00fclleri (European Carton Excellence Awards) i\u00e7in \u00f6nemli bir kilometre ta\u015f\u0131. Pro Carton ve Avrupa Karton Ambalaj \u00dcreticileri Birli\u011fi (ECMA) ev sahipli\u011finde d\u00fczenlenen Avrupa&#8217;n\u0131n en prestijli y\u0131ll\u0131k karton \u00f6d\u00fcl program\u0131na \u00f6d\u00fcller i\u00e7in ba\u015fvurular ba\u015flad\u0131. Bu y\u0131lki \u00f6d\u00fcllerin, \u015fimdiye kadarki en etkileyici \u00f6d\u00fcller olmas\u0131 bekleniyor.<\/p>\n<p>Ge\u00e7ti\u011fimiz \u00e7eyrek y\u00fczy\u0131l boyunca \u00f6d\u00fcller, tedarik zincirindeki her seviyeden i\u015f ortaklar\u0131n\u0131 en iyi karton ambalaj tasar\u0131mlar\u0131n\u0131 sergilemeleri i\u00e7in yar\u0131\u015fmaya davet etti. 2020&#8217;de, k\u00fcresel COVID-19 salg\u0131n\u0131n\u0131n getirdi\u011fi bozulma, sekt\u00f6r\u00fcn yarat\u0131c\u0131l\u0131\u011f\u0131n\u0131 durdurmad\u0131. Y\u0131l\u0131n Karton Ambalaj\u0131 (Carton of the Year) unvan\u0131, l\u00fcks kabartma ve Japon \u00e7i\u00e7ek bask\u0131s\u0131 ile \u00fcr\u00fcn\u00fcn hikayesini m\u00fckemmel bir \u015fekilde aktaran g\u00fczel Roku Gin \u00e7al\u0131\u015fmas\u0131 i\u00e7in Van Genechten Packaging ve Stora Enso&#8217;ya gitti.<\/p>\n<p>Gezegeni Koru (Save the Planet) \u00f6d\u00fcl\u00fc, McDonald&#8217;s taraf\u0131ndan benimsendi\u011fi gibi Seda&#8217;n\u0131n Eco Fit kapa\u011f\u0131na giderken, \u0130novasyon \u00d6d\u00fcl\u00fc&#8217;n\u00fc sadece paketi y\u00fckselten yerle\u015fik ayaklara de\u011fil, esnek bir taban olu\u015fturan patentli a\u00e7\u0131l\u0131 kal\u0131pl\u0131 kesim profiline sahip olan Snel&#8217;in Re-Fruiter Tray\u2019i kazand\u0131. Halk\u0131n Se\u00e7imi \u00f6d\u00fcl\u00fc, Coca-Cola&#8217;dan Budweiser&#8217;a kadar \u00e7e\u015fitli markalar taraf\u0131ndan kullan\u0131lan Graphic Packaging&#8217;in KeelClip\u2122&#8217;ine gitti.<\/p>\n<p>Kupalar, inovasyon ve s\u00fcrd\u00fcr\u00fclebilirlik i\u00e7in \u00f6zel \u00f6d\u00fcllerle hem geri d\u00f6n\u00fc\u015ft\u00fcr\u00fclm\u00fc\u015f hem de saf elyaf karton ambalajda en iyi adaylar i\u00e7in veriliyor.&nbsp; Son ba\u015fvuru tarihi 28 May\u0131s.<\/p>\n<h4>Pro Carton Genel M\u00fcd\u00fcr\u00fc Tony Hitchin \u015funlar\u0131 s\u00f6yl\u00fcyor:<\/h4>\n<p>\u201cAvrupa Karton M\u00fckemmellik \u00d6d\u00fclleri inan\u0131lmaz bir kilometre ta\u015f\u0131na ula\u015ft\u0131 ve kartonun \u00e7ok y\u00f6nl\u00fcl\u00fc\u011f\u00fcn\u00fc ve s\u00fcrd\u00fcr\u00fclebilirlik kimlik bilgilerini g\u00f6steren ger\u00e7ekten \u00e7ok \u00e7e\u015fitli tasar\u0131mlar\u0131 kutlamaktan gurur duyuyoruz. Yar\u0131\u015fma 1997&#8217;deki kurulu\u015fundan bu yana gittik\u00e7e g\u00fc\u00e7lendi ve her zaman oldu\u011fu gibi, gelecek y\u0131lki ba\u015fvurular\u0131n ne getirece\u011fini g\u00f6rmek i\u00e7in sab\u0131rs\u0131zlan\u0131yoruz!<\/p>\n<p>25 y\u0131l sonra, karton gibi s\u00fcrd\u00fcr\u00fclebilir malzemelere olan ihtiya\u00e7 her zamankinden daha net. Yenilenebilir, geri d\u00f6n\u00fc\u015ft\u00fcr\u00fclebilir ve biyolojik olarak par\u00e7alanabilir olmak kartonu ger\u00e7ekten s\u00fcrd\u00fcr\u00fclebilir bir malzeme haline getiriyor. Her y\u0131l karton kullanman\u0131n yeni yollar\u0131n\u0131 g\u00f6rmemiz ve giderek daha fazla pazar uygulamas\u0131nda kullan\u0131lmas\u0131 cesaret verici. S\u00fcrekli \u00fcr\u00fcn inovasyonu ve pazar b\u00fcy\u00fcmesi e\u011filiminin yak\u0131n zamanda durmas\u0131 olas\u0131 de\u011fildir.\u201d<\/p>\n","protected":false},"excerpt":{"rendered":"<p>European Carton Excellence Awards 25. y\u0131l d\u00f6n\u00fcm\u00fcn\u00fc kutluyor ve 2021 ba\u015fvurular\u0131n\u0131 kabul ediyor. 2021, karton ambalaj end\u00fcstrisindeki 25 y\u0131ll\u0131k inovasyonu kutlayan Avrupa Karton M\u00fckemmellik \u00d6d\u00fclleri (European Carton Excellence Awards) i\u00e7in \u00f6nemli bir kilometre ta\u015f\u0131. Pro Carton ve Avrupa Karton Ambalaj \u00dcreticileri Birli\u011fi (ECMA) ev sahipli\u011finde d\u00fczenlenen Avrupa&#8217;n\u0131n en prestijli y\u0131ll\u0131k karton \u00f6d\u00fcl program\u0131na \u00f6d\u00fcller i\u00e7in [&hellip;]<\/p>\n","protected":false},"author":2,"featured_media":4686,"comment_status":"closed","ping_status":"open","sticky":false,"template":"","format":"standard","meta":[],"categories":[1,109],"tags":[248,151,247,249,250],"_links":{"self":[{"href":"https:\/\/www.ambalajveetiket.com\/index.php\/wp-json\/wp\/v2\/posts\/4685"}],"collection":[{"href":"https:\/\/www.ambalajveetiket.com\/index.php\/wp-json\/wp\/v2\/posts"}],"about":[{"href":"https:\/\/www.ambalajveetiket.com\/index.php\/wp-json\/wp\/v2\/types\/post"}],"author":[{"embeddable":true,"href":"https:\/\/www.ambalajveetiket.com\/index.php\/wp-json\/wp\/v2\/users\/2"}],"replies":[{"embeddable":true,"href":"https:\/\/www.ambalajveetiket.com\/index.php\/wp-json\/wp\/v2\/comments?post=4685"}],"version-history":[{"count":2,"href":"https:\/\/www.ambalajveetiket.com\/index.php\/wp-json\/wp\/v2\/posts\/4685\/revisions"}],"predecessor-version":[{"id":4695,"href":"https:\/\/www.ambalajveetiket.com\/index.php\/wp-json\/wp\/v2\/posts\/4685\/revisions\/4695"}],"wp:featuredmedia":[{"embeddable":true,"href":"https:\/\/www.ambalajveetiket.com\/index.php\/wp-json\/wp\/v2\/media\/4686"}],"wp:attachment":[{"href":"https:\/\/www.ambalajveetiket.com\/index.php\/wp-json\/wp\/v2\/media?parent=4685"}],"wp:term":[{"taxonomy":"category","embeddable":true,"href":"https:\/\/www.ambalajveetiket.com\/index.php\/wp-json\/wp\/v2\/categories?post=4685"},{"taxonomy":"post_tag","embeddable":true,"href":"https:\/\/www.ambalajveetiket.com\/index.php\/wp-json\/wp\/v2\/tags?post=4685"}],"curies":[{"name":"wp","href":"https:\/\/api.w.org\/{rel}","templated":true}]}}