{"id":4756,"date":"2021-06-09T16:39:08","date_gmt":"2021-06-09T13:39:08","guid":{"rendered":"https:\/\/www.ambalajveetiket.com\/?p=4756"},"modified":"2022-07-12T19:25:00","modified_gmt":"2022-07-12T16:25:00","slug":"karton-ambalaj-sanayicileri-dernegi-kasad-30-yilinda","status":"publish","type":"post","link":"https:\/\/www.ambalajveetiket.com\/index.php\/2021\/06\/09\/karton-ambalaj-sanayicileri-dernegi-kasad-30-yilinda\/","title":{"rendered":"Karton Ambalaj Sanayicileri Derne\u011fi (KASAD) 30. y\u0131l\u0131nda"},"content":{"rendered":"<h5>May\u0131s Ay\u0131 KASAD \u00dcye Toplant\u0131s\u0131 25 May\u0131s\u2019ta ger\u00e7ekle\u015ftirildi. KASAD\u2019\u0131n Kurucu Ba\u015fkan\u0131 Oktay Duran\u2019\u0131n anekdotlarla s\u00fcsledi\u011fi ak\u0131c\u0131 sohbeti ve di\u011fer konuklar\u0131n da sohbete kat\u0131lmas\u0131yla, iki bu\u00e7uk saati bulan toplant\u0131da, KASAD\u2019\u0131n kurulu\u015f hikayesi ve sonraki y\u0131llarda sekt\u00f6r\u00fcn geli\u015fimine katk\u0131lar\u0131 konu\u015fuldu.<\/h5>\n<p><img loading=\"lazy\" class=\"alignnone size-full wp-image-9189\" src=\"https:\/\/www.matbaahaber.com\/wp-content\/uploads\/2021\/06\/Kasad_OktayDuran4.jpg\" alt=\"\" width=\"748\" height=\"423\" \/>Sekt\u00f6r\u00fcn en etkili derneklerinden Karton Ambalaj Sanayicileri Derne\u011fi (KASAD) bu y\u0131l 30. y\u0131l\u0131n\u0131 kutluyor.<\/p>\n<p>25 May\u0131s\u2019ta ger\u00e7ekle\u015ftirilen \u00e7evrim i\u00e7i toplant\u0131s\u0131nda KASAD Kurucu, Onursal Ba\u015fkan\u0131 Oktay Duran\u2019dan ve birlikte yola \u00e7\u0131kt\u0131\u011f\u0131 arkada\u015flar\u0131ndan KASAD\u2019\u0131n hikayesini dinledik.<\/p>\n<p>Oktay Duran\u2019\u0131n yan\u0131 s\u0131ra Elyo Uziel, \u00d6mer Faruk A\u011f\u0131l, Atilla C\u00f6mert, S\u00fcleyman Ertem, Mike Acemyan, Dikran Acemyan, konuklardan BASEV Ba\u015fkan\u0131 Sadettin Ka\u015f\u0131k\u0131r\u0131k, SEKA ve Kartonsan eski y\u00f6neticilerinden \u0130smail Tamer Alt\u0131lar, BAS-Men\u2019den \u00dcmit Demirhan, Bursa Teknik \u00dcni. Rekt\u00f6r\u00fc Prof. Dr. Arif Karademir, Marmara \u00dcniversitesi Uygulamal\u0131 Bilimler Y\u00fcksek Okulu Bas\u0131m Teknolojileri B\u00f6l\u00fcm Ba\u015fkan\u0131 Do\u00e7. Dr. Ahmet Akg\u00fcl, Metin \u00c7ift\u00e7io\u011flu, ASD Genel Sekreteri Asl\u0131han Ar\u0131kan, Esnek Ambalaj Sanayicileri Derne\u011fi (FASD) Ba\u015fkan\u0131 Fahri \u00d6zer, Levent A\u011fao\u011flu farkl\u0131 konularda g\u00f6r\u00fc\u015fleri ve sorular\u0131yla katk\u0131da bulundular.<\/p>\n<h4>Alican Duran: \u201cKASAD sekt\u00f6re y\u00f6n veren bir dernek haline geldi\u201d<\/h4>\n<p><img loading=\"lazy\" class=\" wp-image-9191 alignleft\" src=\"https:\/\/www.matbaahaber.com\/wp-content\/uploads\/2021\/06\/Kasad_30yil_AlicanDuran.jpg\" alt=\"\" width=\"293\" height=\"178\" \/>Toplant\u0131y\u0131 a\u00e7an Y\u00f6netim Kurulu Ba\u015fkan\u0131 Alican Duran, \u015funlar\u0131 s\u00f6yl\u00fcyor: \u201cOtuz y\u0131l \u00f6nce Oktay Bey ve baz\u0131lar\u0131 burada olan arkada\u015flar\u0131 bu fikrin ve hayalin hayata ge\u00e7mesi i\u00e7in ellerinden geleni yaparak bu i\u015fe ba\u015flam\u0131\u015flar ve bug\u00fcn geldi\u011fimiz noktada otuz sene sonra KASAD ger\u00e7ekten efektif, sekt\u00f6rde prestijli, ciddiye al\u0131nan, sekt\u00f6re y\u00f6n veren bir dernek haline geldi.<\/p>\n<p>Otuz y\u0131l \u00f6nce bu r\u00fcya g\u00f6r\u00fclmese, bu hayaller kurulmasa bu derne\u011fin bug\u00fcne gelmesi m\u00fcmk\u00fcn de\u011fildi. Bundan dolay\u0131 ba\u015fta Oktay Bey olmak \u00fczere bu derne\u011fin kurulmas\u0131na omuz veren, destek olan t\u00fcm b\u00fcy\u00fcklerimize sekt\u00f6r ad\u0131na te\u015fekk\u00fcr ediyorum.<\/p>\n<p>Bu bir bayrak yar\u0131\u015f\u0131, biz de gelecek nesillere iyi, sa\u011fl\u0131kl\u0131 bir dernek teslim ederek, ileride bug\u00fcn oldu\u011fu gibi bug\u00fcn yapt\u0131klar\u0131m\u0131z\u0131 anlatabiliriz diye \u00fcmit ediyorum.\u201d<\/p>\n<h4>Oktay Duran: \u201cSekt\u00f6re biraz katk\u0131m olduysa sekt\u00f6r d\u0131\u015f\u0131nda i\u015f hayat\u0131na ba\u015flad\u0131\u011f\u0131m i\u00e7indir\u201d<\/h4>\n<p>KASAD\u2019\u0131n hikayesinde, fikrin \u00f6nc\u00fclerinin i\u015f ve ya\u015fam k\u00fclt\u00fcrlerinin d\u00fcnyaya a\u00e7\u0131k olu\u015funun, derne\u011fin ve sekt\u00f6r\u00fcn ba\u015far\u0131s\u0131nda ne kadar etkili oldu\u011funu g\u00f6r\u00fcyoruz. Oktay Duran, hikayesine \u015f\u00f6yle ba\u015fl\u0131yor: \u201cKarton ambalaj sekt\u00f6r\u00fcne birazc\u0131k katk\u0131m olduysa, bunun en b\u00fcy\u00fck nedeni i\u015f hayat\u0131na matbaac\u0131l\u0131k d\u0131\u015f\u0131nda ba\u015flam\u0131\u015f olmamd\u0131r. Otuz ya\u015f\u0131nda bu i\u015fe girdim. Ondan \u00f6nce ayakkab\u0131 \u00f6k\u00e7eleri, tabanlar\u0131 yapard\u0131m; sonra Zekai arkada\u015f\u0131mla reflekt\u00f6r malzemeleri yap\u0131p satt\u0131k. Al\u0131\u015ft\u0131\u011f\u0131m i\u015flerde yat\u0131r\u0131mla beraber bir emek var, sonra ciro ve varsa k\u00e2r var. Emek yo\u011fun i\u015fler yap\u0131yordum, Matbaac\u0131l\u0131\u011fa gelince, sermaye yo\u011fun bir sekt\u00f6r var. Sermaye yo\u011fun demek, teknoloji ve otomasyon yo\u011fun demektir. Ayn\u0131 zamanda emek yo\u011fun bir i\u015f ve personelin hepsinin k\u0131ymetli insanlar olmas\u0131 gerekiyor. Nereden baksan\u0131z cazip bir i\u015f gibi g\u00f6r\u00fcnm\u00fcyor ama insan\u0131 sar\u0131yor, sarmal\u0131yor, a\u015f\u0131k oluyorsunuz, \u00e7\u0131kam\u0131yorsunuz.<\/p>\n<h4>\u201cDerne\u011fimizi sonras\u0131nda ECMA\u2019ya \u00fcye olmak \u00fczere kurduk ve bu ger\u00e7ekle\u015fti\u201d<\/h4>\n<p>Duran Ofset\u2019i Okan a\u011fabey ile karton ambalaj i\u015fi olarak s\u00fcrd\u00fcrmeye \u00e7al\u0131\u015ft\u0131\u011f\u0131m\u0131zda ortaya bir \u015fey \u00e7\u0131kt\u0131 ki biz matbaac\u0131l\u0131k de\u011fil karton ambalaj sekt\u00f6r\u00fcy\u00fcz. O zaman BASEV vard\u0131, BAS-MEN vard\u0131, matbaac\u0131l\u0131k dernekleri vard\u0131. Fakat bir araya gelip bakt\u0131\u011f\u0131m\u0131zda, bir tek ortak y\u00f6n\u00fcm\u00fcz vard\u0131, bask\u0131 makineleri kullan\u0131yorduk. M\u00fc\u015fteri de ayn\u0131 m\u00fc\u015fteri de\u011fildi. O zaman dedik ki bir masa etraf\u0131nda topland\u0131\u011f\u0131m\u0131zda ortak mevzular\u0131 konu\u015fabilece\u011fimiz bir olu\u015fum olu\u015ftural\u0131m. Avrupa\u2019da biraz ara\u015ft\u0131r\u0131nca oluklu mukavva i\u00e7in FEFCO ve karton ambalaj i\u00e7in ECMA adl\u0131 dernekler oldu\u011funu g\u00f6rd\u00fck. Derne\u011fimizi sonras\u0131nda ECMA\u2019ya \u00fcye olmak \u00fczere kurduk ve bu da ger\u00e7ekle\u015fti.<\/p>\n<h4>Ambalaj Sanayicileri Derne\u011fi\u2019nin kurulmas\u0131na giden yol ve KASAD<\/h4>\n<p>\u00d6ncesinde, Sibel A\u015fan ve Nazif A\u015fan\u2019\u0131 anmak isterim. Onlar ambalaj sekt\u00f6r\u00fcn\u00fcn bir araya gelmesi i\u00e7in toplant\u0131lar yap\u0131lmas\u0131n\u0131 \u00f6nerdiler ve bunu benden rica ettiler. \u0130lk toplant\u0131m\u0131z\u0131 21 Mart 1991\u2019de Yenibosna\u2019da Duran Ofset\u2019te yapt\u0131k. Her sekt\u00f6rden (k\u00e2\u011f\u0131t\u00e7\u0131, karton ambalajc\u0131, oluklu ambalajc\u0131, cam, metal ambalaj vb.) davetli vard\u0131. Fakat OM\u00dcD hari\u00e7 hi\u00e7birinin derne\u011fi yoktu. Derne\u011fini kurabilen sekt\u00f6rler de kendi derneklerini kursun dedik. Sonra hepsini bir araya getiren Ambalaj Sanayicileri (ASD) Derne\u011fi kurulsun dedik. ASD kuruldu, sonras\u0131nda KASAD kuruldu ve KASAD\u2019\u0131n ard\u0131ndan yeterli say\u0131lara ula\u015f\u0131nca fleksible, metal vd, ambalaj dernekleri de kuruldu. T\u00fcm sekt\u00f6rler temsil edilmi\u015f oldu.<\/p>\n<p>Karton ambalajc\u0131lar olarak \u015fans\u0131m\u0131z birbirimizi iyi tan\u0131yor olmam\u0131z, meslekta\u015f olarak eskiden geliyor olmam\u0131z ve nesillerin devam ettirdi\u011fi bir sekt\u00f6r olmas\u0131yd\u0131. Bunun \u00e7ok b\u00fcy\u00fck faydas\u0131n\u0131 g\u00f6rd\u00fck.<\/p>\n<p>\u0130simleri hat\u0131rlamaya \u00e7al\u0131\u015fay\u0131m:<\/p>\n<p>Benim d\u0131\u015f\u0131mda, Ali Topal, Habil Karag\u00f6z, \u00d6zcan Kilimci, Atilla C\u00f6mert, \u00d6mer Faruk A\u011f\u0131l, Elyo Uziel, Y\u00f6netim Kurulu\u2019nda de\u011filse de ciddi g\u00f6revler alm\u0131\u015f arkada\u015flar vard\u0131: Roni Bener, rahmetli Dursun \u00c7olako\u011flu, \u00dcmit B\u00fcy\u00fckg\u00f6nen\u00e7, rahmetli Yaman Ertem (o\u011flu Emre Can Ertem kat\u0131ld\u0131), S\u00fcleyman Ertem, rahmetli M\u00fcnir Kilimci (\u00d6zcan Kilimci kat\u0131ld\u0131), Cami\u015f Ambalaj eski Genel M\u00fcd\u00fcr\u00fc G\u00fcnay Apak, Mike Acemyan, Bekir Yekeler, rahmetli Erkan G\u00fcl, rahmetli Piero Corsini, Atilla \u00c7all\u0131o\u011flu ve Yusuf Kamhi.<\/p>\n<p>K\u00fc\u00e7\u00fck firmalar\u0131 da d\u0131\u015flamayal\u0131m dedik ve Elyo Uziel ile onlar\u0131 ziyaret ettik.\u201d<\/p>\n<h4>Elyo Uziel \u00fcyelik konusunda \u00f6nlerine \u00e7\u0131kan engelleri ve nas\u0131l a\u015f\u0131ld\u0131\u011f\u0131n\u0131 anlatt\u0131<\/h4>\n<p><img loading=\"lazy\" class=\"wp-image-9192 alignright\" src=\"https:\/\/www.matbaahaber.com\/wp-content\/uploads\/2021\/06\/Kasad_Elio2.jpg\" alt=\"\" width=\"314\" height=\"193\" \/>Elyo Uziel, matbaa ziyaretleri esnas\u0131nda dernek \u00fcyeli\u011fine ikna konusunda en b\u00fcy\u00fck engelin \u201cfiyat rekabeti ne olacak\u201d sorusunda d\u00fc\u011f\u00fcmlendi\u011fini s\u00f6yl\u00fcyor. Bu engel iki vaatle a\u015f\u0131l\u0131r. Oktay Duran, \u201cMaliyet konu\u015fulacak ama kimse kimsenin fiyat\u0131na kar\u0131\u015fmayacak\u201d s\u00f6z\u00fc verir. \u0130kincisi, yat\u0131r\u0131m te\u015fvikleridir. O tarihe kadar gazeteler makine yat\u0131r\u0131mlar\u0131nda te\u015fvik al\u0131rken, di\u011fer matbaalar alam\u0131yorlard\u0131. Hazine ve D\u0131\u015f Ticaret M\u00fcste\u015farl\u0131\u011f\u0131 Te\u015fvik ve Uygulama Genel M\u00fcd\u00fcr\u00fc Kemal G\u00fclseren ve Genel M\u00fcd\u00fcr Yard\u0131mc\u0131s\u0131 Nazl\u0131 Tekin\u2019e ziyaretlerle te\u015fvik sorunu \u00e7\u00f6z\u00fcl\u00fcr ve sekt\u00f6r gazeteler gibi makine al\u0131mlar\u0131nda te\u015fvikler g\u00f6rmeye ba\u015flar. Elyo Uziel, ECMA\u2019n\u0131n T\u00fcrkiye\u2019ye getirilmesinde ve KASAD\u2019\u0131n ECMA \u00fcyeli\u011finde de Oktay Duran\u2019\u0131n b\u00fcy\u00fck emekleri oldu\u011funu anlat\u0131yor.<\/p>\n<p>KASAD ilk toplant\u0131s\u0131n\u0131 21 Mart 1991\u2019de Holiday Inn\u2019de yapar; sonra Polat\u2019a ge\u00e7ilir ve ard\u0131ndan Swissotel\u2019de devam edilir. Toplant\u0131lar\u0131n giderlerini kar\u015f\u0131lamak i\u00e7in her toplant\u0131ya makine, malzeme veya hizmet satan bir tedarik\u00e7i firmay\u0131 konuk olarak \u00e7a\u011f\u0131rmak ve onlar\u0131n \u00fcr\u00fcnlerini, hizmetlerini anlatmalar\u0131 kararla\u015ft\u0131r\u0131l\u0131r. \u00d6nceleri sabah yap\u0131lan toplant\u0131lar daha sonraki y\u00f6netimlerce ak\u015fama al\u0131n\u0131r ve toplant\u0131lar sonunda yemekli olarak d\u00fczenlenir.<\/p>\n<h4>ECMA\u2019ya kat\u0131l\u0131m s\u00fcreci<\/h4>\n<p>Oktay Duran, ECMA\u2019ya kat\u0131lma s\u00fcrecini \u015f\u00f6yle anlat\u0131yor:<\/p>\n<p>\u201c\u0130lk genel kurul toplant\u0131m\u0131za o zamanki ECMA Ba\u015fkan\u0131n\u0131 davet ettik. Geldi, toplant\u0131m\u0131za kat\u0131ld\u0131 ve \u00e7ok mutlu oldu. T\u00fcrkiye\u2019yi \u00e7ok iyi bir \u015fekilde temsil etmi\u015f olduk. Hemen akabinde T\u00fcrkiye\u2019yi ilk delegeler toplant\u0131s\u0131na \u00e7a\u011f\u0131rd\u0131lar ve ben de o toplant\u0131ya kat\u0131ld\u0131m. Toplant\u0131 \u00f6nce de\u011fi\u015fik \u00fclkelerde yap\u0131l\u0131yordu, sonra Br\u00fcksel\u2019de yap\u0131lmaya ba\u015fland\u0131. Sonra Y\u00f6netim Kurulu\u2019na davet ettiler. Y\u00f6netim Kurulu\u2019na girerken bir soru sordum: Bug\u00fcne kadar ECMA\u2019da hi\u00e7 kad\u0131n y\u00f6netim kurulu \u00fcyeniz oldu mu? \u201cOlmad\u0131\u201d dediler; ben onlara G\u00fcnay Apak\u2019\u0131 \u00f6nerdim. \u0130lk defa ECMA Y\u00f6netim Kurulu\u2019na bir kad\u0131n \u00fcye oldu ve o bir T\u00fcrk han\u0131mefendi oldu. Ard\u0131ndan ben Y\u00f6netim Kurulu\u2019na girdim ve be\u015f y\u0131l boyunca Y\u00f6netim Kurulu \u00fcyesi olarak ECMA\u2019da hizmet verdim. ECMA toplant\u0131lar\u0131na KASAD olarak kat\u0131ld\u0131k, geziler yapt\u0131k; hatta \u0130talya\u2019daki bir toplant\u0131ya o kadar kalabal\u0131k kat\u0131ld\u0131k ki konu\u015fmalar i\u00e7in sim\u00fcltane \u00e7eviri yapan T\u00fcrk\u00e7e terc\u00fcman koydurduk. \u00c7ok isabetli oldu.<\/p>\n<p>ECMA nezdinde T\u00fcrkiye\u2019nin tan\u0131t\u0131m\u0131 i\u00e7in \u00e7ok g\u00fczel \u015feyler yapt\u0131k. Bundan 15 sene kadar \u00f6nce ECMA bir 50. y\u0131l kitab\u0131 yay\u0131mlad\u0131 ve kitapta, 50 y\u0131l boyunca y\u00f6neticilik yapm\u0131\u015f 30 ki\u015fiye tam sayfa yer ay\u0131rd\u0131lar. O 30 ki\u015fi aras\u0131nda bir T\u00fcrk, ben de vard\u0131m. Elli y\u0131l boyunca hizmet vermi\u015f y\u00fczlerce ki\u015fi aras\u0131ndan se\u00e7ilen 30 ki\u015fi aras\u0131nda yer almak hepimizin ho\u015funa gitti.\u201d<\/p>\n<p><img loading=\"lazy\" class=\"wp-image-9193 alignleft\" src=\"https:\/\/www.matbaahaber.com\/wp-content\/uploads\/2021\/06\/kasad-SErtem.jpg\" alt=\"\" width=\"316\" height=\"178\" \/>Oktay Duran 12 y\u0131l KASAD\u2019da 12 y\u0131l ba\u015fkanl\u0131k yapt\u0131ktan sonra yerini S\u00fcleyman Ertem\u2019e b\u0131rak\u0131r. S\u00fcleyman Ertem KASAD\u2019\u0131n kilometre ta\u015flar\u0131ndan baz\u0131lar\u0131n\u0131 \u015f\u00f6yle aktar\u0131yor: \u201c\u0130hracat\u00e7\u0131lar Bilrli\u011fi\u2019nde bizi\u00a0 o d\u00f6nem Elyo Uziel ve Habil Karag\u00f6z temsil ettiler. \u015eimdi Alican Duran Ba\u015fkan Yard\u0131mc\u0131s\u0131. Oktay Duran zaman\u0131nda y\u00f6netim kurulunun ba\u015flatt\u0131\u011f\u0131 ve bizim devam ettirdi\u011fimiz uluslararas\u0131 fuar kat\u0131l\u0131mlar\u0131 da \u00e7ok de\u011ferliydi. Ayr\u0131ca derne\u011fin Kartonsan temsilcisi olarak o d\u00f6nem ald\u0131\u011f\u0131m\u0131z sonra Kartonsan taraf\u0131ndan kald\u0131r\u0131lan ihra\u00e7 kay\u0131tl\u0131 \u00f6zel fiyat bizi epey bir yere getirdi.\u201d<\/p>\n<p>Oktay Duran,\u00a0 KASAD\u2019\u0131n uzun \u00f6m\u00fcrl\u00fc olmas\u0131 i\u00e7in yap\u0131lanlara \u015funlar\u0131 ekliyor:<\/p>\n<p>\u201cOrtak menfaatlerimizin nerede oldu\u011funu do\u011fru tespit ettik. E\u011fitim konusunda katk\u0131da bulunduk. Devlet daireleri ile olan ileti\u015fimi sa\u011flad\u0131k. \u0130thalat, ihracat genel m\u00fcd\u00fcrlerini, ilgili daire ba\u015fkanlar\u0131n\u0131 \u0130stanbul\u2019a konu\u015fmac\u0131 olarak davet ettik ve bir ak\u015fam a\u011f\u0131rlad\u0131k. Dolay\u0131s\u0131yla \u00f6nlerine karton ambalajla ilgili bir dosya geldi\u011finde \u00f6nemli ve b\u00fcy\u00fcyen bir sekt\u00f6r oldu\u011fumuzu dikkate ald\u0131lar; hatta bizimle ilgili kanun \u00e7\u0131karken \u00f6nceden bizi uyard\u0131lar.\u201d<\/p>\n<p>Sekt\u00f6r derneklerinin y\u00f6neticilerinin ve temsilcilerinin ve akademisyenlerin de kat\u0131ld\u0131\u011f\u0131, \u00fcniversite \u2013 sanayi i\u015f birli\u011fi ve ara eleman ihtiyac\u0131ndan, ambalaj \u2013 bas\u0131m m\u00fchendisi ihtiyac\u0131na, ihracattan sanat\u0131n sekt\u00f6r\u00fcn ba\u015far\u0131s\u0131na katk\u0131s\u0131na \u00e7ok geni\u015f bir yelpazede konular\u0131n ele al\u0131nd\u0131\u011f\u0131 KASAD\u2019\u0131n bug\u00fcne kadar ger\u00e7ekle\u015ftirdi\u011fi en verimli, en yo\u011fun etkile\u015fimli toplant\u0131lardan biri olan bu sanal bulu\u015fman\u0131n kayd\u0131na a\u015fa\u011f\u0131daki linkten ula\u015fabilirsiniz:<\/p>\n<p><iframe loading=\"lazy\" title=\"25.05.2021 KASAD Zoom Toplant\u0131 Kayd\u0131 - Oktay Duran Sohbeti\" width=\"500\" height=\"281\" src=\"https:\/\/www.youtube.com\/embed\/XvDJtXyfVvM?feature=oembed\" frameborder=\"0\" allow=\"accelerometer; autoplay; clipboard-write; encrypted-media; gyroscope; picture-in-picture\" allowfullscreen><\/iframe><\/p>\n","protected":false},"excerpt":{"rendered":"<p>May\u0131s Ay\u0131 KASAD \u00dcye Toplant\u0131s\u0131 25 May\u0131s\u2019ta ger\u00e7ekle\u015ftirildi. KASAD\u2019\u0131n Kurucu Ba\u015fkan\u0131 Oktay Duran\u2019\u0131n anekdotlarla s\u00fcsledi\u011fi ak\u0131c\u0131 sohbeti ve di\u011fer konuklar\u0131n da sohbete kat\u0131lmas\u0131yla, iki bu\u00e7uk saati bulan toplant\u0131da, KASAD\u2019\u0131n kurulu\u015f hikayesi ve sonraki y\u0131llarda sekt\u00f6r\u00fcn geli\u015fimine katk\u0131lar\u0131 konu\u015fuldu. Sekt\u00f6r\u00fcn en etkili derneklerinden Karton Ambalaj Sanayicileri Derne\u011fi (KASAD) bu y\u0131l 30. y\u0131l\u0131n\u0131 kutluyor. 25 May\u0131s\u2019ta ger\u00e7ekle\u015ftirilen [&hellip;]<\/p>\n","protected":false},"author":2,"featured_media":4757,"comment_status":"closed","ping_status":"closed","sticky":false,"template":"","format":"standard","meta":[],"categories":[1,27],"tags":[48,288],"_links":{"self":[{"href":"https:\/\/www.ambalajveetiket.com\/index.php\/wp-json\/wp\/v2\/posts\/4756"}],"collection":[{"href":"https:\/\/www.ambalajveetiket.com\/index.php\/wp-json\/wp\/v2\/posts"}],"about":[{"href":"https:\/\/www.ambalajveetiket.com\/index.php\/wp-json\/wp\/v2\/types\/post"}],"author":[{"embeddable":true,"href":"https:\/\/www.ambalajveetiket.com\/index.php\/wp-json\/wp\/v2\/users\/2"}],"replies":[{"embeddable":true,"href":"https:\/\/www.ambalajveetiket.com\/index.php\/wp-json\/wp\/v2\/comments?post=4756"}],"version-history":[{"count":1,"href":"https:\/\/www.ambalajveetiket.com\/index.php\/wp-json\/wp\/v2\/posts\/4756\/revisions"}],"predecessor-version":[{"id":4758,"href":"https:\/\/www.ambalajveetiket.com\/index.php\/wp-json\/wp\/v2\/posts\/4756\/revisions\/4758"}],"wp:featuredmedia":[{"embeddable":true,"href":"https:\/\/www.ambalajveetiket.com\/index.php\/wp-json\/wp\/v2\/media\/4757"}],"wp:attachment":[{"href":"https:\/\/www.ambalajveetiket.com\/index.php\/wp-json\/wp\/v2\/media?parent=4756"}],"wp:term":[{"taxonomy":"category","embeddable":true,"href":"https:\/\/www.ambalajveetiket.com\/index.php\/wp-json\/wp\/v2\/categories?post=4756"},{"taxonomy":"post_tag","embeddable":true,"href":"https:\/\/www.ambalajveetiket.com\/index.php\/wp-json\/wp\/v2\/tags?post=4756"}],"curies":[{"name":"wp","href":"https:\/\/api.w.org\/{rel}","templated":true}]}}