{"id":4783,"date":"2021-07-13T10:51:02","date_gmt":"2021-07-13T07:51:02","guid":{"rendered":"https:\/\/www.ambalajveetiket.com\/?p=4783"},"modified":"2022-07-12T19:24:00","modified_gmt":"2022-07-12T16:24:00","slug":"omud-seminerinde-avrupa-yesil-mutabakati-degerlendirildi","status":"publish","type":"post","link":"https:\/\/www.ambalajveetiket.com\/index.php\/2021\/07\/13\/omud-seminerinde-avrupa-yesil-mutabakati-degerlendirildi\/","title":{"rendered":"OM\u00dcD seminerinde  Avrupa Ye\u015fil Mutabakat\u0131 de\u011ferlendirildi"},"content":{"rendered":"<h5>D\u00fcnya \u00c7evre G\u00fcn\u00fc vesilesiyle d\u00fczenlenen OM\u00dcD web seminerinde Horizon Dan\u0131\u015fmanl\u0131k Y\u00f6netici Orta\u011f\u0131 Eser Ergino\u011flu Avrupa Ye\u015fil Mutabakat\u0131 konusunda bilgi verdi ve \u015firketlere \u00f6nerilerde bulundu.<\/h5>\n<p>Oluklu Mukavva Sanayicileri Derne\u011fi (OM\u00dcD) Seminerler Serisi 5 Haziran D\u00fcnya \u00c7evre G\u00fcn\u00fc vesilesiyle d\u00fczenlenen \u00f6zel b\u00f6l\u00fcm\u00fcyle devam etti.<\/p>\n<p>Sanal ortamda, 4 Haziran Cuma g\u00fcn\u00fc ger\u00e7ekle\u015ftirilen seminerde g\u00fcncel \u2018Avrupa Ye\u015fil Mutabakat\u0131 ve Oluklu Mukavva Sekt\u00f6r\u00fcne Etkileri\u2019 konusu de\u011ferlendirildi. Seminerde OM\u00dcD Genel Sekreteri Umay Y\u0131lmaz moderat\u00f6rl\u00fc\u011f\u00fcnde Horizon Dan\u0131\u015fmanl\u0131k Y\u00f6netici Orta\u011f\u0131 Eser Ergino\u011flu, Avrupa Ye\u015fil Mutabakat\u0131 genel bilginin ard\u0131ndan mutabakat i\u00e7eri\u011fi ve \u00f6nemli alt ba\u015fl\u0131klara de\u011findi, mutabakat\u0131n oluklu mukavva sekt\u00f6r\u00fcne etkileri \u00fczerinde durdu ve sanayi kurulu\u015flar\u0131na \u00f6nerilerde bulundu. Seminer, sorular\u0131n yan\u0131tlanmas\u0131yla sona erdi.<\/p>\n<p>Daha \u00f6nce iklim ve \u00e7evre konusunda, Kyoto Protokol\u00fc, 2015 Paris Anla\u015fmas\u0131 gibi belgeler imzaland\u0131\u011f\u0131n\u0131 hat\u0131rlatan Eser Ergino\u011flu, bu belgelerin iyi niyet beyan\u0131ndan ibaret oldu\u011funu ve bir yapt\u0131r\u0131m getirmedi\u011fini belirterek; \u015funlar\u0131 s\u00f6yl\u00fcyor:<\/p>\n<p>\u201cAvrupa Ye\u015fil Mutabakat\u0131, ilk defa bu t\u00fcr iklim konular\u0131nda daha kurallara ba\u011fl\u0131, daha \u00f6l\u00e7\u00fcmlere dayanan, daha \u00fclkelere, \u015firketlere kurallar koyan birtak\u0131m setlerle geliyor. Mutabakat, karbon sal\u0131n\u0131m\u0131na neden olan etkenleri ayr\u0131\u015ft\u0131r\u0131p, en \u00e7ok sal\u0131n\u0131ma neden olanlara odaklanarak karbon n\u00f6tr bir k\u0131ta hedefliyor.\u201d<\/p>\n<p>Karbon sal\u0131n\u0131m\u0131n\u0131n %58\u2019inden sorumlu ABD, \u00c7in, Rusya, Hindistan ve Japonya\u2019n\u0131n \u00f6nlem almamas\u0131 durumunda di\u011fer \u00fclkelerin alaca\u011f\u0131 \u00f6nlemlerin anlam\u0131 olmayaca\u011f\u0131n\u0131 belirten Ergino\u011flu, Ba\u015fkan Biden taraf\u0131ndan destek verilmesinin \u00f6nemini vurguluyor. Bunun sanayiciler i\u00e7in \u00f6nemi, sadece AB \u00fclkelerine de\u011fil, ABD, Kanada, \u0130ngiltere vd. mutabakata destek veren \u00fclkelere ihracatta da sonu\u00e7lar\u0131 olaca\u011f\u0131n\u0131n bilinmesinde yat\u0131yor. Ambalaj hemen her \u00fcr\u00fcnde oldu\u011fundan ihra\u00e7 edilen \u00fcr\u00fcnlere ambalaj \u00fcreten, ihracat\u00e7\u0131 olmayan \u00fcreticilerin de d\u00f6ng\u00fcsel ekonomi gerekliliklerini yerine getirmeleri gerekecek.<\/p>\n<p>Mutabakat kapsam\u0131nda, \u00f6rn. oto tamirinde i\u015fe yarayan, kullan\u0131m \u00f6mr\u00fc olan \u2018\u00e7\u0131kma\u2019 par\u00e7alar\u0131n kullan\u0131m\u0131 art\u0131k konsept haline gelecek. Ama\u00e7, yedek par\u00e7a \u00fcretimini, dolay\u0131s\u0131yla karbon ayak izini azaltmak.<\/p>\n<p>Eser Ergino\u011flu \u015firketlerin Kapsam (Scope) 1, 2, 3 \u015feklinde s\u0131n\u0131fland\u0131r\u0131lan karbon ayak izlerini \u00f6l\u00e7meleri ve bilmeleri gerekece\u011fini s\u00f6yl\u00fcyor ve \u00fc\u00e7 kapsam\u0131n da \u00f6l\u00e7\u00fclmesini \u00f6neriyor. \u00d6n\u00fcm\u00fczdeki d\u00f6nemde, bunlar\u0131 raporlamalar\u0131 istenebilecek.<\/p>\n<h4>\u015eirketler iklim risklerini a\u00e7\u0131klayacak<\/h4>\n<p>Ergino\u011flu\u2019nun aktard\u0131\u011f\u0131 2019 FEFCO raporuna g\u00f6re, bir ton oluklu mukavvan\u0131n be\u015fikten mezara karbon sal\u0131n\u0131m\u0131 etkisi 538 kg. Sekt\u00f6r\u00fcn kulland\u0131\u011f\u0131 ham maddelerin %80\u2019i hurda, %20\u2019si sel\u00fcloz bazl\u0131. K\u00e2\u011f\u0131t ambalajlar %93.5 oran\u0131nda geri kazan\u0131l\u0131rken metal %80, cam %76, ah\u015fap %29, plastik ise %26 oran\u0131nda geri kazan\u0131l\u0131yor. Ergino\u011flu sunumunda, plastikten di\u011fer ambalaj malzemelerine ve oluklu mukavvaya y\u00f6nelimle ilgili ambalajda \u00e7evre dostu inovasyon \u00f6rneklerine de yer verdi.<\/p>\n<p>\u201cBorsaya a\u00e7\u0131k \u015firketler bug\u00fcne kadar finansal risklerini a\u00e7\u0131klamakla y\u00fck\u00fcml\u00fcyd\u00fcler. Art\u0131k iklim risklerini de a\u00e7\u0131klayacaklar\u201d diyen Eser Ergino\u011flu, Task Forces on Climate-Related Financial Disclosures (TCFD)\u00a0 adl\u0131, iklim de\u011fi\u015fikli\u011fi ile ilgili finansal verilerin a\u00e7\u0131klanmas\u0131na dair bir \u00e7al\u0131\u015fma grubunun, iklim risklerinin de di\u011fer finansal riskler gibi yat\u0131r\u0131mda bir karar etkeni olarak dikkate alaca\u011f\u0131n\u0131, yat\u0131r\u0131mc\u0131lar\u0131n art\u0131k \u015firketlerin iklim risklerine de bakarak yat\u0131r\u0131m yapacaklar\u0131na dikkati \u00e7ekiyor.<\/p>\n<p>\u0130klim riskleri nas\u0131l a\u00e7\u0131klanacak? Ergino\u011flu bunun i\u00e7in birka\u00e7 y\u00f6ntem a\u00e7\u0131kl\u0131yor:<\/p>\n<p>\u201cBunlar\u0131n en bilineni, yayg\u0131n olan\u0131 Carbon Disclosure Project (CDP). CDP, Avrupa Komisyonu\u2019ndan hibe alarak kurulmu\u015f, k\u00e2r amac\u0131 g\u00fctmeyen bir organizasyon. Bu organizasyonda 10 bini a\u015fk\u0131n \u015firketin risk de\u011ferlendirmesini g\u00f6rmeniz m\u00fcmk\u00fcn. CDP bunu \u00fcc kategoride yap\u0131yor. T\u00fcrkiye\u2019den 129 firma bulunuyor; 10 firma A kategorisinde de\u011ferlendirilmi\u015f. CDP size bir soru seti g\u00f6nderiyor ve o sorular\u0131 yan\u0131tlaman\u0131z\u0131 bekliyor. \u0130klime, suya ve ormana etkinizi de\u011ferlendiriyor. D\u00f6rt seviyede de\u011ferlendirmenizi yap\u0131yor. Sonucunda size bir karne veriyor. Hangi kategoride oldu\u011funuzu belirliyor. Bir firman\u0131n CDP\u2019de yer almas\u0131, iklim konusundaki ciddiyetini ve hassasiyetini g\u00f6steriyor.\u201d<\/p>\n<p>Eser Ergino\u011flu, Lafarge gibi \u00e7ok yo\u011fun karbon sal\u0131n\u0131m\u0131na neden olan sekt\u00f6rlerdeki \u015firketlerin bile CDP\u2019de yer ald\u0131klar\u0131n\u0131, \u00f6nemli olan\u0131n sorunun sahiplenilmesi ve yol haritas\u0131 belirlenmesi oldu\u011funu vurguluyor.<\/p>\n<p>Bir di\u011fer y\u00f6ntem, S\u0131n\u0131rda Karbon D\u00fczenlemesi (SDK), Ergino\u011flu\u2019na g\u00f6re birinci etapla oluklu mukavva sekt\u00f6r\u00fcn\u00fc ilgilendirecek bir konu de\u011fil. Bu daha \u00e7ok m\u00fc\u015fterinizi ilgilendiriyor olabilir ve m\u00fc\u015fteriniz sizden karbon sal\u0131n\u0131m\u0131n\u0131z\u0131 d\u00fc\u015f\u00fcrmenizi isteyecek. \u0130hracatta bir tehdit olabilir. Karbon sal\u0131m\u0131 konusundaki bask\u0131lar\u0131n sanayicileri fabrikalar\u0131 AB d\u0131\u015f\u0131na ta\u015f\u0131maya zorlamas\u0131 sonucu, karbon ka\u00e7a\u011f\u0131 olarak adland\u0131r\u0131lan bu geli\u015fmeyi \u00f6nlemek i\u00e7in AB Komisyonu SDK\u2019y\u0131 getirdi. Vergilerin nas\u0131l toplanaca\u011f\u0131 ve kullan\u0131laca\u011f\u0131 yak\u0131nda a\u00e7\u0131klanacak.<\/p>\n<p>Karbon Hakk\u0131, seminerde dile getirilen bir di\u011fer \u00f6nemli konu. AB 2005 y\u0131l\u0131nda \u00fccretsiz haklar da\u011f\u0131tmaya ba\u015flad\u0131. Aralar\u0131nda ka\u011f\u0131t sekt\u00f6r\u00fc de olan karbon yo\u011fun sekt\u00f6rlerde en b\u00fcy\u00fck 10 oyuncunun karbon sal\u0131n\u0131m\u0131n\u0131 ortalamas\u0131n\u0131 e\u015fik olarak belirlediler. Bu e\u015fi\u011fin alt\u0131nda karbon sal\u0131m\u0131 olanlara \u00fccretsiz karbon hakk\u0131 da\u011f\u0131tt\u0131lar. \u00dcst\u00fcnde sal\u0131m yapanlar\u0131, fazla sal\u0131m oran\u0131nda vergiye tabi tuttular. Komisyon y\u0131llar i\u00e7inde \u00fccretsiz haklar\u0131 2 milyon tondan en son 2019 y\u0131l\u0131nda 750 bin tona kadar d\u00fc\u015f\u00fcrd\u00fc. AB \u00f6nlem alman\u0131z\u0131 bekliyor, alamazsan\u0131z vergiye tabi tutuyor. Bu karbon haklar\u0131 sat\u0131labiliyor.<\/p>\n<p>Karbon ka\u00e7a\u011f\u0131 listesinde yakla\u015f\u0131k 82 milyar dolar AB ihracat\u0131m\u0131z\u0131n 32 milyar dolar tutar\u0131ndaki k\u0131sm\u0131n\u0131n etkilenece\u011fi g\u00f6r\u00fcl\u00fcyor. Sekt\u00f6rler aras\u0131nda \u00e7imento, demir \u2013 \u00e7elik, bina \u2013 in\u015faat, kimya, tekstil, ila\u00e7 var.<\/p>\n<h4>\u0130hracatta riskler ve f\u0131rsatlar<\/h4>\n<p>Eser Ergino\u011flu, ihracatta riskleri ve f\u0131rsatlar\u0131 dikkati \u00e7ekiyor.<\/p>\n<p>Riskler aras\u0131nda adil olmayan bir SDK d\u00fczenlemesi ihtimali, SDK\u2019ya haz\u0131r olmayan firmalarda (-) EBITDA etkisi, m\u00fc\u015fteri taahh\u00fctlerine uyumsuzluk (m\u00fc\u015fteri kayb\u0131), finansman kaynaklar\u0131na eri\u015fimi say\u0131yor.<\/p>\n<p>F\u0131rsatlar aras\u0131nda ise T\u00fcrkiye\u2019nin AB\u2019ye lojistik yak\u0131nl\u0131\u011f\u0131n\u0131n Asya tedarik\u00e7ilerine g\u00f6re avantaj olmas\u0131n\u0131, T\u00fcrkiye\u2019de yenilenebilir enerji kaynaklar\u0131na yap\u0131lan yat\u0131r\u0131m\u0131, AB\u2019ye uyumlu ihracat\u00e7\u0131lar\u0131n yeni m\u00fc\u015fteri \/ pazar edinme imk\u00e2n\u0131n\u0131, iyi projelerle AB fonlar\u0131ndan yararlanma imk\u00e2n\u0131n\u0131, son olarak Ye\u015fil \u0130novasyon ve Dijital D\u00f6n\u00fc\u015ft\u00fcrme yat\u0131r\u0131m\u0131n\u0131n h\u0131zlanmas\u0131n\u0131 g\u00f6steriyor.<\/p>\n<p>Eser Ergino\u011flu\u2019nun \u015firketlere nas\u0131l bir yol haritas\u0131 izlemeleri konusunda tavsiyelerde bulundu\u011fu web seminerinin tamam\u0131n\u0131 Youtube\u2019dan izleyebilirsiniz.<\/p>\n","protected":false},"excerpt":{"rendered":"<p>D\u00fcnya \u00c7evre G\u00fcn\u00fc vesilesiyle d\u00fczenlenen OM\u00dcD web seminerinde Horizon Dan\u0131\u015fmanl\u0131k Y\u00f6netici Orta\u011f\u0131 Eser Ergino\u011flu Avrupa Ye\u015fil Mutabakat\u0131 konusunda bilgi verdi ve \u015firketlere \u00f6nerilerde bulundu. Oluklu Mukavva Sanayicileri Derne\u011fi (OM\u00dcD) Seminerler Serisi 5 Haziran D\u00fcnya \u00c7evre G\u00fcn\u00fc vesilesiyle d\u00fczenlenen \u00f6zel b\u00f6l\u00fcm\u00fcyle devam etti. Sanal ortamda, 4 Haziran Cuma g\u00fcn\u00fc ger\u00e7ekle\u015ftirilen seminerde g\u00fcncel \u2018Avrupa Ye\u015fil Mutabakat\u0131 ve [&hellip;]<\/p>\n","protected":false},"author":2,"featured_media":4784,"comment_status":"closed","ping_status":"closed","sticky":false,"template":"","format":"standard","meta":[],"categories":[109],"tags":[307,240],"_links":{"self":[{"href":"https:\/\/www.ambalajveetiket.com\/index.php\/wp-json\/wp\/v2\/posts\/4783"}],"collection":[{"href":"https:\/\/www.ambalajveetiket.com\/index.php\/wp-json\/wp\/v2\/posts"}],"about":[{"href":"https:\/\/www.ambalajveetiket.com\/index.php\/wp-json\/wp\/v2\/types\/post"}],"author":[{"embeddable":true,"href":"https:\/\/www.ambalajveetiket.com\/index.php\/wp-json\/wp\/v2\/users\/2"}],"replies":[{"embeddable":true,"href":"https:\/\/www.ambalajveetiket.com\/index.php\/wp-json\/wp\/v2\/comments?post=4783"}],"version-history":[{"count":1,"href":"https:\/\/www.ambalajveetiket.com\/index.php\/wp-json\/wp\/v2\/posts\/4783\/revisions"}],"predecessor-version":[{"id":4785,"href":"https:\/\/www.ambalajveetiket.com\/index.php\/wp-json\/wp\/v2\/posts\/4783\/revisions\/4785"}],"wp:featuredmedia":[{"embeddable":true,"href":"https:\/\/www.ambalajveetiket.com\/index.php\/wp-json\/wp\/v2\/media\/4784"}],"wp:attachment":[{"href":"https:\/\/www.ambalajveetiket.com\/index.php\/wp-json\/wp\/v2\/media?parent=4783"}],"wp:term":[{"taxonomy":"category","embeddable":true,"href":"https:\/\/www.ambalajveetiket.com\/index.php\/wp-json\/wp\/v2\/categories?post=4783"},{"taxonomy":"post_tag","embeddable":true,"href":"https:\/\/www.ambalajveetiket.com\/index.php\/wp-json\/wp\/v2\/tags?post=4783"}],"curies":[{"name":"wp","href":"https:\/\/api.w.org\/{rel}","templated":true}]}}