{"id":4787,"date":"2021-09-01T13:15:00","date_gmt":"2021-09-01T10:15:00","guid":{"rendered":"https:\/\/www.ambalajveetiket.com\/?p=4787"},"modified":"2021-09-01T13:32:39","modified_gmt":"2021-09-01T10:32:39","slug":"ambalaj-atiklarinin-kontrolu-yonetmeligi-yayinlandi","status":"publish","type":"post","link":"https:\/\/www.ambalajveetiket.com\/index.php\/2021\/09\/01\/ambalaj-atiklarinin-kontrolu-yonetmeligi-yayinlandi\/","title":{"rendered":"Ambalaj At\u0131klar\u0131n\u0131n Kontrol\u00fc Y\u00f6netmeli\u011fi yay\u0131nland\u0131"},"content":{"rendered":"<h5>Y\u00f6netmelik, \u00e7evrenin s\u00fcrd\u00fcr\u00fclebilir bir \u015fekilde korunmas\u0131 i\u00e7in usul ve esaslar\u0131, g\u00f6rev ve sorumluluklar\u0131 belirliyor.<\/h5>\n<h5>\u00c7evre ve \u015eehircilik Bakanl\u0131\u011f\u0131 Ambalaj At\u0131klar\u0131n\u0131n Kontrol\u00fc Y\u00f6netmeli\u011fi\u2019ni yay\u0131nlad\u0131. 26 Haziran 2021 Cumartesi tarihli, 31523 Say\u0131l\u0131 Y\u00f6netmelik, piyasaya s\u00fcr\u00fclm\u00fc\u015f t\u00fcm ambalaj \u00e7e\u015fitlerini ve onlar\u0131n at\u0131klar\u0131n\u0131 kaps\u0131yor.<\/h5>\n<p>Y\u00f6netmelik; s\u0131f\u0131r at\u0131k yakla\u015f\u0131m\u0131 temelinde do\u011fal kaynaklar\u0131n korunmas\u0131 ve verimli kullan\u0131m\u0131 ile s\u00fcrd\u00fcr\u00fclebilir \u00e7evre ve s\u00fcrd\u00fcr\u00fclebilir kalk\u0131nma ama\u00e7lar\u0131na uyumlu \u00fcretimin sa\u011flanmas\u0131 ve at\u0131k miktar\u0131n\u0131n azalt\u0131lmas\u0131 amac\u0131yla ambalaj at\u0131klar\u0131n\u0131n olu\u015fumunun \u00f6nlenmesi, at\u0131k olu\u015fumunun ka\u00e7\u0131n\u0131lmaz oldu\u011fu durumlarda ise \u00f6ncelikle yeniden kullan\u0131lmas\u0131, geri kazan\u0131lmas\u0131 ve\/veya enerji kayna\u011f\u0131 olarak kullan\u0131lmas\u0131 sureti ile bertaraf edilecek at\u0131k miktar\u0131n\u0131n azalt\u0131lmas\u0131n\u0131 esas al\u0131yor. Usul ve Esaslar b\u00f6l\u00fcm\u00fcnde, \u201cAmbalaj at\u0131klar\u0131n\u0131n \u00f6ncelikle maddesel geri d\u00f6n\u00fc\u015f\u00fcm\u00fcn sa\u011flanmas\u0131 esas olup maddesel geri d\u00f6n\u00fc\u015f\u00fcm\u00fcn ekonomik ve\/veya teknik nedenlerle m\u00fcmk\u00fcn olmamas\u0131 durumunda enerji kayna\u011f\u0131 olarak kullan\u0131m\u0131 son tercih olmak \u00fczere di\u011fer geri kazan\u0131m i\u015flemleri uygulan\u0131r. Geri kazan\u0131m\u0131 m\u00fcmk\u00fcn olmayan ambalaj at\u0131klar\u0131 ilgili mevzuat h\u00fck\u00fcmlerine g\u00f6re bertaraf edilir\u201d ifadelerine yer veriliyor.<\/p>\n<h4>Ambalaj \u00fcreticilerinin y\u00fck\u00fcml\u00fcl\u00fckleri<\/h4>\n<p>Y\u00f6netmelik Madde 9 ve devam\u0131nda ambalaj \u00fcreticilerinin sorumluluklar\u0131n\u0131 \u015f\u00f6yle s\u0131ral\u0131yor:<\/p>\n<p style=\"text-align: left;\">a) Geni\u015fletilmi\u015f \u00fcretici sorumlulu\u011fu kapsam\u0131nda e\u011fitim faaliyetleri yapmak ve\/veya bu faaliyetlere katk\u0131da bulunmak ve\/veya maliyetleri kar\u015f\u0131lamak d\u00e2hil olmak \u00fczere Bakanl\u0131k\u00e7a belirlenen di\u011fer y\u00fck\u00fcml\u00fcl\u00fckleri yerine getirmekle,<\/p>\n<p style=\"text-align: left;\">b) Ambalaj\u0131 tasar\u0131m a\u015famas\u0131ndan ba\u015flayarak, \u00fcretim ve kullan\u0131m sonras\u0131nda en az at\u0131k \u00fcretecek, geri kazan\u0131m\u0131 en kolay, en ekonomik ve \u00e7evreye en az zarar verecek \u015fekilde \u00fcretmekle, ambalaj\u0131n \u00fcretimine, i\u015faretlenmesine ve piyasaya arz\u0131na y\u00f6nelik bu Y\u00f6netmelik uyar\u0131nca yap\u0131lan d\u00fczenlemelere uymakla,<\/p>\n<p style=\"text-align: left;\">c) Ambalaj Bilgi Sistemine ve depozito y\u00f6netim sistemi kapsam\u0131nda yer alan ambalajlar\u0131 i\u00e7in Ajansa kay\u0131t olmakla ve talep edilen bilgi ve belgeleri vermekle,<\/p>\n<p style=\"text-align: left;\">\u00e7) Depozito y\u00f6netim sistemine d\u00e2hil olan ambalajlar i\u00e7in Ajans taraf\u0131ndan belirlenen kriterlere uygun olarak faaliyet g\u00f6stermekle y\u00fck\u00fcml\u00fcd\u00fcrler.<\/p>\n<p>(2) Ambalaj \u00fcreticileri taraf\u0131ndan, do\u011fal kaynak\/ham madde korunumu ve geri kazan\u0131m\u0131n yayg\u0131nla\u015fmas\u0131 amac\u0131yla ambalaj \u00fcretiminde geri kazan\u0131lm\u0131\u015f malzeme kullan\u0131m\u0131na y\u00f6nelik olarak malzeme t\u00fcr\u00fcne ve sekt\u00f6rel \u00fcretim ve kullan\u0131m oranlar\u0131na g\u00f6re Bakanl\u0131k\u00e7a yap\u0131lan d\u00fczenlemelere uyulmak zorundad\u0131r.<\/p>\n<p>(3) Kendisi ambalaj \u00fcreticisi olmay\u0131p piyasaya s\u00fcrenlere ambalaj tedarik eden tedarik\u00e7iler;<\/p>\n<ul>\n<li>&nbsp;Ambalaj Bilgi Sistemine ve depozito y\u00f6netim sistemi kapsam\u0131nda yer alan ambalajlar\u0131 i\u00e7in Ajansa kay\u0131t olmakla ve talep edilen bilgi ve belgeleri vermekle,<\/li>\n<li>Depozito y\u00f6netim sistemi kapsam\u0131nda olan ve\/veya bu sisteme d\u00e2hil olan ambalajlar i\u00e7in Ajans taraf\u0131ndan belirlenen kriterlere uygun olarak faaliyet g\u00f6stermekle, bildirim ve beyanlar\u0131 yapmakla y\u00fck\u00fcml\u00fcd\u00fcrler.<\/li>\n<\/ul>\n<p>(4) Ambalaj \u00fcreticileri ve tedarik\u00e7ileri, bu Y\u00f6netmelik ile getirilen y\u00fck\u00fcml\u00fcl\u00fck ve sorumluluklar\u0131n\u0131n yerine getirilmesinde Ajans ile g\u00f6n\u00fcll\u00fc anla\u015fmalarda bulunabilir, y\u00fck\u00fcml\u00fcl\u00fcklerinin yerine getirilmesinde teknik destek talep edebilir, y\u00fck\u00fcml\u00fcl\u00fcklerini ve sorumluluklar\u0131n\u0131 k\u0131smen veya tamamen devredebilir.<\/p>\n\n\n<p><\/p>\n","protected":false},"excerpt":{"rendered":"<p>Y\u00f6netmelik, \u00e7evrenin s\u00fcrd\u00fcr\u00fclebilir bir \u015fekilde korunmas\u0131 i\u00e7in usul ve esaslar\u0131, g\u00f6rev ve sorumluluklar\u0131 belirliyor. \u00c7evre ve \u015eehircilik Bakanl\u0131\u011f\u0131 Ambalaj At\u0131klar\u0131n\u0131n Kontrol\u00fc Y\u00f6netmeli\u011fi\u2019ni yay\u0131nlad\u0131. 26 Haziran 2021 Cumartesi tarihli, 31523 Say\u0131l\u0131 Y\u00f6netmelik, piyasaya s\u00fcr\u00fclm\u00fc\u015f t\u00fcm ambalaj \u00e7e\u015fitlerini ve onlar\u0131n at\u0131klar\u0131n\u0131 kaps\u0131yor. Y\u00f6netmelik; s\u0131f\u0131r at\u0131k yakla\u015f\u0131m\u0131 temelinde do\u011fal kaynaklar\u0131n korunmas\u0131 ve verimli kullan\u0131m\u0131 ile s\u00fcrd\u00fcr\u00fclebilir \u00e7evre ve [&hellip;]<\/p>\n","protected":false},"author":2,"featured_media":4790,"comment_status":"closed","ping_status":"closed","sticky":false,"template":"","format":"standard","meta":[],"categories":[1,109],"tags":[309,308],"_links":{"self":[{"href":"https:\/\/www.ambalajveetiket.com\/index.php\/wp-json\/wp\/v2\/posts\/4787"}],"collection":[{"href":"https:\/\/www.ambalajveetiket.com\/index.php\/wp-json\/wp\/v2\/posts"}],"about":[{"href":"https:\/\/www.ambalajveetiket.com\/index.php\/wp-json\/wp\/v2\/types\/post"}],"author":[{"embeddable":true,"href":"https:\/\/www.ambalajveetiket.com\/index.php\/wp-json\/wp\/v2\/users\/2"}],"replies":[{"embeddable":true,"href":"https:\/\/www.ambalajveetiket.com\/index.php\/wp-json\/wp\/v2\/comments?post=4787"}],"version-history":[{"count":2,"href":"https:\/\/www.ambalajveetiket.com\/index.php\/wp-json\/wp\/v2\/posts\/4787\/revisions"}],"predecessor-version":[{"id":4791,"href":"https:\/\/www.ambalajveetiket.com\/index.php\/wp-json\/wp\/v2\/posts\/4787\/revisions\/4791"}],"wp:featuredmedia":[{"embeddable":true,"href":"https:\/\/www.ambalajveetiket.com\/index.php\/wp-json\/wp\/v2\/media\/4790"}],"wp:attachment":[{"href":"https:\/\/www.ambalajveetiket.com\/index.php\/wp-json\/wp\/v2\/media?parent=4787"}],"wp:term":[{"taxonomy":"category","embeddable":true,"href":"https:\/\/www.ambalajveetiket.com\/index.php\/wp-json\/wp\/v2\/categories?post=4787"},{"taxonomy":"post_tag","embeddable":true,"href":"https:\/\/www.ambalajveetiket.com\/index.php\/wp-json\/wp\/v2\/tags?post=4787"}],"curies":[{"name":"wp","href":"https:\/\/api.w.org\/{rel}","templated":true}]}}