{"id":4877,"date":"2021-10-05T15:13:59","date_gmt":"2021-10-05T12:13:59","guid":{"rendered":"https:\/\/www.ambalajveetiket.com\/?p=4877"},"modified":"2022-07-12T19:22:49","modified_gmt":"2022-07-12T16:22:49","slug":"ceren-pack-karton-ambalaj-baskisi-icin-heidelbergi-tercih-etti","status":"publish","type":"post","link":"https:\/\/www.ambalajveetiket.com\/index.php\/2021\/10\/05\/ceren-pack-karton-ambalaj-baskisi-icin-heidelbergi-tercih-etti\/","title":{"rendered":"Ceren Pack,  karton ambalaj bask\u0131s\u0131 i\u00e7in Heidelberg\u2019i tercih etti"},"content":{"rendered":"<h5>\u0130stanbul, Had\u0131mk\u00f6y\u2019de karton ambalaj alan\u0131nda faaliyet g\u00f6steren Ceren Ofset Matbaac\u0131l\u0131k (Ceren Pack), Heidelberg Speedmaster XL 162-5+L b\u00fcy\u00fck ebat ofset bask\u0131 makinesini b\u00fcnyesine katt\u0131<\/h5>\n<p>2003 y\u0131l\u0131ndan bu yana, ofset bask\u0131l\u0131 karton ambalaj konusunda \u00fcretim yapan Ceren Pack, bir\u00e7ok farkl\u0131 kollardaki sanayi firmalar\u0131na hizmet veriyor. Firma, cam e\u015fya, g\u0131da sanayi, elektrikli ev aletleri, mutfak \u00fcr\u00fcnleri, elektronik cihazlar, kozmetik, kimya sanayi ve di\u011fer \u00e7e\u015fitli sekt\u00f6rlerde yer alan T\u00fcrkiye\u2019nin ve d\u00fcnyan\u0131n \u00f6nde gelen kurulu\u015flar\u0131na karton ambalaj \u00e7\u00f6z\u00fcmleri sunuyor.<\/p>\n<p>Ceren Pack\u2019\u0131n yeni yat\u0131r\u0131m\u0131 Heidelberg Speedmaster XL 162-5+L b\u00fcy\u00fck ebat ofset bask\u0131 makinesi, konfig\u00fcrasyonunda bulunan bir\u00e7ok teknolojik yenilik ile \u00fcretimlerine g\u00fc\u00e7 katacak: Makine b\u00fcy\u00fck ekrana sahip Prinect Press Center XL2 kumanda masas\u0131, Intellistart navigasyon yaz\u0131l\u0131m\u0131, Prinect Axis Control renk ve register \u00f6l\u00e7\u00fcm sistemi, AutoPlate XL tam otomatik kal\u0131p takma sistemi, 5 uzatma mod\u00fcl\u00fcne sahip \u00e7\u0131k\u0131\u015f \u00fcnitesi ve y\u00fckseltilmi\u015f makine gibi \u00f6zellikler sayesinde karton ambalaj i\u00e7in son derece modern ve y\u00fcksek verimlili\u011fe sahip bir ekipman.<\/p>\n<p>Ceren Pack ve yeni yat\u0131r\u0131mlar\u0131 hakk\u0131nda Ceren Ofset Matbaac\u0131l\u0131k San. Tic. Ltd. \u015eti, Genel M\u00fcd\u00fcr\u00fc Naim Kalkan, g\u00f6r\u00fc\u015flerini \u015f\u00f6yle ifade ediyor:<\/p>\n<p>\u201cCeren Ofset olarak, ba\u015fta g\u0131da sekt\u00f6r\u00fc olmak \u00fczere oyuncak, plastik, elektrik-elektronik, kimya, kozmetik, tekstil, z\u00fcccaciye ve cam \u00fcr\u00fcnleri gibi sekt\u00f6rlere hizmet vermekteyiz. 2021 y\u0131l\u0131 itibar\u0131 ile \u00fcretim hacmimizin %30\u2019unu 30\u2019dan fazla \u00fclkeye ihra\u00e7 etmekteyiz. Ba\u015fta ABD ve \u0130ngiltere b\u00f6lgesine aktif hizmet vermekte olup, akabinde ise Avrupa b\u00f6lgesi a\u011f\u0131rl\u0131kl\u0131 \u00e7al\u0131\u015fmaktay\u0131z. Hizmet verdi\u011fimiz ba\u015fl\u0131ca \u00fclkeler aras\u0131nda ABD, \u0130srail, \u0130ngiltere, \u0130rlanda, Fransa, \u0130svi\u00e7re, \u0130spanya, \u0130talya, Almanya, Hollanda, Yunanistan, Bulgaristan yer almaktad\u0131r.<\/p>\n<p>Mevcut pazarlarda pazar pay\u0131m\u0131z\u0131 artt\u0131rmak ve artan sat\u0131\u015f rakamlar\u0131m\u0131z\u0131n devam\u0131n\u0131 sa\u011flay\u0131p, s\u00fcrekli b\u00fcy\u00fcyen sat\u0131\u015f ekibimizle pazar pay\u0131m\u0131z\u0131 art\u0131rmak istedi\u011fimiz G\u00fcney ABD, Orta Do\u011fu ve Afrika b\u00f6lgelerine konsantre olmay\u0131 ama\u00e7lamaktay\u0131z.<\/p>\n<h4>Ceren Pack, karton ambalaj sekt\u00f6r\u00fcn\u00fcn \u00f6n\u00fcm\u00fczdeki 5 y\u0131lda h\u0131zla b\u00fcy\u00fcyece\u011fini \u00f6ng\u00f6r\u00fcyor<\/h4>\n<p>Pandemi\u2019nin ba\u015flar\u0131nda sekt\u00f6r olarak di\u011fer sekt\u00f6rler gibi biz de etkilenebilece\u011fimiz y\u00f6n\u00fcnde endi\u015fe ettik fakat \u00e7al\u0131\u015fm\u0131\u015f oldu\u011fumuz sekt\u00f6rlere pandemi d\u00f6neminde artan talepten dolay\u0131 bu d\u00f6nemi b\u00fcy\u00fcmeyle tamamlad\u0131k. Karton ambalaj sekt\u00f6r\u00fc her y\u0131l yukar\u0131 ivme g\u00f6steren bir sekt\u00f6r. Ambalaj sekt\u00f6r\u00fcnde hizmet verilen sekt\u00f6rlerin \u00e7e\u015fitlili\u011fi gelece\u011finin de parlak oldu\u011funu g\u00f6stermektedir. \u00d6n\u00fcm\u00fczdeki be\u015f y\u0131lda sekt\u00f6r\u00fcn h\u0131zla b\u00fcy\u00fcyece\u011fini \u00f6ng\u00f6r\u00fcyoruz. \u00d6zellikle pandemi sebebiyle Uzak Do\u011fu\u2019dan ithalat\u0131n azalmas\u0131 sebebiyle \u00fclkeler kendi \u00fcretimlerini artt\u0131rmaya ba\u015flad\u0131lar. Bu da ambalaj ihtiyac\u0131n\u0131 artt\u0131rd\u0131 ve artt\u0131rmaya devam ediyor.<\/p>\n<p>Artan talebi kar\u015f\u0131lamak, nitelikli personel ve y\u00f6neticilerle m\u00fcmk\u00fcn. Nitelikli personeliniz olmad\u0131\u011f\u0131 s\u00fcrece en iyi makinelere de sahip olsan\u0131z bir anlam ifade etmemektedir.\u00a0 Bunun bilinciyle firmam\u0131zda i\u015finde profesyonelle\u015fmi\u015f personellerle \u00e7al\u0131\u015fmaya \u00f6zen g\u00f6steriyoruz.<\/p>\n<p>Yirmi y\u0131ll\u0131k sekt\u00f6r hayat\u0131m\u0131zda \u00f6ncelikli olarak \u00f6\u011frendi\u011fimiz konu bir ambalajda bask\u0131 kalitesinin m\u00fckemmel olmas\u0131 gerekti\u011fidir. Bunun bilinciyle bask\u0131 kalitesi \u00f6nceliklerimiz aras\u0131ndad\u0131r. Bu sebepten dolay\u0131 makine yat\u0131r\u0131m\u0131 karar\u0131m\u0131z\u0131 ald\u0131\u011f\u0131m\u0131zda \u00f6nceli\u011fimiz Heidelberg markas\u0131 olmu\u015ftur.<\/p>\n<p>Firmam\u0131z a\u011f\u0131rl\u0131kl\u0131 olarak oluklu mukavva s\u0131vamal\u0131 ambalaj \u00fcretimi yapmaktad\u0131r. Bu ambalajlarda genellikle b\u00fcy\u00fck ebatl\u0131 oldu\u011fundan yat\u0131r\u0131m karar\u0131 al\u0131rken tercihimiz b\u00fcy\u00fck ebattan yana oldu. Heidelberg Speedmaster XL 162-5+L ofset bask\u0131 makinesi, sahip oldu\u011fu teknolojik \u00fcst\u00fcnl\u00fckler sayesinde daha verimli ve h\u0131zl\u0131 \u00fcretim yaparak m\u00fc\u015fterilerimizin artan taleplerini kar\u015f\u0131lamam\u0131za yard\u0131mc\u0131 olacakt\u0131r.<\/p>\n<p>Ceren Ofset ailesi olarak Heidelberg T\u00fcrkiye sat\u0131\u015f ekibinden ve sahada \u00e7al\u0131\u015fan teknik personellerinden hem hizmet kalitesi hem de teknik servis g\u00fcc\u00fc a\u00e7\u0131s\u0131ndan yeterli deste\u011fi ald\u0131\u011f\u0131m\u0131z\u0131 ve almaya devam edece\u011fimizi memnuniyetle dile getirmek isteriz.\u201d<\/p>\n","protected":false},"excerpt":{"rendered":"<p>\u0130stanbul, Had\u0131mk\u00f6y\u2019de karton ambalaj alan\u0131nda faaliyet g\u00f6steren Ceren Ofset Matbaac\u0131l\u0131k (Ceren Pack), Heidelberg Speedmaster XL 162-5+L b\u00fcy\u00fck ebat ofset bask\u0131 makinesini b\u00fcnyesine katt\u0131 2003 y\u0131l\u0131ndan bu yana, ofset bask\u0131l\u0131 karton ambalaj konusunda \u00fcretim yapan Ceren Pack, bir\u00e7ok farkl\u0131 kollardaki sanayi firmalar\u0131na hizmet veriyor. Firma, cam e\u015fya, g\u0131da sanayi, elektrikli ev aletleri, mutfak \u00fcr\u00fcnleri, elektronik cihazlar, [&hellip;]<\/p>\n","protected":false},"author":2,"featured_media":4878,"comment_status":"closed","ping_status":"closed","sticky":false,"template":"","format":"standard","meta":[],"categories":[1,27],"tags":[334,331,297,332,48,333],"_links":{"self":[{"href":"https:\/\/www.ambalajveetiket.com\/index.php\/wp-json\/wp\/v2\/posts\/4877"}],"collection":[{"href":"https:\/\/www.ambalajveetiket.com\/index.php\/wp-json\/wp\/v2\/posts"}],"about":[{"href":"https:\/\/www.ambalajveetiket.com\/index.php\/wp-json\/wp\/v2\/types\/post"}],"author":[{"embeddable":true,"href":"https:\/\/www.ambalajveetiket.com\/index.php\/wp-json\/wp\/v2\/users\/2"}],"replies":[{"embeddable":true,"href":"https:\/\/www.ambalajveetiket.com\/index.php\/wp-json\/wp\/v2\/comments?post=4877"}],"version-history":[{"count":1,"href":"https:\/\/www.ambalajveetiket.com\/index.php\/wp-json\/wp\/v2\/posts\/4877\/revisions"}],"predecessor-version":[{"id":4879,"href":"https:\/\/www.ambalajveetiket.com\/index.php\/wp-json\/wp\/v2\/posts\/4877\/revisions\/4879"}],"wp:featuredmedia":[{"embeddable":true,"href":"https:\/\/www.ambalajveetiket.com\/index.php\/wp-json\/wp\/v2\/media\/4878"}],"wp:attachment":[{"href":"https:\/\/www.ambalajveetiket.com\/index.php\/wp-json\/wp\/v2\/media?parent=4877"}],"wp:term":[{"taxonomy":"category","embeddable":true,"href":"https:\/\/www.ambalajveetiket.com\/index.php\/wp-json\/wp\/v2\/categories?post=4877"},{"taxonomy":"post_tag","embeddable":true,"href":"https:\/\/www.ambalajveetiket.com\/index.php\/wp-json\/wp\/v2\/tags?post=4877"}],"curies":[{"name":"wp","href":"https:\/\/api.w.org\/{rel}","templated":true}]}}