{"id":4903,"date":"2022-02-24T13:30:38","date_gmt":"2022-02-24T10:30:38","guid":{"rendered":"https:\/\/www.ambalajveetiket.com\/?p=4903"},"modified":"2022-02-24T13:30:40","modified_gmt":"2022-02-24T10:30:40","slug":"dr-oktay-durani-kaybettik","status":"publish","type":"post","link":"https:\/\/www.ambalajveetiket.com\/index.php\/2022\/02\/24\/dr-oktay-durani-kaybettik\/","title":{"rendered":"Dr. Oktay Duran\u2019\u0131 kaybettik"},"content":{"rendered":"<p>Dr. Oktay Duran\u2019\u0131n sekt\u00f6rde ilklere imza atm\u0131\u015f \u00f6nc\u00fc rol\u00fc ve vizyonu kendi i\u015finin \u00f6tesinde, t\u00fcm sekt\u00f6r\u00fc hatta sanayiyi kaps\u0131yor, handikaplar\u0131 g\u00f6rmekle kalm\u0131yor, onlar\u0131n \u00fcstesinden gelmek i\u00e7in ta\u015f\u0131n alt\u0131na \u00f6nce o elini koyuyordu.<\/p>\n<p>Ocak 2002 say\u0131m\u0131zda yer alan bir makalesinde, sekt\u00f6r\u00fcm\u00fczdeki kapasitenin toplam talebi a\u015ft\u0131\u011f\u0131n\u0131 ancak kapasitenin ne kadar oldu\u011fu konusunda kesin bilgiler vermenin zor oldu\u011funu belirterek, \u015f\u00f6yle diyordu:<\/p>\n<p>\u201cSekt\u00f6r\u00fcn problemleri, \u00fclkenin ekonomik problemleriyle paralellik g\u00f6stermekle birlikte, kendine has bir dizi sorunlar\u0131 da olan bir i\u015f koludur. Di\u011fer sanayi kollar\u0131yla mukayese etti\u011fimiz zaman, yaratt\u0131\u011f\u0131 katma de\u011fer en d\u00fc\u015f\u00fck seviyede olan, ulusal ve uluslararas\u0131 ekonomide bir daralma ve yava\u015flama oldu\u011fu anda, bu olumsuzluklardan ilk pay\u0131n\u0131 alacak olan sekt\u00f6r matbaa, k\u00e2\u011f\u0131t, karton ve karton ambalaj sanayiidir.\u201d<\/p>\n<h4>Okul kurma fikri&#8230;<\/h4>\n<p>Dr. Oktay Duran, sorunlar\u0131 tespit ederken, \u00e7\u00f6z\u00fcmler konusunda da elini ta\u015f\u0131n alt\u0131na ilk koyanlardan olmu\u015f, sekt\u00f6r\u00fcn zaten s\u0131n\u0131rl\u0131 olan, i\u015f g\u00fcc\u00fc ve kalite kay\u0131plar\u0131na a\u015f\u0131r\u0131 duyarl\u0131 katma de\u011ferini korumak ve geli\u015ftirmek i\u00e7in gerekli kalifiye personel yeti\u015ftirecek bir okulu, Dr. Oktay Duran Matbaa Meslek Lisesi\u2019ni kurmu\u015f 1999-2000 \u00f6\u011fretim y\u0131l\u0131nda e\u011fitime a\u00e7\u0131lmas\u0131n\u0131 sa\u011flam\u0131\u015ft\u0131.<\/p>\n<p>Onun bir okul yapma fikri, 90\u2019l\u0131 y\u0131llar\u0131n sonlar\u0131nda \u0130stanbul Sanayi Odas\u0131 Vakf\u0131\u2019n\u0131n ba\u015fkanl\u0131\u011f\u0131n\u0131 y\u00fcr\u00fct\u00fcrken geli\u015ftirdi\u011fi, be\u015f bin \u00f6\u011frenci kapasiteli bir end\u00fcstri meslek liseleri kompleksi ger\u00e7ekle\u015ftirme projesinin engellemelerle yar\u0131m kalmas\u0131 sonucu ortaya \u00e7\u0131km\u0131\u015ft\u0131.<\/p>\n<h4>Ambalaj sekt\u00f6r\u00fcnde gelece\u011fi g\u00f6ren vizyona sahipti<\/h4>\n<p>Bug\u00fcn sekt\u00f6r\u00fcn ihracat\u0131n\u0131n lokomotifi olan ambalaj sekt\u00f6r\u00fc hakk\u0131nda da gelece\u011fi g\u00f6ren bir vizyonu vard\u0131. Bahsi ge\u00e7en makalesinde, \u015f\u00f6yle diyordu: \u201cT\u00fcrk bas\u0131m sekt\u00f6r\u00fc daha ziyade kaliteye y\u00f6nelecek \u015fekilde geli\u015ftirilmelidir. Otomasyona daha fazla dikkat edilmesi, kalitenin y\u00fckselmesi ile \u00fcr\u00fcn maliyetlerinin de d\u00fc\u015fmesini ve rekabet edebilir duruma gelmesini sa\u011flayacakt\u0131r.<\/p>\n<p>Bas\u0131m sanayiinde ambalaja y\u00f6nelik yat\u0131r\u0131mlar\u0131n h\u0131zland\u0131r\u0131lmas\u0131, ihracat\u0131m\u0131z\u0131n artmas\u0131na da yard\u0131mc\u0131 olacakt\u0131r.\u201d<\/p>\n<h4>\u00c7al\u0131\u015fanlar\u0131n\u0131n refah\u0131na ve e\u011fitimine \u00f6nem verdi<\/h4>\n<p>\u00c7al\u0131\u015fanlar\u0131n\u0131n refah\u0131 ve e\u011fitimi de Dr. Oktay Duran\u2019\u0131n \u00f6ncelikleri aras\u0131ndayd\u0131. T\u00fcrkiye\u2019de ilk kez, 1974 y\u0131l\u0131nda 15 teknik eleman\u0131n\u0131 drupa fuar\u0131na g\u00f6t\u00fcren matbaac\u0131d\u0131r. Bu konuda, \u015f\u00f6yle diyordu: \u201cYurt d\u0131\u015f\u0131na hi\u00e7 \u00e7\u0131kmam\u0131\u015f olan o arkada\u015flar\u0131m, o teknolojiyi, o d\u00fcnyan\u0131n \u00fcretti\u011fi yenilikleri g\u00f6rd\u00fckleri zaman \u00e7ok etkilenmi\u015flerdi. Bunun o insanlar\u0131n yeti\u015fmesine katk\u0131s\u0131 oldu diye d\u00fc\u015f\u00fcn\u00fcyorum.\u201d<\/p>\n<p>Cem Ofset\u2019te evli olan t\u00fcm \u00e7al\u0131\u015fanlar\u0131n\u0131n ev sahibi olmalar\u0131n\u0131 sa\u011flamas\u0131, sekt\u00f6rde benzeri olmayan bir ba\u015fka ilkiydi.<\/p>\n<p>Ad\u0131 hep sayg\u0131 ve \u00f6zlemle an\u0131lacak.<\/p>\n<h2>Sadettin Ka\u015f\u0131k\u0131r\u0131k \/ Bas\u0131m Sanayi E\u011fitim Vakf\u0131 (BASEV) Y\u00f6netim Kurulu Ba\u015fkan\u0131:<\/h2>\n<p>\u201cDr. Oktay Duran; bu sekt\u00f6re ad\u0131n\u0131 alt\u0131n harflerle yazd\u0131rm\u0131\u015f ger\u00e7ek bir duayendi\u201d<\/p>\n<p>Say\u0131n Dr. Oktay Duran\u2019\u0131, ben de sekt\u00f6rden bir\u00e7ok ki\u015fi gibi, bir sekt\u00f6r duayeni olarak tan\u0131d\u0131m.<\/p>\n<p>Kendisi ile bir\u00e7ok sekt\u00f6r toplant\u0131s\u0131nda bir arada olduk ama ben; Dr. Oktay Duran\u2019\u0131, kendisinden dinlemi\u015f biri olarak, kendimi olduk\u00e7a \u015fansl\u0131 g\u00f6r\u00fcyorum.<\/p>\n<p>Ba\u015fkan\u0131 bulundu\u011fum ve k\u0131sa ad\u0131 BASEV olan Bas\u0131m Sanayi E\u011fitim Vakf\u0131 M\u00fctevellisiydi Say\u0131n Oktay Duran.<\/p>\n<p>Vakf\u0131m\u0131z\u0131n ikinci onur \u00f6d\u00fcl\u00fc sahibiydi.<\/p>\n<p>Yine vakf\u0131m\u0131z\u0131n 2017 y\u0131l\u0131nda T\u00fcyap Fuar ve Kongre Merkezi\u2019nde d\u00fczenlenen Printtek Fuar\u0131 stand\u0131m\u0131zda; sekt\u00f6rde elli y\u0131l\u0131n\u0131 doldurmu\u015f duayenlere arz etti\u011fimiz \u00f6zel \u00f6d\u00fcl sahibiydi.<\/p>\n<p>Bunlar\u0131n yan\u0131 s\u0131ra; sekt\u00f6r\u00fcm\u00fcz ile birlikte \u00fclkenin bir\u00e7ok sosyal platformunda bulundu\u011funu ve bulunmaya devam etti\u011fini anlatm\u0131\u015ft\u0131 o \u00f6zel sohbette bana.<\/p>\n<p>\u0130SO Vakf\u0131 Y\u00f6netim Kurulu Ba\u015fkanl\u0131\u011f\u0131 ve \u0130SO Meclis Ba\u015fkan Vekilli\u011fi g\u00f6revlerinde bulunan ve \u0130SO Meclis Onur \u00dcyesi olan Say\u0131n Dr. Oktay Duran ile \u0130stanbul Sanayi Odas\u0131\u2019n\u0131n ge\u00e7en y\u0131l d\u00fczenledi\u011fi bir gezide yapm\u0131\u015ft\u0131k bu sohbeti.<\/p>\n<p>En \u00e7ok da, ba\u011f\u0131\u015f\u00e7\u0131s\u0131 oldu\u011fu ve hamili\u011fini \u00fcstlendi\u011fi Dr. Oktay Duran Mesleki ve Teknik Anadolu Lisesi\u2019nin y\u0131k\u0131l\u0131p yeniden yap\u0131lmas\u0131na \u00e7ok sevindi\u011fini s\u00f6ylemi\u015fti.<\/p>\n<p>2005-2008 y\u0131llar\u0131 aras\u0131nda T\u00fcyap Fuar ve Kongre Merkezi\u2019nde BASEV &amp; Tifa\u015f A.\u015e. ortakl\u0131\u011f\u0131 ile d\u00fczenlenen Marketingist fuarlar\u0131n\u0131n birinde; kendisinin her zaman her yerde detaylar\u0131 ile anlatt\u0131\u011f\u0131 \u201cinsan\u0131n do\u011fumundan \u00f6l\u00fcm\u00fcne k\u00e2\u011f\u0131t\u201d s\u00f6z\u00fcnden esinlenerek bir Ka\u011f\u0131t T\u00fcneli a\u00e7m\u0131\u015ft\u0131k.<\/p>\n<p>Kendisinin \u00f6nerisi ile insan\u0131n do\u011fumunda verilen do\u011fum k\u00e2\u011f\u0131d\u0131 ile ba\u015flayan t\u00fcnelin \u00e7\u0131k\u0131\u015f\u0131ndaki son obje; \u201c\u00d6l\u00fcm K\u00e2\u011f\u0131d\u0131\u201d olmu\u015ftu.<\/p>\n<p>En son; 20 Eyl\u00fcl 2021 tarihinde y\u00fcz y\u00fcze ger\u00e7ekle\u015ftirdi\u011fimiz BASEV Y\u00f6netim Kurulu ve BASEV Y\u00fcksek Dan\u0131\u015fma Kurulu ortak toplant\u0131s\u0131nda bir arada oldu\u011fumuz Say\u0131n Dr. Oktay Duran; bu sekt\u00f6re ad\u0131n\u0131 alt\u0131n harflerle yazd\u0131rm\u0131\u015f ger\u00e7ek bir duayendi.<\/p>\n<p>Kurucusu ve Onursal Ba\u015fkan\u0131 oldu\u011fu Cem Ofset\u2019te evlatlar\u0131n\u0131n, babalar\u0131ndan ald\u0131\u011f\u0131 bayra\u011f\u0131 \u00e7ok daha yukar\u0131lara ta\u015f\u0131yaca\u011f\u0131 inanc\u0131m sonsuzdur.<\/p>\n<p>I\u015f\u0131klar i\u00e7inde uyusun\u2026<\/p>\n<h2>Tuncer Sezergil: \u201cHepimizi i\u00e7ten yaralayan b\u00fcy\u00fck kay\u0131p\u201d<\/h2>\n<p>Her \u00f6l\u00fcm erken \u00f6l\u00fcmd\u00fcr derler ama bu sefer hem erken hem de daha yapaca\u011f\u0131 \u00e7ok yararl\u0131 i\u015fler varken ya\u015fad\u0131\u011f\u0131m\u0131z bu kayb\u0131m\u0131z\u0131n telafisi yoktur. Ben, 55 y\u0131ld\u0131r gururla \u00fcyesi oldu\u011f\u0131m bas\u0131m sekt\u00f6r\u00fcnde Dr. Oktay DURAN kadar mesle\u011fine a\u015f\u0131k, sahip oldu\u011fu b\u00fct\u00fcn imk\u00e2nlar\u0131n\u0131 mesle\u011fine veren ba\u015fka birini tan\u0131mad\u0131m. Tabii mesle\u011fimize hizmet veren de\u011ferli insanlar var. Hepimiz elimizden geldi\u011fi kadar katk\u0131da bulunmaya \u00e7al\u0131\u015fm\u0131\u015f\u0131zd\u0131r. Ama \u00e7e\u015fitli sekt\u00f6r kurulu\u0131\u015flar\u0131na onun kadar destek vereni, k\u00e2\u011f\u0131t ve teknoloji gibi konularda onun kadar kitap yazan, matbaas\u0131n\u0131 ve her t\u00fcrl\u00fc imk\u00e2n\u0131n\u0131\u00a0 meslek i\u00e7in kullanan ve tabii\u00a0 sekt\u00f6r\u00fcm\u00fcze bir okul arma\u011fan eden ba\u015fka birini tan\u0131mad\u0131m. Yani Dr. OKTAY DURAN Matbaa Meslek Lisesi gibi. Bundan daha b\u00fcy\u00fck bir hizmet olabilir mi? CEM OFSET\u2019in 20 y\u0131l\u0131 dolay\u0131s\u0131yla Alpay Kabacal\u0131ya haz\u0131rlatt\u0131\u011f ( Cumhuriyet \u00d6ncesi ve Sonras\u0131 Matbaa ve Bas\u0131n) kitab\u0131 ba\u015fl\u0131 ba\u015f\u0131na \u00f6nemli bir eserdir.<\/p>\n<p>A\u00e7\u0131k\u00e7as\u0131 saymakla bitmez. BASMEN\u2019in ilk dergisini de o basm\u0131\u015ft\u0131r. Bu konuda bana g\u00f6sterdi\u011fi dostlu\u011fu ve verdi\u011fi deste\u011fi unutabilir miyim?<\/p>\n<p>B\u00fct\u00fcn bunlar\u0131n d\u0131\u015f\u0131nda daima g\u00fcler y\u00fczl\u00fc, daima centilmen ve her zaman \u015f\u0131k Oktay\u2019\u0131 ya\u015fad\u0131\u011f\u0131m arklada\u015fl\u0131k sohbetlerini ve dostluk ili\u015fkilerini daima \u00f6zlem ve rahmetle anaca\u011f\u0131m.<\/p>\n<p>Yeri elbette doldurulmaz ve Dr.Oktay DURAN ad\u0131 mesle\u011fimize ve kalplerimize silinmez bir efsane olarak yerle\u015fmi\u015ftir.<\/p>\n<p>I\u015f\u0131klar i\u00e7inde uyu sevgili dostum.<\/p>\n<h2>KASAD Karton Ambalaj Sanayicileri Derne\u011fi: \u201cZamans\u0131z kaybetti\u011fimiz Dr. Oktay Duran ismi sonsuza kadar ya\u015fayacak\u201d<\/h2>\n<p>Derne\u011fimiz kurucular\u0131ndan olan Dr. Oktay Duran, \u0130zmir\u2019de 1941 y\u0131l\u0131nda do\u011fdu. Eski\u015fehir \u0130ktisadi ve Ticari \u0130limler Fak\u00fcltesi\u2019nden mezun oldu. Ekonomi dal\u0131nda ara\u015ft\u0131rmalar yapt\u0131. Ambalaj ve bask\u0131 tekni\u011fi \u00fczerinde uzmanla\u015ft\u0131. 1988 y\u0131l\u0131nda Bas\u0131m Sanayimiz Ka\u011f\u0131t ve Karton \u00dcretiminin \u00dclkemizdeki Durumu\u201d isimli tezi ile y\u00fcksek lisans \u00e7al\u0131\u015fmas\u0131n\u0131 tamamlad\u0131. Bas\u0131m \u0130\u015fletmecili\u011fi tezi ile 1991 y\u0131l\u0131nda doktor unvan\u0131 ald\u0131. Cem Ofset ve S\u00fcmer Yay\u0131n Matbaac\u0131l\u0131k Y\u00f6netim Kurulu Ba\u015fkan\u0131, Kartonsan A.\u015e. Murahhas \u00dcyesi ve Y\u00f6netim Kurulu Ba\u015fkan Vekili olarak \u00e7al\u0131\u015ft\u0131. Marmara \u00dcniversitesi ve \u0130stanbul \u00dcniversitesi \u0130leti\u015fim fak\u00fcltelerinde \u00f6\u011fretim g\u00f6revlisi olarak bulundu. T\u00fcrkiye Gazeteciler Cemiyeti Onursal \u00dcyesi de olan Dr. Oktay Duran, \u0130stanbul Sanayi Odas\u0131\u2019nda da \u00fc\u00e7 d\u00f6nem Y\u00f6netim Kurulu \u00dcyesi ve Meclis Ba\u015fkan Vekili olarak \u00e7al\u0131\u015fmalar\u0131n\u0131 s\u00fcrd\u00fcrd\u00fc.<\/p>\n<p>Dr. Oktay Duran sekt\u00f6r\u00fcm\u00fcz\u00fcn duayen ismiydi. 60 y\u0131ldan fazla karton ambalaj sekt\u00f6r\u00fcnde emek verdi, Cem Ofset\u2019in kurucusu ve onursal Ba\u015fkan\u0131 olan Dr. Oktay Duran, yazd\u0131\u011f\u0131 kitaplar ve \u00fcniversitelerde verdi\u011fi derslerle de sekt\u00f6r e\u011fitimine b\u00fcy\u00fck katk\u0131lar sundu. \u201cD\u00fc\u015f\u00fcnd\u00fcklerim yazd\u0131klar\u0131m\u201d, \u201cBas\u0131m Tekni\u011fi ve \u0130\u015fletmecili\u011fi\u201d, \u201cHayat\u0131n \u0130\u00e7inden Kesitler\u201d ve \u201cBa\u015far\u0131y\u0131 \u00dcretmek\u201d kitaplar\u0131n\u0131 \u00f6zellikle sekt\u00f6rdeki gen\u00e7lere yol g\u00f6stermek \u00fczere kaleme ald\u0131. Bunlarla yetinmedi, \u201cCerrah Yazar Tar\u0131k Minkari\u201d derlemesini ve \u201cCumhuriyet \u00d6ncesi ve Sonras\u0131 Matbaa ve Bas\u0131m Sanayii\u201d ve \u201cSosyal Hayatta \u0130leti\u015fim\u201d konular\u0131ndaki kitaplar\u0131n yaz\u0131lmas\u0131n\u0131 sa\u011flad\u0131.<\/p>\n<p>Sanata da d\u00fc\u015fk\u00fcnd\u00fc mesle\u011fi gere\u011fi. D\u00fcnyaca \u00fcnl\u00fc foto\u011fraf sanat\u00e7\u0131m\u0131z Sami G\u00fcner bir trafik kazas\u0131 sonucu hayat\u0131n\u0131 kaybetti\u011finde, onun an\u0131s\u0131n\u0131 ya\u015fatmak \u00fczere, onun eserlerinden olu\u015fan \u201cSami G\u00fcner Objektifinden\u201d isimli kitab\u0131n derlemesini haz\u0131rlad\u0131 ve yay\u0131mlad\u0131, hatta o y\u0131lki Cem Ofset takvimini Sami G\u00fcner foto\u011fraflar\u0131 s\u00fcsledi.<\/p>\n<p>Bu e\u011fitim sevdas\u0131yla kurdu\u011fu Dr. Oktay Duran Mesleki ve Teknik Anadolu Lisesi ile ismi sonsuza kadar ya\u015fayacak ve sekt\u00f6r\u00fcm\u00fcz i\u00e7in k\u0131ymetli gen\u00e7ler yeti\u015ftirmeye devam edecek. Kendisine Allah\u2019tan rahmet diliyoruz, topra\u011f\u0131 bol olsun.<\/p>\n<p>\u015eimdi bayra\u011f\u0131 \u00e7ocuklar\u0131 Ali Cem Duran ve \u00fcyemiz Emre Duran devrald\u0131lar. Onlar\u0131n da sekt\u00f6r\u00fcm\u00fczde \u00e7ok ba\u015far\u0131l\u0131 i\u015fler yapacaklar\u0131na ve babalar\u0131ndan ald\u0131klar\u0131 bayra\u011f\u0131 onun \u00e7al\u0131\u015fkanl\u0131\u011f\u0131 ve azmi ile daha da y\u00fckseklere \u00e7\u0131karacaklar\u0131na, g\u00fczide kurulu\u015fumuz Cem Ofset\u2019i \u00e7ok daha iyi yerlere getireceklerine inan\u0131yoruz.<\/p>\n","protected":false},"excerpt":{"rendered":"<p>Dr. Oktay Duran\u2019\u0131n sekt\u00f6rde ilklere imza atm\u0131\u015f \u00f6nc\u00fc rol\u00fc ve vizyonu kendi i\u015finin \u00f6tesinde, t\u00fcm sekt\u00f6r\u00fc hatta sanayiyi kaps\u0131yor, handikaplar\u0131 g\u00f6rmekle kalm\u0131yor, onlar\u0131n \u00fcstesinden gelmek i\u00e7in ta\u015f\u0131n alt\u0131na \u00f6nce o elini koyuyordu. Ocak 2002 say\u0131m\u0131zda yer alan bir makalesinde, sekt\u00f6r\u00fcm\u00fczdeki kapasitenin toplam talebi a\u015ft\u0131\u011f\u0131n\u0131 ancak kapasitenin ne kadar oldu\u011fu konusunda kesin bilgiler vermenin zor oldu\u011funu [&hellip;]<\/p>\n","protected":false},"author":2,"featured_media":4904,"comment_status":"closed","ping_status":"closed","sticky":false,"template":"","format":"standard","meta":[],"categories":[1,27],"tags":[353,352,48,288],"_links":{"self":[{"href":"https:\/\/www.ambalajveetiket.com\/index.php\/wp-json\/wp\/v2\/posts\/4903"}],"collection":[{"href":"https:\/\/www.ambalajveetiket.com\/index.php\/wp-json\/wp\/v2\/posts"}],"about":[{"href":"https:\/\/www.ambalajveetiket.com\/index.php\/wp-json\/wp\/v2\/types\/post"}],"author":[{"embeddable":true,"href":"https:\/\/www.ambalajveetiket.com\/index.php\/wp-json\/wp\/v2\/users\/2"}],"replies":[{"embeddable":true,"href":"https:\/\/www.ambalajveetiket.com\/index.php\/wp-json\/wp\/v2\/comments?post=4903"}],"version-history":[{"count":1,"href":"https:\/\/www.ambalajveetiket.com\/index.php\/wp-json\/wp\/v2\/posts\/4903\/revisions"}],"predecessor-version":[{"id":4905,"href":"https:\/\/www.ambalajveetiket.com\/index.php\/wp-json\/wp\/v2\/posts\/4903\/revisions\/4905"}],"wp:featuredmedia":[{"embeddable":true,"href":"https:\/\/www.ambalajveetiket.com\/index.php\/wp-json\/wp\/v2\/media\/4904"}],"wp:attachment":[{"href":"https:\/\/www.ambalajveetiket.com\/index.php\/wp-json\/wp\/v2\/media?parent=4903"}],"wp:term":[{"taxonomy":"category","embeddable":true,"href":"https:\/\/www.ambalajveetiket.com\/index.php\/wp-json\/wp\/v2\/categories?post=4903"},{"taxonomy":"post_tag","embeddable":true,"href":"https:\/\/www.ambalajveetiket.com\/index.php\/wp-json\/wp\/v2\/tags?post=4903"}],"curies":[{"name":"wp","href":"https:\/\/api.w.org\/{rel}","templated":true}]}}