{"id":4906,"date":"2022-02-24T13:35:47","date_gmt":"2022-02-24T10:35:47","guid":{"rendered":"https:\/\/www.ambalajveetiket.com\/?p=4906"},"modified":"2022-07-12T19:21:03","modified_gmt":"2022-07-12T16:21:03","slug":"kipas-kagittan-buyuk-yatirim","status":"publish","type":"post","link":"https:\/\/www.ambalajveetiket.com\/index.php\/2022\/02\/24\/kipas-kagittan-buyuk-yatirim\/","title":{"rendered":"Kipa\u015f Ka\u011f\u0131t&#8217;tan b\u00fcy\u00fck yat\u0131r\u0131m"},"content":{"rendered":"\n<div class=\"wp-block-columns\">\n<div class=\"wp-block-column\" style=\"flex-basis:100%\">\n<h2>Avrupa\u2019n\u0131n en b\u00fcy\u00fck k\u00e2\u011f\u0131t \u00fcretim tesisi S\u00f6ke\u2019de kuruldu<\/h2>\n\n\n\n<h5>Toplam 1 milyar dolarl\u0131k yat\u0131r\u0131m yap\u0131lan Bat\u0131 Kipa\u015f Fabrikas\u0131nda birinci makine deneme \u00fcretimlerine ba\u015flad\u0131; ikinci makine devreye girdi\u011finde Avrupa\u2019n\u0131n tek \u00e7at\u0131 alt\u0131nda k\u00e2\u011f\u0131t \u00fcretimi yapan en b\u00fcy\u00fck tesisi olacak<\/h5>\n<p>Kipa\u015f Holding\u2019e ba\u011fl\u0131 Kipa\u015f Ka\u011f\u0131t \u0130\u015flemelerine T\u00fcrkiye\u2019nin ve Avrupa\u2019n\u0131n en b\u00fcy\u00fc\u011f\u00fc olan Bat\u0131 Kipa\u015f Ka\u011f\u0131t da kat\u0131ld\u0131. Cumhurba\u015fkan\u0131 Recep Tayyip Erdo\u011fan\u2019\u0131n da kat\u0131l\u0131m\u0131yla ger\u00e7ekle\u015fen a\u00e7\u0131l\u0131\u015f 15 Ocak Cumartesi g\u00fcn\u00fc ger\u00e7ekle\u015ftirildi.<\/p>\n<p><img loading=\"lazy\" class=\"alignnone wp-image-4908 size-large\" src=\"https:\/\/www.ambalajveetiket.com\/wp-content\/uploads\/2022\/02\/BatiKipasYonKurBasani_Fabrika-kurdela1-1024x560.jpg\" alt=\"\" width=\"1024\" height=\"560\" srcset=\"https:\/\/www.ambalajveetiket.com\/wp-content\/uploads\/2022\/02\/BatiKipasYonKurBasani_Fabrika-kurdela1-1024x560.jpg 1024w, https:\/\/www.ambalajveetiket.com\/wp-content\/uploads\/2022\/02\/BatiKipasYonKurBasani_Fabrika-kurdela1-300x164.jpg 300w, https:\/\/www.ambalajveetiket.com\/wp-content\/uploads\/2022\/02\/BatiKipasYonKurBasani_Fabrika-kurdela1-768x420.jpg 768w, https:\/\/www.ambalajveetiket.com\/wp-content\/uploads\/2022\/02\/BatiKipasYonKurBasani_Fabrika-kurdela1-1536x840.jpg 1536w, https:\/\/www.ambalajveetiket.com\/wp-content\/uploads\/2022\/02\/BatiKipasYonKurBasani_Fabrika-kurdela1-750x410.jpg 750w, https:\/\/www.ambalajveetiket.com\/wp-content\/uploads\/2022\/02\/BatiKipasYonKurBasani_Fabrika-kurdela1-1140x624.jpg 1140w, https:\/\/www.ambalajveetiket.com\/wp-content\/uploads\/2022\/02\/BatiKipasYonKurBasani_Fabrika-kurdela1.jpg 1908w\" sizes=\"(max-width: 1024px) 100vw, 1024px\" \/><\/p>\n<h4>Fabrikada birinci etap devreye al\u0131nd\u0131, ikinci etab\u0131n y\u00fczde 40\u2019\u0131 tamamland\u0131<\/h4>\n<p>T\u00f6rende konu\u015fan Cumhurba\u015fkan\u0131 Recep Tayyip Erdo\u011fan\u2019\u0131n belirtti\u011fi gibi, ilk etab\u0131 deneme \u00fcretimlerine ba\u015flayan fabrikada ilk etapta 800 ki\u015fi istihdam edilecek, 250 milyon dolarl\u0131k k\u00e2\u011f\u0131t ithalat\u0131n\u0131n \u00f6n\u00fcn\u00fc kesecem fabrikadan ayr\u0131ca 200 milyon dolarl\u0131k ihracat yap\u0131lacak. \u00dcretimi ve ihracat\u0131 ile 450 milyon dolarl\u0131k cari a\u00e7\u0131\u011f\u0131n kapanmas\u0131n\u0131 sa\u011flayacak.<\/p>\n<p>\u0130kinci etap yat\u0131r\u0131mlar\u0131 da h\u0131zla devam ediyor. Y\u00fczde 40\u2019\u0131 tamamlanan ikinci etap i\u00e7in 450 milyon dolarl\u0131k yat\u0131r\u0131m \u00f6ng\u00f6r\u00fclm\u00fc\u015f. B\u00f6ylece toplam 1400 ki\u015fi evine ekmek g\u00f6t\u00fcrecek. Bu fabrika ekonomik katk\u0131lar\u0131n yan\u0131nda \u00e7evreci \u00fcretim anlay\u0131\u015f\u0131 ile faaliyet g\u00f6sterecek. Son teknolojiye sahip makinelerle y\u00fczde y\u00fcz geri d\u00f6n\u00fc\u015f\u00fcml\u00fc at\u0131k ka\u011f\u0131ttan ve \u00fcretilecek k\u00e2\u011f\u0131t t\u00fcr\u00fcne g\u00f6re sel\u00fcloz kullan\u0131m\u0131yla da \u00fcretim yap\u0131larak, istihdama, \u00fcretime ve \u00fclke ekonomisine katk\u0131 sa\u011flanacak.<\/p>\n<p>Kipa\u015f K\u00e2\u011f\u0131t Y\u00f6netim Kurulu Ba\u015fkan\u0131 Mehmet Hanefi \u00d6ks\u00fcz a\u00e7\u0131l\u0131\u015f t\u00f6reninde yapt\u0131\u011f\u0131 konu\u015fmada birinci etap yat\u0131r\u0131m\u0131n\u0131n 550 milyon dolara mal oldu\u011funu ve devreye al\u0131nd\u0131\u011f\u0131n\u0131 a\u00e7\u0131klad\u0131.<\/p>\n<p>\u201c\u0130kinci etap 450 milyon dolarl\u0131k makinenin kurulumunun %40\u2019\u0131 tamamland\u0131. \u0130kinci makinenin devreye al\u0131nmas\u0131yla Avrupa\u2019n\u0131n tek \u00e7at\u0131 alt\u0131nda k\u00e2\u011f\u0131t \u00fcretimi yapan en b\u00fcy\u00fck tesisi olacak\u201d diyen \u00d6ks\u00fcz, fabrikay\u0131 \u015f\u00f6yle anlat\u0131yor:<\/p>\n<h4>S\u0131f\u0131r at\u0131k sistemi ile \u00e7evre dostu bir fabrika<\/h4>\n<p>\u201cS\u0131f\u0131r at\u0131k sistemine g\u00f6re yap\u0131lm\u0131\u015f \u00e7ok \u00e7evre dostu bir fabrika. Hurda k\u00e2\u011f\u0131tla \u00fcretim\u00a0 yap\u0131lan fabrikada, \u00fcretilecek k\u00e2\u011f\u0131d\u0131n t\u00fcrlerine g\u00f6re sel\u00fcloz da kullan\u0131l\u0131yor. K\u00e2\u011f\u0131ttan \u00e7\u0131kan at\u0131klar\u0131n tamam\u0131 \u00f6zel bir kazanda bertaraf ediliyor. Ar\u0131tma sisteminden \u00e7\u0131kan bakterilerin temizledi\u011fi gazdan 4 megavat elektrik elde ediliyor. Kendi buhar kazan\u0131ndan da 55 megavat elektrik elde ediliyor. Dolay\u0131s\u0131yla 100 megavat g\u00fcc\u00fcndeki tesis elektrik sarfiyat\u0131n\u0131n %60-70\u2019ini kendisi kar\u015f\u0131l\u0131yor. Ar\u0131tman\u0131n \u00e7amurlar\u0131 da kazanda yak\u0131larak bertaraf ediliyor.\u201d<\/p>\n<h4>T\u00fcrkiye\u2019nin ithal etti\u011fi ka\u011f\u0131tlar burada \u00fcretilecek<\/h4>\n<p>Birinci makinede T\u00fcrkiye\u2019nin ithal etti\u011fi k\u00e2\u011f\u0131tlar \u00fcretilecek. Bu Kipa\u015f Ka\u011f\u0131t S\u00f6ke fabrikas\u0131na Stratejik Yat\u0131r\u0131m Belgesi alma hakk\u0131 kazand\u0131rd\u0131. \u0130thalat\u0131na 250 milyon dolar \u00f6denen k\u00e2\u011f\u0131tlar burada \u00fcretilecek ve yakla\u015f\u0131k ayn\u0131 tutarda ihracat yap\u0131lacak.<\/p>\n<p>\u0130ki makine 5000 TIR ile fabrikaya getirildi ve toplam yat\u0131r\u0131m bedeli 1 milyar dolar. Temeli atar atmaz pandemi ba\u015flad\u0131\u011f\u0131n\u0131, pandemi s\u00fcrecinde istihdam artt\u0131r\u0131larak yat\u0131r\u0131ma devam edildi\u011fini belirten M. Hanefi \u00d6ks\u00fcz \u015funlar\u0131 s\u00f6yl\u00fcyor:<\/p>\n<p>\u201c\u015eimdi bunun ne kadar do\u011fru bir yol\u00a0 oldu\u011funu \u00e7ok iyi anl\u0131yoruz. Bu fabrikay\u0131 pandekmi s\u00fcrecinde tamamlad\u0131k. Tabii \u00e7ok zorland\u0131k, makinelerimiz ge\u00e7 geldi, hastalanan i\u015f\u00e7ilerimiz, mont\u00f6rler oldu ama bug\u00fcn birinci etab\u0131 tamamlad\u0131k ve ihracata ba\u015flad\u0131k. Daha deneme \u00e7al\u0131\u015fmas\u0131nda 30 milyon dolar ihracat yapm\u0131\u015f durumday\u0131z.\u201d<\/p>\n<h4>Kipa\u015f K\u00e2\u011f\u0131t 500 b\u00fcy\u00fck sanayi kurulu\u015fu listesinde 214. s\u0131rada<\/h4>\n<p>1984 y\u0131l\u0131nda iki gen\u00e7 giri\u015fimci (Mehmet Hanefi \u00d6ks\u00fcz ve Halil \u0130brahim G\u00fcm\u00fc\u015fer) taraf\u0131ndan kurulan Kipa\u015f Holding\u2019in tekstil, \u00e7imento, k\u00e2\u011f\u0131t, enerji gibi farkl\u0131 sekt\u00f6rlerde yat\u0131r\u0131mlar\u0131 var. \u0130stanbul Sanayi Odas\u0131\u2019n\u0131n her y\u0131l haz\u0131rlad\u0131\u011f\u0131 T\u00fcrkiye\u2019nin 500 B\u00fcy\u00fck Sanayi Kurulu\u015fu listesinde Kipa\u015f Ka\u011f\u0131t (214. s\u0131ra) dahil d\u00f6rt \u015firketi yer al\u0131yor. Grup 12 bin \u00e7al\u0131\u015fan\u0131yla y\u0131ll\u0131k 250 milyon dolar ihracat yap\u0131yor.<\/p>\n<p>End\u00fcstri 4.0 uyumlu teknoloji altyap\u0131s\u0131yla \u00fcretim yapan entegre tesisleriyle Kipa\u015f Ka\u011f\u0131t, T\u00fcrkiye\u2019nin k\u00e2\u011f\u0131t ve oluklu mukavva alan\u0131nda en h\u0131zl\u0131 b\u00fcy\u00fcyen \u015firketi. Kipa\u015f Ka\u011f\u0131t en \u00e7ok ihracat yapan 1000 firma listesinde de \u00fcst s\u0131ralarda yer al\u0131yor ve Avrupa ve Amerika dahil d\u00f6rt k\u0131tada 100\u2019\u00fc a\u015fk\u0131n \u00fclkeye ihracat yap\u0131yor. Firman\u0131n halen Kahramanmara\u015f, Boz\u00fcy\u00fck \/ Bilecik ve S\u00f6ke \/ Ayd\u0131n\u2019da \u00fc\u00e7 \u00fcretim tesisi var.<\/p>\n<p>Kipa\u015f Ka\u011f\u0131t, 2500 \u00e7al\u0131\u015fan\u0131 ile ham maddesi at\u0131k k\u00e2\u011f\u0131t olan Kahramanmara\u015f fabrikas\u0131nda y\u0131lda 450 bin ton \u00fcretim kapasitesine sahip. Boz\u00fcy\u00fck oluklu ambalaj tesisi 108 bin ton \u00fcretim kapasitesine ve S\u00f6ke fabrikas\u0131 ise 730 bin ton \u00fcretim kapasitesine sahip.<\/p>\n<\/div>\n<\/div>\n","protected":false},"excerpt":{"rendered":"<p>Avrupa\u2019n\u0131n en b\u00fcy\u00fck k\u00e2\u011f\u0131t \u00fcretim tesisi S\u00f6ke\u2019de kuruldu Toplam 1 milyar dolarl\u0131k yat\u0131r\u0131m yap\u0131lan Bat\u0131 Kipa\u015f Fabrikas\u0131nda birinci makine deneme \u00fcretimlerine ba\u015flad\u0131; ikinci makine devreye girdi\u011finde Avrupa\u2019n\u0131n tek \u00e7at\u0131 alt\u0131nda k\u00e2\u011f\u0131t \u00fcretimi yapan en b\u00fcy\u00fck tesisi olacak Kipa\u015f Holding\u2019e ba\u011fl\u0131 Kipa\u015f Ka\u011f\u0131t \u0130\u015flemelerine T\u00fcrkiye\u2019nin ve Avrupa\u2019n\u0131n en b\u00fcy\u00fc\u011f\u00fc olan Bat\u0131 Kipa\u015f Ka\u011f\u0131t da kat\u0131ld\u0131. Cumhurba\u015fkan\u0131 [&hellip;]<\/p>\n","protected":false},"author":2,"featured_media":4907,"comment_status":"closed","ping_status":"closed","sticky":false,"template":"","format":"standard","meta":[],"categories":[169,1,44],"tags":[357,354,355,356,358],"_links":{"self":[{"href":"https:\/\/www.ambalajveetiket.com\/index.php\/wp-json\/wp\/v2\/posts\/4906"}],"collection":[{"href":"https:\/\/www.ambalajveetiket.com\/index.php\/wp-json\/wp\/v2\/posts"}],"about":[{"href":"https:\/\/www.ambalajveetiket.com\/index.php\/wp-json\/wp\/v2\/types\/post"}],"author":[{"embeddable":true,"href":"https:\/\/www.ambalajveetiket.com\/index.php\/wp-json\/wp\/v2\/users\/2"}],"replies":[{"embeddable":true,"href":"https:\/\/www.ambalajveetiket.com\/index.php\/wp-json\/wp\/v2\/comments?post=4906"}],"version-history":[{"count":1,"href":"https:\/\/www.ambalajveetiket.com\/index.php\/wp-json\/wp\/v2\/posts\/4906\/revisions"}],"predecessor-version":[{"id":4909,"href":"https:\/\/www.ambalajveetiket.com\/index.php\/wp-json\/wp\/v2\/posts\/4906\/revisions\/4909"}],"wp:featuredmedia":[{"embeddable":true,"href":"https:\/\/www.ambalajveetiket.com\/index.php\/wp-json\/wp\/v2\/media\/4907"}],"wp:attachment":[{"href":"https:\/\/www.ambalajveetiket.com\/index.php\/wp-json\/wp\/v2\/media?parent=4906"}],"wp:term":[{"taxonomy":"category","embeddable":true,"href":"https:\/\/www.ambalajveetiket.com\/index.php\/wp-json\/wp\/v2\/categories?post=4906"},{"taxonomy":"post_tag","embeddable":true,"href":"https:\/\/www.ambalajveetiket.com\/index.php\/wp-json\/wp\/v2\/tags?post=4906"}],"curies":[{"name":"wp","href":"https:\/\/api.w.org\/{rel}","templated":true}]}}