{"id":4913,"date":"2022-02-24T13:46:55","date_gmt":"2022-02-24T10:46:55","guid":{"rendered":"https:\/\/www.ambalajveetiket.com\/?p=4913"},"modified":"2022-02-24T13:46:57","modified_gmt":"2022-02-24T10:46:57","slug":"kagit-ve-karton-urunleri-sektorunun-2021-ihracati-2-milyar-350-milyon-dolar-oldu","status":"publish","type":"post","link":"https:\/\/www.ambalajveetiket.com\/index.php\/2022\/02\/24\/kagit-ve-karton-urunleri-sektorunun-2021-ihracati-2-milyar-350-milyon-dolar-oldu\/","title":{"rendered":"K\u00e2\u011f\u0131t ve karton \u00fcr\u00fcnleri sekt\u00f6r\u00fcn\u00fcn 2021 ihracat\u0131  2 milyar 350 milyon dolar oldu"},"content":{"rendered":"<p>K\u00e2\u011f\u0131t ve karton \u00fcr\u00fcnleri sekt\u00f6r\u00fc bu rakam\u0131n 2 milyar 350 milyon dolar\u0131n\u0131 olu\u015fturdu. Sekt\u00f6r ihracat\u0131n\u0131 ge\u00e7en y\u0131la k\u0131yasla y\u00fczde 24 oran\u0131nda art\u0131rd\u0131. T\u00fcrkiye k\u00e2\u011f\u0131t sekt\u00f6r\u00fcn\u00fcn 2021 y\u0131l\u0131nda mevcut ihracat pazarlar\u0131n\u0131 g\u00fc\u00e7lendirdi\u011fini aktaran \u0130stanbul Mobilya, Ka\u011f\u0131t ve Orman \u00dcr\u00fcnleri \u0130hracat\u00e7\u0131lar\u0131 Birli\u011fi Ba\u015fkan Yard\u0131mc\u0131s\u0131 Alican Duran, \u015f\u00f6yle diyor: \u201cT\u00fcrkiye k\u00e2\u011f\u0131t sanayicileri 2021 y\u0131l\u0131nda T\u00fcrkiye ve yurt d\u0131\u015f\u0131nda bir\u00e7ok yeni fabrika yat\u0131r\u0131m\u0131na imza att\u0131. Yap\u0131lan yat\u0131r\u0131mlarla sanayicilerimiz 2021\u2019de de bir\u00e7ok yeni pazara girmeyi ba\u015fard\u0131. 2022\u2019de devam eden yat\u0131r\u0131mlarla ihracattaki g\u00fcc\u00fcm\u00fcz\u00fc art\u0131raca\u011f\u0131z.\u201d<\/p>\n<p>\u0130stanbul Mobilya, Ka\u011f\u0131t ve Orman \u00dcr\u00fcnleri \u0130hracat\u00e7\u0131lar\u0131 Birli\u011fi, sekt\u00f6r\u00fcn 2021 y\u0131l\u0131nda ger\u00e7ekle\u015ftirdi\u011fi ihracat rakamlar\u0131n\u0131 a\u00e7\u0131klad\u0131. Mobilya, k\u00e2\u011f\u0131t ve orman \u00fcr\u00fcnleri sekt\u00f6r\u00fc ge\u00e7en y\u0131l\u0131n ayn\u0131 d\u00f6nemine k\u0131yasla ihracat\u0131n\u0131 y\u00fczde 25,7 oran\u0131nda art\u0131rd\u0131 ve toplamda 7 milyar dolarl\u0131k ihracat yapt\u0131. Sekt\u00f6r i\u00e7inde yer alan k\u00e2\u011f\u0131t ve karton \u00fcr\u00fcnleri sekt\u00f6r\u00fc ihracat rakam\u0131ndan 2 milyar 350 milyon dolar pay ald\u0131. Sekt\u00f6r, Aral\u0131k ay\u0131nda da ihracat\u0131n\u0131 bir \u00f6nceki y\u0131la k\u0131yasla y\u00fczde 41 art\u0131rarak 241 milyon dolarl\u0131k ihracat ger\u00e7ekle\u015ftirdi. K\u00e2\u011f\u0131t ve karton \u00fcr\u00fcnleri sekt\u00f6r\u00fcn\u00fcn 2021 y\u0131l\u0131n\u0131n en \u00f6nemli pazar\u0131 255 milyon dolarla Birle\u015fik Krall\u0131k olurken y\u00fczde 95 ile en y\u00fcksek ihracat art\u0131\u015f\u0131 Fransa\u2019da kaydedildi. \u0130hracatta ilk be\u015fte yer alan \u00fclkeler s\u0131ras\u0131yla Bile\u015fik Krall\u0131k, Irak, \u0130srail, \u0130ran ve ABD oldu.<\/p>\n<h4>2021\u2019de sekt\u00f6r lideri k\u00e2\u011f\u0131t ve karton ambalaj oldu<\/h4>\n<p>T\u00fcrkiye, 2021 y\u0131l\u0131nda 832 milyon dolar ile en \u00e7ok k\u00e2\u011f\u0131t ve karton ambalaj ihracat\u0131 yaparken sekt\u00f6rde ge\u00e7en y\u0131la oranla y\u00fczde 40\u2019\u0131 a\u015fan art\u0131\u015f yakaland\u0131. \u0130hracat\u0131n\u0131 y\u00fczde 37 art\u0131ran oluklu ambalaj sekt\u00f6r\u00fc ihracat rakam\u0131 405 milyon dolara ula\u015ft\u0131. Y\u0131l genelinde ise 181 milyon dolarl\u0131k oluklu olmayan karton ambalaj ihracat\u0131 kaydedildi.<\/p>\n<h4>\u201c2 milyar dolarl\u0131k ihracat hedefimizi a\u015ft\u0131k\u201d<\/h4>\n<p>\u0130hracat rakamlar\u0131n\u0131 de\u011ferlendiren \u0130stanbul Mobilya, Ka\u011f\u0131t ve Orman \u00dcr\u00fcnleri \u0130hracat\u00e7\u0131lar\u0131 Birli\u011fi Ba\u015fkan Yard\u0131mc\u0131s\u0131 Alican Duran, \u201cT\u00fcrkiye\u2019nin 2021 y\u0131l\u0131nda yakalad\u0131\u011f\u0131 ihracat ba\u015far\u0131s\u0131 gibi sekt\u00f6r olarak ihracatta olduk\u00e7a ba\u015far\u0131l\u0131 rakamlara ula\u015ft\u0131k\u201d diyor ve \u015f\u00f6yle devam ediyor: \u201cT\u00fcrkiye k\u00e2\u011f\u0131t sanayicileri 2021 y\u0131l\u0131nda T\u00fcrkiye ve yurt d\u0131\u015f\u0131nda bir\u00e7ok yeni fabrika yat\u0131r\u0131m\u0131na imza att\u0131, \u00fcretim g\u00fcc\u00fcn\u00fc d\u00fcnyaya a\u00e7t\u0131. T\u00fcrkiye k\u00e2\u011f\u0131t sekt\u00f6r\u00fc, 2021 y\u0131l\u0131nda mevcut pazarlar\u0131n\u0131 g\u00fc\u00e7lendirdi. Yap\u0131lan yat\u0131r\u0131mlarla sanayicilerimiz 2021\u2019de de bir\u00e7ok yeni pazara girmeyi ba\u015fard\u0131. Sekt\u00f6r olarak 2021 y\u0131l sonu i\u00e7in 2 milyar dolarl\u0131k ihracat hedefimiz bulunuyordu. Sekt\u00f6r olarak att\u0131\u011f\u0131m\u0131z ad\u0131mlarla 2 milyar dolarl\u0131k ihracat hedefimizi a\u015ft\u0131k. Pandemi, tedarik zincirinde ya\u015fanan sorunlar, ham madde krizi gibi sekt\u00f6r\u00fc ve d\u00fcnya ticaretini olduk\u00e7a zorlayan b\u00f6ylesine bir y\u0131lda hedefleri tutturmak ve hatta a\u015fmak sekt\u00f6r\u00fcm\u00fcz a\u00e7\u0131s\u0131ndan son derece umut verici bir geli\u015fme. 2022 y\u0131l\u0131ndan da olduk\u00e7a umutluyuz. 2022\u2019de devam edece\u011fine inand\u0131\u011f\u0131m\u0131z yurt i\u00e7i ve yurt d\u0131\u015f\u0131 yat\u0131r\u0131m at\u0131l\u0131mlar\u0131yla ham madde temininde ya\u015fanan zorluklara ra\u011fmen 2021\u2019e g\u00f6re ihracatta \u00e7ift haneli bir b\u00fcy\u00fcme ya\u015fanaca\u011f\u0131n\u0131 \u00f6ng\u00f6r\u00fcyoruz.\u201d<\/p>\n","protected":false},"excerpt":{"rendered":"<p>K\u00e2\u011f\u0131t ve karton \u00fcr\u00fcnleri sekt\u00f6r\u00fc bu rakam\u0131n 2 milyar 350 milyon dolar\u0131n\u0131 olu\u015fturdu. Sekt\u00f6r ihracat\u0131n\u0131 ge\u00e7en y\u0131la k\u0131yasla y\u00fczde 24 oran\u0131nda art\u0131rd\u0131. T\u00fcrkiye k\u00e2\u011f\u0131t sekt\u00f6r\u00fcn\u00fcn 2021 y\u0131l\u0131nda mevcut ihracat pazarlar\u0131n\u0131 g\u00fc\u00e7lendirdi\u011fini aktaran \u0130stanbul Mobilya, Ka\u011f\u0131t ve Orman \u00dcr\u00fcnleri \u0130hracat\u00e7\u0131lar\u0131 Birli\u011fi Ba\u015fkan Yard\u0131mc\u0131s\u0131 Alican Duran, \u015f\u00f6yle diyor: \u201cT\u00fcrkiye k\u00e2\u011f\u0131t sanayicileri 2021 y\u0131l\u0131nda T\u00fcrkiye ve yurt d\u0131\u015f\u0131nda [&hellip;]<\/p>\n","protected":false},"author":2,"featured_media":4914,"comment_status":"closed","ping_status":"closed","sticky":false,"template":"","format":"standard","meta":[],"categories":[168,169,1,109],"tags":[361,363,362,364],"_links":{"self":[{"href":"https:\/\/www.ambalajveetiket.com\/index.php\/wp-json\/wp\/v2\/posts\/4913"}],"collection":[{"href":"https:\/\/www.ambalajveetiket.com\/index.php\/wp-json\/wp\/v2\/posts"}],"about":[{"href":"https:\/\/www.ambalajveetiket.com\/index.php\/wp-json\/wp\/v2\/types\/post"}],"author":[{"embeddable":true,"href":"https:\/\/www.ambalajveetiket.com\/index.php\/wp-json\/wp\/v2\/users\/2"}],"replies":[{"embeddable":true,"href":"https:\/\/www.ambalajveetiket.com\/index.php\/wp-json\/wp\/v2\/comments?post=4913"}],"version-history":[{"count":1,"href":"https:\/\/www.ambalajveetiket.com\/index.php\/wp-json\/wp\/v2\/posts\/4913\/revisions"}],"predecessor-version":[{"id":4915,"href":"https:\/\/www.ambalajveetiket.com\/index.php\/wp-json\/wp\/v2\/posts\/4913\/revisions\/4915"}],"wp:featuredmedia":[{"embeddable":true,"href":"https:\/\/www.ambalajveetiket.com\/index.php\/wp-json\/wp\/v2\/media\/4914"}],"wp:attachment":[{"href":"https:\/\/www.ambalajveetiket.com\/index.php\/wp-json\/wp\/v2\/media?parent=4913"}],"wp:term":[{"taxonomy":"category","embeddable":true,"href":"https:\/\/www.ambalajveetiket.com\/index.php\/wp-json\/wp\/v2\/categories?post=4913"},{"taxonomy":"post_tag","embeddable":true,"href":"https:\/\/www.ambalajveetiket.com\/index.php\/wp-json\/wp\/v2\/tags?post=4913"}],"curies":[{"name":"wp","href":"https:\/\/api.w.org\/{rel}","templated":true}]}}