{"id":4919,"date":"2022-05-17T14:39:03","date_gmt":"2022-05-17T11:39:03","guid":{"rendered":"https:\/\/www.ambalajveetiket.com\/?p=4919"},"modified":"2022-07-12T19:20:45","modified_gmt":"2022-07-12T16:20:45","slug":"ilketap-etiket-ve-ambalajdan-yeni-bir-yatirim-turkiyedeki-ilk-12-uniteli-komori-g40-advance-uv-kurulumu","status":"publish","type":"post","link":"https:\/\/www.ambalajveetiket.com\/index.php\/2022\/05\/17\/ilketap-etiket-ve-ambalajdan-yeni-bir-yatirim-turkiyedeki-ilk-12-uniteli-komori-g40-advance-uv-kurulumu\/","title":{"rendered":"\u0130lketap Etiket ve Ambalaj&#8217;dan yeni bir yat\u0131r\u0131m: T\u00fcrkiye\u2019deki ilk 12 \u00fcniteli  Komori G40 Advance UV kurulumu"},"content":{"rendered":"<p>\u00dcretimde \u00e7evreci yakla\u015f\u0131m\u0131n\u0131 \u00f6n plana koyan \u0130lketap, yeni makinas\u0131 ile m\u00fc\u015fterilerinin yald\u0131z folyo ile ba\u011f\u0131n\u0131 kopartmay\u0131 hedefliyor. Komori G40 Advance ile tek ge\u00e7i\u015fte, \u00f6zel metalik m\u00fcrekkeplerle, folyo efektli etiketleri art\u0131k daha kaliteli, daha h\u0131zl\u0131, daha az fire ve daha az maliyetle \u00fcretmesi m\u00fcmk\u00fcn.<\/p>\n<p>Komori G40 Advance\u2019in konfig\u00fcrasyonu, \u0130lketap\u2019\u0131n m\u00fc\u015fteri ihtiya\u00e7lar\u0131ndan yola \u00e7\u0131karak, uzun y\u0131llara dayanan Ar-Ge \u00e7al\u0131\u015fmalar\u0131 sonucu kendi geli\u015ftirdi\u011fi know-how ile, taklit edilemeyen etiketleri basabilmek i\u00e7in d\u00fczenlenmi\u015f. Ebad\u0131 ve konfig\u00fcrasyonu ile d\u00fcnyada ilklerden. Makineden 105 x 75 cm k\u00e2\u011f\u0131t ge\u00e7ebiliyor. Toplamda 12 \u00fcniteli olan makina 9 bask\u0131 \u00fcnitesine sahip.<\/p>\n<p>Komori T\u00fcrkiye Temsilcisi Aras Makina Genel M\u00fcd\u00fcr\u00fc Hamdi Kaymak \u201cGenelde bizde ofset \u00fczerine \u00e7ift lak d\u00fc\u015f\u00fcn\u00fcl\u00fcrken \u0130ketap dizilimde farkl\u0131l\u0131k yaratt\u0131\u201d diyor ve \u015f\u00f6yle devam ediyor: \u201cMakinada ilk \u00fcnite ofset, ikinci \u00fcnite flekso, sonra 6 \u00fcnite ofset ve sonra yine bir flekso \u00fcnitesi var. Bu makina tamamen UV bask\u0131 yapacak, dolay\u0131s\u0131yla ara kurutucu \u00fcniteye (DU \u00fcnitesine) de sahip. \u00c7ok geli\u015fmi\u015f bir kamera sistemi ve renk y\u00f6netim sistemi-spektrofotometresi var. Bask\u0131 s\u0131ras\u0131nda t\u00fcm kros kontrolleri ve Delta-e, L.a.b. renk de\u011ferlerini takip edecek hem kamera sistemi hem de masa \u00fcst\u00fc PDC-SX kontrol sistemine sahip.<\/p>\n<p><img loading=\"lazy\" class=\"alignnone size-large wp-image-4921\" src=\"https:\/\/www.ambalajveetiket.com\/wp-content\/uploads\/2022\/05\/MH225_Ilketap_G-Oztel-02-1024x682.jpg\" alt=\"\" width=\"1024\" height=\"682\" srcset=\"https:\/\/www.ambalajveetiket.com\/wp-content\/uploads\/2022\/05\/MH225_Ilketap_G-Oztel-02-1024x682.jpg 1024w, https:\/\/www.ambalajveetiket.com\/wp-content\/uploads\/2022\/05\/MH225_Ilketap_G-Oztel-02-300x200.jpg 300w, https:\/\/www.ambalajveetiket.com\/wp-content\/uploads\/2022\/05\/MH225_Ilketap_G-Oztel-02-768x512.jpg 768w, https:\/\/www.ambalajveetiket.com\/wp-content\/uploads\/2022\/05\/MH225_Ilketap_G-Oztel-02-1536x1024.jpg 1536w, https:\/\/www.ambalajveetiket.com\/wp-content\/uploads\/2022\/05\/MH225_Ilketap_G-Oztel-02-750x500.jpg 750w, https:\/\/www.ambalajveetiket.com\/wp-content\/uploads\/2022\/05\/MH225_Ilketap_G-Oztel-02-1140x760.jpg 1140w, https:\/\/www.ambalajveetiket.com\/wp-content\/uploads\/2022\/05\/MH225_Ilketap_G-Oztel-02.jpg 1595w\" sizes=\"(max-width: 1024px) 100vw, 1024px\" \/><\/p>\n<p>Makina \u00fczerindeki bu i\u015f kontrolleri \u00fcretim s\u00fcre\u00e7lerinde h\u0131z\u0131 art\u0131yor ve \u00e7ok d\u00fc\u015f\u00fck firelerle i\u015f \u00fcretme imk\u00e2n\u0131 sa\u011fl\u0131yor.\u201d<\/p>\n<p>T\u00fcrkiye\u2019de \u00e7ok say\u0131da G serisi Komori bask\u0131 makinas\u0131 kuruldu ama G Advance\u2019in ilk kurulumu \u0130lketap Etiket ve Ambalaj San. Tic. A.\u015e.\u2019ye yap\u0131ld\u0131. Advance serisi ile \u00e7\u0131tay\u0131 y\u00fckselten \u0130lketap bu teknoloji ile kalitesinden hi\u00e7 taviz vermeden \u00fcretim h\u0131z\u0131n\u0131 art\u0131r\u0131yor ama bunu minimum enerji kullan\u0131m\u0131yla ve minumum fire oranlar\u0131 ile ger\u00e7ekle\u015ftiriyor.<\/p>\n<p>\u0130lketap\u2019\u0131n ikinci ku\u015fak y\u00f6neticisi G\u00f6khan \u00d6ztel\u2019in bu konfig\u00fcrasyonu olu\u015ftururken \u00e7\u0131k\u0131\u015f noktas\u0131 y\u00fcksek kalite ve y\u00fcksek verimlilik olurken, Komori\u2019nin bunlar\u0131n yan\u0131 s\u0131ra \u00e7evreci \u00fcretime imk\u00e2n tan\u0131mas\u0131, en az fire ve tasarruf imk\u00e2nlar\u0131n\u0131 da yaratabiliyor olmas\u0131ndan etkilenmi\u015f. \u00d6zellikle folyo bask\u0131s\u0131 yerine Komori Advance ile k\u00e2\u011f\u0131da tek ge\u00e7i\u015fte metalize bask\u0131 yapabilme yetene\u011fi kazanm\u0131\u015f olmalar\u0131 onu heyecanland\u0131r\u0131yor.<\/p>\n<p>G\u00f6khan \u00d6ztel \u00e7ocuklu\u011funda ve gen\u00e7li\u011finde babas\u0131 ile matbaaya gelerek gelecekteki i\u015fiyle ba\u011f kurmu\u015f ikinci ku\u015fak bir y\u00f6netici. 1996 y\u0131l\u0131nda gitti\u011fi ABD\u2019de Business Management okuduktan sonra 2000\u2019li y\u0131llarda fiilen matbaada \u00e7al\u0131\u015fmaya ba\u015flam\u0131\u015f.<\/p>\n<p>T\u00fcm etiket bask\u0131 teknolojilerine sahip olan, \u015feffaf etikette T\u00fcrkiye\u2019de pazar birincisi olan \u0130lketap Y\u00f6netim Kurulu Ba\u015fkan Vekili G\u00f6khan \u00d6ztel Matbaa Haber Yay\u0131n Y\u00f6netmeni Tamer Ard\u0131\u00e7\u2019\u0131n sorular\u0131n\u0131 yan\u0131tlad\u0131.<\/p>\n<p><img loading=\"lazy\" class=\"alignnone size-large wp-image-10419\" src=\"https:\/\/www.matbaahaber.com\/wp-content\/uploads\/2022\/05\/MH225_Ilketap_HKaymak-GOztel-04-1024x682.jpg\" alt=\"\" width=\"1024\" height=\"682\" \/><\/p>\n<ul>\n<li><em><strong>Bize \u0130lketap\u2019tan s\u00f6z eder misiniz? Ben 80\u2019li y\u0131llarda o d\u00f6nemin en donan\u0131ml\u0131 matbaas\u0131 olan T\u00fcrk Tarih Kurumu Matbaas\u0131\u2019nda g\u00f6rd\u00fc\u011f\u00fcm pres etiket kesim makinalar\u0131n\u0131 sizin matbaan\u0131zda da g\u00f6rd\u00fc\u011f\u00fcm\u00fc ve \u015fa\u015f\u0131rd\u0131\u011f\u0131m\u0131 hat\u0131rl\u0131yorum.<\/strong><\/em><\/li>\n<\/ul>\n<p>\u0130lketap Etiket ve Ambalaj Sanayi Bursa\u2019n\u0131n en eski matbaalar\u0131ndan. Ca\u011falo\u011flu\u2019nda matbaac\u0131l\u0131\u011fa ba\u015flam\u0131\u015f olan babam Sedat \u00d6ztel, taraf\u0131ndan 1981 y\u0131l\u0131nda kuruldu. Kuruldu\u011funda matbu evrak bas\u0131yordu. Etiketin daha reva\u00e7ta olaca\u011f\u0131 d\u00fc\u015f\u00fcn\u00fclerek ofset bask\u0131 ile birlikte etiket alan\u0131nda faaliyete ba\u015fland\u0131. Bursa\u2019da bol kaynak ve i\u00e7ecek sekt\u00f6r\u00fc a\u011f\u0131rl\u0131kl\u0131 oldu\u011fu i\u00e7in su, soda, meyve sular\u0131 i\u00e7in k\u00e2\u011f\u0131t etiket bask\u0131lar\u0131 yap\u0131l\u0131yordu.<\/p>\n<p>\u0130lketap, \u015fimdi i\u00e7ece\u011fin yan\u0131 s\u0131ra kozmetik, g\u0131da, deterjan, ev bak\u0131m\u0131 \u00fcr\u00fcnleri sekt\u00f6rlerine y\u00f6nelik \u00fcretim yap\u0131yor. T\u00fcrkiye\u2019de k\u00e2\u011f\u0131t etiketle etiket sekt\u00f6r\u00fcne ilk ad\u0131m atan matbaalardan\u0131z. G\u00fcn\u00fcm\u00fczde etiket i\u015fi \u00e7ok de\u011fi\u015fti. Art\u0131k farkl\u0131 ambalaj t\u00fcrleri i\u00e7in farkl\u0131 tekniklerle etiketler bas\u0131l\u0131yor. \u0130lketap da m\u00fc\u015fteri taleplerine g\u00f6re kendisini geli\u015ftirdi ve yat\u0131r\u0131mlar\u0131n\u0131 buna paralel olarak art\u0131rd\u0131.<\/p>\n<h4>\u00d6zel metalik bask\u0131 \u00fcnitesi ile folyo bask\u0131s\u0131na alternatif metalik k\u00e2\u011f\u0131t etiket<\/h4>\n<ul>\n<li><em><strong>Neden Komori Advance, neden b\u00f6ylesi bir konfig\u00fcrasyon?<\/strong><\/em><\/li>\n<\/ul>\n<p>Biz etikete Komori makinalar ile ba\u015flad\u0131k. Daha \u00f6nce 4, 5 ve 6 renkli ve lak \u00fcniteli (Anadolu\u2019da ilk) Komori\u2019ler ald\u0131k. \u015eu anda bask\u0131 \u00fcnitesi olarak ikisi flekso olmak 9 bask\u0131 \u00fcniteli, kurutmal\u0131 toplamda 12 \u00fcniteli en son teknolojiyi bar\u0131nd\u0131ran makinam\u0131za da sahibiz.<\/p>\n<p>Ayn\u0131 \u015feyi yapmayal\u0131m farkl\u0131 bir yat\u0131r\u0131m yapal\u0131m ki hem i\u015flerimizin katma de\u011ferini artt\u0131ral\u0131m hem de yeni talepler olu\u015fturabilelim istedik.\u00a0 Bunun i\u00e7in makinaya \u00f6zel bir metalik bask\u0131 \u00fcnitesi koydurduk. Bu ambalaj ve etiket\u00e7ilerin \u00e7ok i\u015fine yarayacak yeni bir teknoloji. Folyolar inline bas\u0131ld\u0131klar\u0131nda ciddi bir firesi var, offline bas\u0131ld\u0131\u011f\u0131nda ise ek bir maliyet s\u00f6z konusu. Ayr\u0131ca s\u00fcrd\u00fcr\u00fclebilir bir \u00e7evre i\u00e7in folyo yerine k\u00e2\u011f\u0131t kullan\u0131m\u0131 da daha tercih edilir bir durum.<\/p>\n<p>Biz bu \u00fcnite ile \u00e7evreci bir yakla\u015f\u0131mla ka\u011f\u0131d\u0131n \u00fczerine metalik renkler basarak fireleri azaltma hedefindeyiz. Bu proje ile ilgili Avusturya\u2019dan global bir ka\u011f\u0131t firmas\u0131 ile bir \u00e7al\u0131\u015fma yapt\u0131k. Bu konuda ald\u0131\u011f\u0131m\u0131z Alt\u0131n ve G\u00fcm\u00fc\u015f \u00f6d\u00fcllerimiz ile de bunu kan\u0131tlad\u0131k.<\/p>\n<ul>\n<li><em><strong>Bu folyo bask\u0131s\u0131na alternatif metalik k\u00e2\u011f\u0131t etiket konusunu biraz daha a\u00e7ar m\u0131s\u0131n\u0131z?<\/strong><\/em><\/li>\n<\/ul>\n<p>Yald\u0131z renkleri en iyi grav\u00fcr bask\u0131 ve folyo ile al\u0131yorsunuz. Ancak fireler fazla.<\/p>\n<p>Biz, folyo yald\u0131z efektini hem rulo da hem tabaka ofsette alabiliyoruz ama tabakada bunu yapmak ekstra i\u015flem gerektiriyor. Bu da ek bir maliyet demek. Aras Makina ile geli\u015ftirdi\u011fimiz bu proje ile tabaka ofsette yald\u0131z renklerde \u00fcst bir noktaya ge\u00e7mi\u015f olduk.<\/p>\n<p>Mirror Effect olarak adland\u0131r\u0131lan y\u00fcksek parlakl\u0131ktaki yeni \u00f6zel m\u00fcrekkeple ve makinam\u0131za ekledi\u011fimiz bu \u00f6zel \u00fcnite ile art\u0131k inline olarak k\u00e2\u011f\u0131da folyo efekti veren bask\u0131 yapma imk\u00e2n\u0131m\u0131z var. Bu da daha \u00e7evreci bir yakla\u015f\u0131m, h\u0131zl\u0131 servis, firelerin azalt\u0131lmas\u0131, maliyetlerin d\u00fc\u015fmesi demek.<\/p>\n<p>G\u00fcn\u00fcm\u00fczde metalize k\u00e2\u011f\u0131t kullan\u0131l\u0131yor ama ciddi maliyeti olan ve \u00e7evreci olmayan bu tarz \u00fcr\u00fcnler bir s\u00fcre sonra tamamen kalkacak. Biz \u015fimdiden bunun altyap\u0131s\u0131n\u0131 kurduk.<\/p>\n<p>M\u00fc\u015fterilerimizden \u00e7ok olumlu geri d\u00f6n\u00fc\u015fler ald\u0131k. Bu daha \u00e7evreci. Yeni pazarlar olu\u015fturmaya \u00e7al\u0131\u015f\u0131yoruz. B\u00f6ylelikle hem i\u015flerimizin kalitesini art\u0131rm\u0131\u015f olaca\u011f\u0131z hem de b\u00fcnyemize yeni i\u015fler katm\u0131\u015f olaca\u011f\u0131z.<\/p>\n<h4>\u201cPazardaki \u00e7ok farkl\u0131 taleplere cevap vermekteyiz\u201d<\/h4>\n<ul>\n<li><strong><em>Dokuz bask\u0131 \u00fcniteli UV bir makinaya yat\u0131r\u0131m yapt\u0131n\u0131z; gelen i\u015flerde renk tercihleri hep b\u00f6yle mi?<\/em><\/strong><\/li>\n<\/ul>\n<p>Pazardaki \u00e7ok farkl\u0131 taleplere cevap vermekteyiz. M\u00fc\u015fteri talepleri \u00fczerine yat\u0131r\u0131m yap\u0131yoruz ama daha da ileriyi d\u00fc\u015f\u00fcn\u00fcyoruz. Gerek makinan\u0131n k\u00e2\u011f\u0131t ebad\u0131 gerek metalik bask\u0131 \u00fcnitesi bunun i\u00e7in. Biz daha \u00e7ok premium i\u015flerle hizmet veriyoruz. Fark\u0131ndal\u0131k yarat\u0131yoruz.<\/p>\n<p>Art\u0131k etikette 4 -5 renkli i\u015f kalmad\u0131. Beyaz, yald\u0131z ve lak ekstra uygulamalar\u0131 da d\u00fc\u015f\u00fcn\u00fcrsek i\u015fler 6 rengin \u00fczerinde ve t\u00fcm bunlar\u0131n inline \u00e7\u00f6z\u00fclmesi talep ediliyor.<\/p>\n<p>G serisinin en son geli\u015ftirilmi\u015f modeli Komori Advance makinam\u0131z\u0131n giri\u015f ve \u00e7\u0131k\u0131\u015f b\u00f6l\u00fcm\u00fcnde yenilikler var. B\u00f6ylelikle i\u015ften i\u015fe ge\u00e7i\u015f hem daha h\u0131zl\u0131 hem de daha az i\u015flemle. Daha az fire vererek \u00fcretim yap\u0131yoruz.<\/p>\n<p>Bask\u0131 a\u015famas\u0131nda g\u00f6zle g\u00f6r\u00fclemeyen unsurlar\u0131 takip eden kontrol sistemlerimiz var. Makinam\u0131zda \u00e7ok az makinada olan t\u00fcm renk kontrol sistemleri bulunuyor. Hem renkleri kontrol edebiliyoruz. Hem de bir sorun oldu\u011funda makina otomatik olarak renklere m\u00fcdahale edebiliyor. Geli\u015fkin kameralar\u0131 sadece renk kontrollerini yapm\u0131yor, i\u015fte olu\u015fabilecek t\u00fcm sorunlar\u0131 da tespit ediyor. Kros kontrollerini de yap\u0131yor. Spektrofotometresi mevcut. Bu makinam\u0131zla bir i\u015f \u00fcretirken bask\u0131 s\u0131ras\u0131nda ve bask\u0131 sonras\u0131nda bu de\u011ferleri m\u00fc\u015fterimizle, b\u00f6yle bas\u0131lm\u0131\u015ft\u0131r diye sistemde payla\u015fabilece\u011fiz.<\/p>\n<p>Makinam\u0131z\u0131n bask\u0131 ebad\u0131 70&#215;100 ama 75&#215;105 k\u00e2\u011f\u0131t ge\u00e7irilebiliyor. Bu ebat k\u00e2\u011f\u0131t ge\u00e7i\u015fi ambalaj i\u00e7in avantaj sa\u011fl\u0131yor.<\/p>\n<p>Tamamen UV bask\u0131 sistemine ge\u00e7tik. Hem rulo hem tabaka taraf\u0131nda art\u0131k tozlu bask\u0131 yapm\u0131yoruz. UV tercih ettik \u00e7\u00fcnk\u00fc makinalar\u0131m\u0131z\u0131n hepsinin ayn\u0131 olmas\u0131 gerekiyor. Etikette standart \u00e7ok \u00f6nemli. M\u00fc\u015fteri art\u0131k L.a.b. de\u011ferlerini okuyarak i\u015fi teslim al\u0131yor. Ayr\u0131ca etikette \u00e7ok daha ekstra renk talepleri var, UV m\u00fcrekkeplerin renk gam\u0131 \u00e7ok daha geni\u015f.<\/p>\n<ul>\n<li><em><strong>Sizin bir de rulo bask\u0131 taraf\u0131n\u0131z var.<\/strong><\/em><\/li>\n<\/ul>\n<p>2003 y\u0131l\u0131nda tabakan\u0131n d\u0131\u015f\u0131nda sticker talepleri de al\u0131nca rulo sticker alan\u0131nda \u00f6nemli teknolojik yat\u0131r\u0131mlar yapt\u0131k. 2008 y\u0131l\u0131nda yine \u00fczerinde t\u00fcm bask\u0131 tekniklerini; grav\u00fcr, flekso, serigrafi, ofset, s\u0131cak yald\u0131z, \u00f6zel lak \u00fcniteleri bulunan 12 renkli makina yat\u0131r\u0131m\u0131m\u0131z oldu. Bu makinam\u0131z da T\u00fcrkiye\u2019deki ilk makinayd\u0131.<\/p>\n<p>2018 y\u0131l\u0131nda da 15 renk + lak \u00fcniteli bir yat\u0131r\u0131m\u0131m\u0131z daha oldu. Bu makinalar bizi \u00e7ok ileriye ta\u015f\u0131d\u0131. Ayn\u0131 zamanda shrink sleeve\u2019e ge\u00e7tik. Shrink sleeve \u00fcretmeye ba\u015flad\u0131k.<\/p>\n<p>Etiket i\u00e7in istenen t\u00fcm bask\u0131 teknolojilerini hem de yap\u0131\u015fkanl\u0131 ve giydirme (body sleeve) etiketlerin \u00fcretimini ger\u00e7ekle\u015ftiriyor olduk.<\/p>\n<p>\u00d6nceden etiket \u00fcretimimiz yap\u0131\u015fkans\u0131z k\u00e2g\u0131t \u00fczerineyken \u015fimdi k\u00e2\u011f\u0131ttan farkl\u0131 olarak \u015feffaf etiketler polipropilen, polietilen, metalize gibi \u00e7ok farkl\u0131 \u00e7e\u015fitlerde malzeme \u00fczerine farkl\u0131 \u00f6zelliklerde bask\u0131 yapabilme imk\u00e2n\u0131m\u0131z oldu.<\/p>\n<ul>\n<li><em><strong>Bu kadar geni\u015f bir yelpazede hizmet vermek profesyonel insan kayna\u011f\u0131 gerektirir. Bu konuda neler yap\u0131yorsunuz?<\/strong><\/em><\/li>\n<\/ul>\n<p>Global firmalar bizi \u00e7ok geli\u015ftiriyor, ileri ta\u015f\u0131yorlar. Teknolojiyi yak\u0131ndan takip ediyoruz, fuarlara kat\u0131l\u0131yor, kendimizi geli\u015ftiriyoruz. Yat\u0131r\u0131mlar\u0131m\u0131z\u0131 ileriye y\u00f6nelik talepleri kar\u015f\u0131layacak \u015fekilde yap\u0131yoruz. 20\u2019si beyaz yakal\u0131 olmak \u00fczere 70 \u00e7al\u0131\u015fan\u0131m\u0131z bulunuyor. Aralar\u0131nda \u0130lketap kuruldu\u011fundan bu yana bizimle olanlar var. \u00c7al\u0131\u015fanlar\u0131m\u0131z\u0131 hep kendimiz yeti\u015ftirdik. Makinalar\u0131m\u0131z kurulurken \u00f6zel e\u011fitmenler aylarca bizimle oluyorlar. Ekibimiz toplu olarak onlardan e\u011fitim al\u0131yor. Daha sonra makinan\u0131n ba\u015f\u0131na ge\u00e7ip kendimizi geli\u015ftiriyoruz. Hep birlikte \u00f6\u011freniyor, \u00f6\u011frendiklerimizi payla\u015f\u0131yoruz. \u00c7al\u0131\u015fanlar\u0131m\u0131z\u0131n yanlar\u0131na gen\u00e7leri takviye ediyoruz. Kendilerini geli\u015ftirenler farkl\u0131 bir departmana ge\u00e7iyor, kendi yerine gelene e\u011fitimler veriyor.<\/p>\n<ul>\n<li><em><strong>Makina park\u0131n\u0131zda neler var?<\/strong><\/em><\/li>\n<\/ul>\n<p>Biz etikette olmas\u0131 gereken t\u00fcm bask\u0131 tekniklerine ve hepsinde en son teknolojilere sahibiz. Serigrafi, grav\u00fcr, flekso, letterpress, rulo ve tabaka ofset. Yaln\u0131zca \u00e7ok \u00f6zel i\u015fler i\u00e7in kulland\u0131\u011f\u0131m\u0131z grav\u00fcr kal\u0131b\u0131 d\u0131\u015f\u0131nda \u00fcretimin hi\u00e7bir a\u015famas\u0131nda d\u0131\u015far\u0131ya ba\u011f\u0131ml\u0131 de\u011filiz. T\u00fcm bask\u0131 kal\u0131plar\u0131n\u0131 kendi b\u00fcnyemizde pozluyoruz. Bask\u0131 \u00f6ncesinde rulo etiket makinalar\u0131 i\u00e7in Kodak, Komori makinalar\u0131m\u0131z i\u00e7in Fujifilm kullan\u0131yoruz.<\/p>\n<p>Toplam 5 adet sar\u0131m makinam\u0131z var. \u0130kisi sleeve sar\u0131m i\u00e7in, 3\u2019\u00fc de kendinden yap\u0131\u015fkanl\u0131 etiket i\u00e7in.<\/p>\n<p>Bask\u0131 sonras\u0131nda tabaka ofset taraf\u0131nda 6 adet kesim makinam\u0131z var. D\u00f6rd\u00fc Baumannperfecta, 2 adet de d\u00fcz kesim makinam\u0131z bulunuyor.<\/p>\n<h4>Fark yaratan \u00e7evreci yakla\u015f\u0131m<\/h4>\n<ul>\n<li><em><strong>Fark yaratan bir \u00e7evreci yakla\u015f\u0131m\u0131n\u0131z var. Bu \u00fcretimin t\u00fcm a\u015famalar\u0131n\u0131 kaps\u0131yor mu?<\/strong><\/em><\/li>\n<\/ul>\n<p>\u00dcretim yapt\u0131\u011f\u0131m\u0131z, mevcut fabrikam\u0131z\u0131n \u00e7at\u0131 alan\u0131na g\u00fcne\u015f panelleri kurduk. G\u00fcne\u015f enerjisi sistemi ile kendi enerjimizin \u00fcretimini yapar hale geldik. \u00c7at\u0131 alan\u0131m\u0131z i\u015fletmemizin harcad\u0131\u011f\u0131 enerjinin %30\u2019unu kar\u015f\u0131l\u0131yor. Alan\u0131m\u0131z b\u00fcy\u00fck olsa bunu y\u00fczde y\u00fcz yapard\u0131k. Ancak, b\u00f6yle bile olsa, sonu\u00e7tan \u00e7ok memnunuz.<\/p>\n<p>Geri d\u00f6n\u00fc\u015f\u00fcme uygun malzemeler de \u00fcretebiliyor ve m\u00fc\u015fterilerimize sunuyoruz. \u015eu anda T\u00fcrkiye\u2019de zorunlu olmasa bile hayata ge\u00e7ebilecek baz\u0131 projelere yava\u015f yava\u015f ge\u00e7iyoruz. \u00d6rne\u011fin, yak\u0131n bir gelecekte \u015fi\u015fe toplanmaya ba\u015fland\u0131\u011f\u0131nda, buna uygun tutkall\u0131 malzemeleri, yar\u0131 mam\u00fcl, tam mam\u00fcl olarak sunabiliyoruz. Bu konuda T\u00fcrkiye\u2019de ilk, d\u00fcnyada \u00fc\u00e7\u00fcnc\u00fcy\u00fcz.<\/p>\n<p>\u015e\u00f6yle bir sistemimiz var: Sticker\u2019larda alt malzemeyi farkl\u0131, tutkal\u0131 farkl\u0131, \u00fcst malzemeyi farkl\u0131 alabiliyoruz. Ar-Ge baz\u0131nda \u00fcr\u00fcn geli\u015ftirebiliyoruz.<\/p>\n<p>Metalize k\u00e2\u011f\u0131d\u0131 geri d\u00f6n\u00fc\u015f\u00fcme veremiyorsunuz Al\u00fcminyum bazl\u0131 geri d\u00f6n\u00fc\u015ft\u00fcr\u00fclebilir k\u00e2\u011f\u0131ttaki metalize g\u00f6r\u00fcnt\u00fcn\u00fcn \u00e7ekicili\u011fini m\u00fcrekkep ile yakalayarak onun da geri d\u00f6n\u00fc\u015f\u00fcm\u00fcn\u00fc sa\u011flayabiliyoruz. Geri d\u00f6n\u00fc\u015f\u00fcme uygun malzeme ile \u00fcretim yapabiliyoruz. Bunu gerek son yat\u0131r\u0131m\u0131m\u0131z Komori G Advance gerek rulo makinalar\u0131m\u0131zla yap\u0131yoruz. Bizim etiket sekt\u00f6r\u00fcndeki fark\u0131m\u0131z, geldi\u011fimiz nokta budur.<\/p>\n<p>\u00c7evre ile ilgili sertifikalar\u0131m\u0131z var. Global firmalar\u0131n denetiminden ge\u00e7iyoruz. \u0130\u015f\u00e7i sa\u011fl\u0131\u011f\u0131 g\u00fcvenli\u011fi ve kalite anlam\u0131nda belgelerimiz bulunuyor. \u0130ngiliz firmas\u0131 Sedex\u2019in denetimindeyiz.<\/p>\n<p>Sadece m\u00fc\u015fterilere y\u00f6nelik olarak, maliyetten tasarruf sa\u011flamak olarak bakm\u0131yor, \u00e7evreye katk\u0131m\u0131z\u0131 d\u00fc\u015f\u00fcnerek yeni teknolojilerle malzeme t\u00fcketimini azalt\u0131yoruz.<\/p>\n<h4>\u201cKapasite art\u0131\u015f\u0131 getiren yeni yat\u0131r\u0131m\u0131m\u0131z Komori G40 Advance UV ile ihracata y\u00f6nelik \u00e7al\u0131\u015fmak, art\u0131k Avrupa\u2019ya daha fazla i\u015f yapmak istiyoruz\u201d<\/h4>\n<ul>\n<li><em><strong>Kurulumdan ve e\u011fitimlerden sonra Mart ay\u0131nda makinan\u0131z devreye girdi. Yeni yat\u0131r\u0131m\u0131n\u0131z bu s\u00fcrede size ne katt\u0131?<\/strong><\/em><\/li>\n<\/ul>\n<p>S\u0131f\u0131r hatal\u0131 bask\u0131 \u00fcretimi b\u00fcy\u00fck katk\u0131 sa\u011fl\u0131yor. Toplam kalite ve verimlili\u011fini \u00e7ok daha ileri bir a\u015famaya ta\u015f\u0131m\u0131\u015f olduk. Bu otomasyonla verimlili\u011fimizi, kalitemizi, i\u015f kontrollerimizi, h\u0131z\u0131m\u0131z\u0131 art\u0131rd\u0131k.<\/p>\n<p>Kros oturtmay\u0131, renk kontrol\u00fcn\u00fc makina kendili\u011finden yap\u0131yor, sorun varsa otomatik olarak \u00e7\u00f6z\u00fcyor. Bu verileri m\u00fc\u015fterimizle de payla\u015fabilece\u011fiz.<\/p>\n<p>Bir Bursa firmas\u0131s\u0131n\u0131z. \u0130stanbul d\u0131\u015f\u0131ndan bir firma olarak kendinizi kabul ettirdiniz. B\u00fcy\u00fck pazar paylar\u0131na sahip oldunuz. Bize bu s\u00fcre\u00e7ten s\u00f6z eder misiniz?<\/p>\n<p>\u0130stanbul elbette de \u00e7ok b\u00fcy\u00fck bir pazar. \u00d6te yandan, Bursa zaten bir ticaret kenti; elbette avantajlar\u0131, dezavantajlar\u0131 var. Biz verdi\u011fimiz hizmet kalitesi ve teknoloji fark\u0131yla zoru ba\u015fard\u0131k.<\/p>\n<p>T\u00fcrkiye genelinde m\u00fc\u015fterilerimiz var: T\u00fcrkiye\u2019nin her noktas\u0131na hizmet veriyoruz. Kendimizi daha \u00e7ok i\u00e7ecek etiketleri taraf\u0131nda konumland\u0131r\u0131yoruz. \u0130\u00e7ecek sekt\u00f6r\u00fc a\u011f\u0131rl\u0131kl\u0131 olarak Bursa, Bolu, \u0130stanbul\u2019da. \u0130stanbul ile Bursa\u2019y\u0131 k\u0131yaslayacak olursak pazar pay\u0131m\u0131z %50.<\/p>\n<ul>\n<li><em><strong>\u0130hracatta durumunuz nedir?<\/strong><\/em><\/li>\n<\/ul>\n<p>Y\u00fczde yirmi civar\u0131nda bir ihracat\u0131m\u0131z var. (On y\u0131l \u00f6nce %10 civar\u0131ndayd\u0131.)<\/p>\n<p>Kendi i\u00e7imizde Ar-Ge ve pazarlama ekibimiz var. D\u0131\u015far\u0131dan herhangi bir destek almadan tam kapasite \u00e7al\u0131\u015f\u0131yoruz. Son yat\u0131r\u0131m\u0131m\u0131z ile kapasite art\u0131\u015f\u0131na da gitmi\u015f olduk. Yeni a\u00e7\u0131lan kapasite ile ihracata y\u00f6nelik \u00e7al\u0131\u015fmak istiyoruz. Libya, Azerbaycan, Kazakistan, G\u00fcrcistan, Katar firmalar\u0131na hizmet veriyoruz. Kurumsal firmalara do\u011frudan ihracat yap\u0131yoruz ve bu say\u0131y\u0131 art\u0131rma hedefimiz var. Planlar\u0131m\u0131z yine i\u00e7ecek, ki\u015fisel bak\u0131m ve temizlik \u00fcr\u00fcnleri \u00fczerine. Art\u0131k Avrupa\u2019ya daha fazla i\u015f yapmak istiyoruz.<\/p>\n<p>\u0130hracat\u0131m\u0131z\u0131 art\u0131rmak istiyoruz ama d\u00fcnyadaki bu global s\u0131k\u0131\u015fm\u0131\u015fl\u0131\u011f\u0131n ge\u00e7mesini bekliyor, sava\u015flar\u0131n sona ermesini diliyoruz. B\u00f6ylelikle fuarlar tekrar canlan\u0131p, ziyaretler ba\u015flayabilecek.<\/p>\n<p>Pandemi d\u00f6neminde her alanda oldu\u011fu gibi ihracat da biraz sanc\u0131l\u0131 oldu. Bizim dolayl\u0131 ihracat\u0131m\u0131z da var. \u00dcr\u00fcnlerimiz Afrika, Japonya, Amerika, \u0130ngiltere ba\u015fta olmak \u00fczere d\u00fcnyan\u0131n her yerine gidiyor.<\/p>\n<h4>\u201cEtiket ve ambalaj\u0131 g\u00fczel zamanlar bekliyor\u201d<\/h4>\n<ul>\n<li><em><strong>\u00d6n\u00fcn\u00fcze nas\u0131l bak\u0131yorsunuz, gidi\u015fat\u0131 nas\u0131l g\u00f6r\u00fcyorsunuz?<\/strong><\/em><\/li>\n<\/ul>\n<p>Pandemide istisnai bir durum olarak etiket sekt\u00f6r\u00fcnde T\u00fcrkiye\u2019de ve d\u00fcnyada % 4-5 gibi bir b\u00fcy\u00fcme ger\u00e7ekle\u015fti. Ambalaj sekt\u00f6r\u00fc ise katbekat b\u00fcy\u00fcd\u00fc. Belki temel ihtiya\u00e7lar\u0131n artmas\u0131, sa\u011fl\u0131k ve g\u0131da alan\u0131nda yeni taleplerin art\u0131\u015f\u0131 ile mevcut m\u00fc\u015fteri talepleri 4 kat artt\u0131. Ben bir s\u00fcre daha b\u00f6yle devam edece\u011fini d\u00fc\u015f\u00fcn\u00fcyorum.<\/p>\n<p>Etiket ve ambalaj\u0131 g\u00fczel zamanlar bekliyor. \u0130\u015fletmelerin etiketten ambalaja ge\u00e7ti\u011fini g\u00f6r\u00fcyorum. Bizim makina enlerimiz etikette epeyce geni\u015f. \u00d6nceden 42 cm idi, \u015fimdi 57 cm\u2019ye \u00e7\u0131kt\u0131k. Bundan sonra belki 65-80\u2019e ta\u015f\u0131nacak.<\/p>\n<p>G\u00fcn\u00fcm\u00fczde esnek ambalajlar \u00e7ok ra\u011fbet g\u00f6r\u00fcyor; stand up pouch\u2019lar, katmanl\u0131 ambalajlar, laminasyonlu ambalajlar&#8230; Hedefimiz bu alanlara girmek.<\/p>\n<h4>\u201cBiz \u015fu an mevcut m\u00fc\u015fterilerimizi g\u00f6zeterek durumumuzu korumaya \u00e7al\u0131\u015f\u0131yoruz.\u201d<\/h4>\n<ul>\n<li><em><strong>Bir malzeme sorunu da var, siz nas\u0131l \u00e7\u00f6z\u00fcyorsunuz?<\/strong><\/em><\/li>\n<\/ul>\n<p>Pandemide en b\u00fcy\u00fck s\u0131k\u0131nt\u0131 enerji kriziydi. Bundan dolay\u0131 ham maddeler gecikti. Terminler 4-5 aya \u00e7\u0131kt\u0131. Metalize malzemelerde bu s\u00fcre 8 ay\u0131 buldu. K\u00e2\u011f\u0131t ve malzeme \u00fcreticilerinin koydu\u011fu kota y\u00fcz\u00fcnden art\u0131k fazla malzeme alam\u0131yorsunuz.<\/p>\n<p>Biz \u015fu an mevcut m\u00fc\u015fterilerimizi g\u00f6zeterek durumumuzu korumaya \u00e7al\u0131\u015f\u0131yoruz. Elimizdeki malzemeyi onlar i\u00e7in kullan\u0131yoruz. Zaten bunu yeni bir m\u00fc\u015fteri i\u00e7in kullanmaya kalksak m\u00fc\u015fterimize cevap veremeyiz. Malzeme s\u0131k\u0131nt\u0131s\u0131 ya\u015famamak i\u00e7in daha fazla finansman gerekiyor ama \u00f6te yandan ham madde fiyatlar\u0131 da belirsiz. Bu belirsizlik biz \u00fcreticileri de zor duruma sokuyor. Enerji krizi b\u00f6yle devam edecek gibi g\u00f6z\u00fck\u00fcyor. Sava\u015f\u0131n bir an \u00f6nce bitmesini diliyoruz,<\/p>\n<ul>\n<li><em><strong>\u0130lketap\u2019\u0131n g\u00fcndeminde dijital var m\u0131?<\/strong><\/em><\/li>\n<\/ul>\n<p>Bizim i\u015flerimiz a\u011f\u0131rl\u0131kl\u0131 olarak tirajl\u0131 i\u015fler ama dijitali yak\u0131ndan takip ediyoruz. Onu do\u011fru bir zamanda kullanmak gerekiyor. Dijitale uygun bir m\u00fc\u015fteri ve iyi bir proje oldu\u011funda o zamanki talep do\u011frultusunda do\u011fru zamanda do\u011fru yat\u0131r\u0131m yapaca\u011f\u0131z.<\/p>\n","protected":false},"excerpt":{"rendered":"<p>\u00dcretimde \u00e7evreci yakla\u015f\u0131m\u0131n\u0131 \u00f6n plana koyan \u0130lketap, yeni makinas\u0131 ile m\u00fc\u015fterilerinin yald\u0131z folyo ile ba\u011f\u0131n\u0131 kopartmay\u0131 hedefliyor. Komori G40 Advance ile tek ge\u00e7i\u015fte, \u00f6zel metalik m\u00fcrekkeplerle, folyo efektli etiketleri art\u0131k daha kaliteli, daha h\u0131zl\u0131, daha az fire ve daha az maliyetle \u00fcretmesi m\u00fcmk\u00fcn. Komori G40 Advance\u2019in konfig\u00fcrasyonu, \u0130lketap\u2019\u0131n m\u00fc\u015fteri ihtiya\u00e7lar\u0131ndan yola \u00e7\u0131karak, uzun y\u0131llara dayanan [&hellip;]<\/p>\n","protected":false},"author":2,"featured_media":4923,"comment_status":"closed","ping_status":"closed","sticky":false,"template":"","format":"standard","meta":[],"categories":[170,32,27,44],"tags":[367,343,369,368,366],"_links":{"self":[{"href":"https:\/\/www.ambalajveetiket.com\/index.php\/wp-json\/wp\/v2\/posts\/4919"}],"collection":[{"href":"https:\/\/www.ambalajveetiket.com\/index.php\/wp-json\/wp\/v2\/posts"}],"about":[{"href":"https:\/\/www.ambalajveetiket.com\/index.php\/wp-json\/wp\/v2\/types\/post"}],"author":[{"embeddable":true,"href":"https:\/\/www.ambalajveetiket.com\/index.php\/wp-json\/wp\/v2\/users\/2"}],"replies":[{"embeddable":true,"href":"https:\/\/www.ambalajveetiket.com\/index.php\/wp-json\/wp\/v2\/comments?post=4919"}],"version-history":[{"count":1,"href":"https:\/\/www.ambalajveetiket.com\/index.php\/wp-json\/wp\/v2\/posts\/4919\/revisions"}],"predecessor-version":[{"id":4924,"href":"https:\/\/www.ambalajveetiket.com\/index.php\/wp-json\/wp\/v2\/posts\/4919\/revisions\/4924"}],"wp:featuredmedia":[{"embeddable":true,"href":"https:\/\/www.ambalajveetiket.com\/index.php\/wp-json\/wp\/v2\/media\/4923"}],"wp:attachment":[{"href":"https:\/\/www.ambalajveetiket.com\/index.php\/wp-json\/wp\/v2\/media?parent=4919"}],"wp:term":[{"taxonomy":"category","embeddable":true,"href":"https:\/\/www.ambalajveetiket.com\/index.php\/wp-json\/wp\/v2\/categories?post=4919"},{"taxonomy":"post_tag","embeddable":true,"href":"https:\/\/www.ambalajveetiket.com\/index.php\/wp-json\/wp\/v2\/tags?post=4919"}],"curies":[{"name":"wp","href":"https:\/\/api.w.org\/{rel}","templated":true}]}}