{"id":4934,"date":"2022-07-04T17:56:32","date_gmt":"2022-07-04T14:56:32","guid":{"rendered":"https:\/\/www.ambalajveetiket.com\/?p=4934"},"modified":"2022-07-04T17:56:32","modified_gmt":"2022-07-04T14:56:32","slug":"xeikon-cigir-acan-titon-teknolojisini-piyasaya-suruyor","status":"publish","type":"post","link":"https:\/\/www.ambalajveetiket.com\/index.php\/2022\/07\/04\/xeikon-cigir-acan-titon-teknolojisini-piyasaya-suruyor\/","title":{"rendered":"Xeikon, \u00e7\u0131\u011f\u0131r a\u00e7an TITON teknolojisini piyasaya s\u00fcr\u00fcyor"},"content":{"rendered":"<h5>Ambalajdaki s\u00fcrd\u00fcr\u00fclebilirlik trendlerine yan\u0131t olarak geli\u015ftirilen \u00e7\u00f6z\u00fcm 26-28 Nisan\u2019da yakla\u015fan Xeikon Caf\u00e9 Europe s\u0131ras\u0131nda canl\u0131 demolarla sunuldu<\/h5>\n<p>S\u00fcrd\u00fcr\u00fclebilir bask\u0131 y\u00f6ntemleri ve \u00e7evre dostu ambalaj \u00fcretimi i\u00e7in end\u00fcstrinin ihtiya\u00e7lar\u0131n\u0131 kar\u015f\u0131lamak \u00fczere Xeikon, UV m\u00fcrekkeplerinin t\u00fcm avantajlar\u0131n\u0131 dezavantajlar olmadan sunan yeni bir toner form\u00fclasyonu olan TITON teknolojisini duyurdu.<\/p>\n<p>Pazar \u0130stihbarat\u0131 ve K\u0131demli \u00dcr\u00fcn M\u00fcd\u00fcr\u00fc Frank Jacobs, \u201cEsnek ambalaj pazar\u0131, plastik i\u00e7ermeyen alternatiflere y\u00f6nelik g\u00fc\u00e7l\u00fc t\u00fcketici talebine yan\u0131t olarak daha s\u00fcrd\u00fcr\u00fclebilir k\u00e2\u011f\u0131t tabanl\u0131 \u00e7\u00f6z\u00fcmlere do\u011fru ilerliyor\u201d diyor ve \u015f\u00f6yle devam ediyor: \u201cYeni TITON teknolojisi ile Xeikon, g\u0131da \u00fcr\u00fcnleri i\u00e7in k\u00e2\u011f\u0131t bazl\u0131 ambalaj kullan\u0131m\u0131n\u0131 art\u0131rmak isteyen marka sahiplerini, tasar\u0131mc\u0131lar\u0131 ve matbaac\u0131lar\u0131 tam olarak desteklemek i\u00e7in ke\u015ffedilmemi\u015f ve daha geni\u015f bir uygulama yelpazesi i\u00e7in s\u00fcrd\u00fcr\u00fclebilir bir \u00e7\u00f6z\u00fcm sunuyor.\u201d<\/p>\n<h4>G\u0131da g\u00fcvenli ve kokusuz<\/h4>\n<p>TITON, dijital ortamda g\u0131da a\u00e7\u0131s\u0131ndan en g\u00fcvenli teknoloji olan Xeikon kuru toner teknolojisinin temel de\u011feri \u00fczerine yap\u0131land\u0131r\u0131lm\u0131\u015f. Ayr\u0131ca tamamen kokusuz ve tats\u0131z oldu\u011fu i\u00e7in \u00fcr\u00fcn t\u00fcketildi\u011finde m\u00fc\u015fteri deneyimini etkilemeyecek. Bu temel \u00f6zellikler, TITON toneri dolayl\u0131 ve do\u011frudan g\u0131da temas\u0131 olan \u00e7ok \u00e7e\u015fitli uygulamalar i\u00e7in uygun hale getiriyor.<\/p>\n<p>TITON toner ayr\u0131ca, vernik veya laminasyon gibi herhangi bir koruyucu katman olmaks\u0131z\u0131n, a\u015f\u0131nma ve \u00e7izilmeye, suya, g\u00fcne\u015f \u0131\u015f\u0131\u011f\u0131na, y\u00fcksek s\u0131cakl\u0131klara ve \u00e7ok say\u0131da s\u0131v\u0131 kimyasala kar\u015f\u0131 m\u00fckemmel direnciyle de etkileyici. Paketin b\u00fct\u00fcnl\u00fc\u011f\u00fcn\u00fc ve \u00fcr\u00fcn\u00fc korumak i\u00e7in \u00e7ok \u00f6nemli olan 220-260\u00b0C\u2019ye kadar \u0131s\u0131yla yap\u0131\u015ft\u0131rma s\u0131cakl\u0131klar\u0131na dayanma yetene\u011fi de \u00f6nemli bir \u00f6zellik.<\/p>\n<p>Marka sahipleri film bazl\u0131 ambalajlar\u0131 k\u00e2\u011f\u0131da d\u00f6n\u00fc\u015ft\u00fcrmeye devam ederken, TITON g\u0131da \u00fcr\u00fcnleri i\u00e7in bir\u00e7ok esnek ambalaj t\u00fcr\u00fcn\u00fc basmak i\u00e7in kullan\u0131labilecek. Torba, po\u015fet ve keseler i\u00e7in bir taraf\u0131 veya unlu mam\u00fcller, \u015fekerlemeler, \u015feker, un, otlar ve baharatlar, kahve ve \u00e7ay gibi ambalajlar i\u00e7in her iki taraf\u0131 da kaplanm\u0131\u015f k\u00e2\u011f\u0131tlar kullan\u0131labilir.<\/p>\n<p>Marka sahiplerinin geri d\u00f6n\u00fc\u015ft\u00fcr\u00fclebilir k\u00e2\u011f\u0131t bazl\u0131 ambalajlara ge\u00e7melerine olanak tan\u0131mak, TITON teknolojisini dijital bask\u0131 ortam\u0131nda \u00e7\u0131\u011f\u0131r a\u00e7an bir konuma getiriyor ve matbaac\u0131lara yeteneklerini daha \u00f6nce dijital ile ele al\u0131namayan uygulamalara geni\u015fletme f\u0131rsat\u0131 vererek geleneksel flekso bask\u0131 makinelerini tamaml\u0131yor.<\/p>\n<p>Jacobs, \u201cK\u00e2\u011f\u0131t bazl\u0131 ambalaj bask\u0131s\u0131na ge\u00e7i\u015fle birlikte, bask\u0131 teknolojisine y\u00f6nelik talep, bask\u0131n\u0131n kendisini korumak i\u00e7in plastik bir i\u015flevsel bariyer veya plastik laminasyon olmaks\u0131z\u0131n g\u0131da g\u00fcvenli\u011fi a\u00e7\u0131s\u0131ndan daha kat\u0131 hale geldi\u201d diyor.<\/p>\n<h4>OEE\u2019yi iyile\u015ftirme<\/h4>\n<p>\u0130ster hat i\u00e7i (inline) ister harici (offline) olsun, vernik veya laminasyon olmadan do\u011frudan k\u00e2\u011f\u0131t materyallere bask\u0131 yapabilmek, dijital bask\u0131 i\u015fleminin Genel Ekipman Verimlili\u011fi (Overall Equipment Effectiveness \/ OEE) \u00fczerinde \u00f6nemli bir etkiye sahip.<\/p>\n<p>Vernik ve laminasyon, ek ayar s\u00fcresi gerektiriyor ve s\u00fcre\u00e7te daha fazla at\u0131k yarat\u0131yoyor. G\u0131da g\u00fcvenli\u011fini sa\u011flamak i\u00e7in kullan\u0131lan su bazl\u0131 vernikler, \u00fcretken \u00e7al\u0131\u015fma s\u00fcresini t\u00fcketen \u00f6nemli miktarda bak\u0131m gerektirir. Laminasyon, ambalaj\u0131n geri d\u00f6n\u00fc\u015ft\u00fcr\u00fclebilirli\u011fini de olumsuz etkileyebiliyor. TITON toner, di\u011fer y\u00fczey i\u015flemlerinin zaman ve maliyet etkileri olmadan bu pazara hitap edebilen ve b\u00f6ylece pazara \u00e7\u0131k\u0131\u015f h\u0131z\u0131n\u0131, k\u00e2rl\u0131l\u0131\u011f\u0131 ve \u00fcretkenli\u011fi iyile\u015ftirebilen tek dijital \u00e7\u00f6z\u00fcm olarak sunuluyor.<\/p>\n<p>TITON teknolojisini \u00e7al\u0131\u015ft\u0131ran ilk dijital bask\u0131 modeli, CHEETAH serisinin yeni bir \u00fcyesi olan Xeikon CX500t olacak. Yeni toner teknolojisiyle ba\u015far\u0131l\u0131 508 mm geni\u015fli\u011findeki makineye ekstra yetenekler eklemek, \u00fcreticilerin eri\u015fimlerini geni\u015fletmelerine ve yeni pazar segmentlerine girmelerine olanak tan\u0131yor.<\/p>\n","protected":false},"excerpt":{"rendered":"<p>Ambalajdaki s\u00fcrd\u00fcr\u00fclebilirlik trendlerine yan\u0131t olarak geli\u015ftirilen \u00e7\u00f6z\u00fcm 26-28 Nisan\u2019da yakla\u015fan Xeikon Caf\u00e9 Europe s\u0131ras\u0131nda canl\u0131 demolarla sunuldu S\u00fcrd\u00fcr\u00fclebilir bask\u0131 y\u00f6ntemleri ve \u00e7evre dostu ambalaj \u00fcretimi i\u00e7in end\u00fcstrinin ihtiya\u00e7lar\u0131n\u0131 kar\u015f\u0131lamak \u00fczere Xeikon, UV m\u00fcrekkeplerinin t\u00fcm avantajlar\u0131n\u0131 dezavantajlar olmadan sunan yeni bir toner form\u00fclasyonu olan TITON teknolojisini duyurdu. Pazar \u0130stihbarat\u0131 ve K\u0131demli \u00dcr\u00fcn M\u00fcd\u00fcr\u00fc Frank Jacobs, \u201cEsnek [&hellip;]<\/p>\n","protected":false},"author":2,"featured_media":4935,"comment_status":"closed","ping_status":"closed","sticky":false,"template":"","format":"standard","meta":[],"categories":[1,109],"tags":[220,48],"_links":{"self":[{"href":"https:\/\/www.ambalajveetiket.com\/index.php\/wp-json\/wp\/v2\/posts\/4934"}],"collection":[{"href":"https:\/\/www.ambalajveetiket.com\/index.php\/wp-json\/wp\/v2\/posts"}],"about":[{"href":"https:\/\/www.ambalajveetiket.com\/index.php\/wp-json\/wp\/v2\/types\/post"}],"author":[{"embeddable":true,"href":"https:\/\/www.ambalajveetiket.com\/index.php\/wp-json\/wp\/v2\/users\/2"}],"replies":[{"embeddable":true,"href":"https:\/\/www.ambalajveetiket.com\/index.php\/wp-json\/wp\/v2\/comments?post=4934"}],"version-history":[{"count":1,"href":"https:\/\/www.ambalajveetiket.com\/index.php\/wp-json\/wp\/v2\/posts\/4934\/revisions"}],"predecessor-version":[{"id":4936,"href":"https:\/\/www.ambalajveetiket.com\/index.php\/wp-json\/wp\/v2\/posts\/4934\/revisions\/4936"}],"wp:featuredmedia":[{"embeddable":true,"href":"https:\/\/www.ambalajveetiket.com\/index.php\/wp-json\/wp\/v2\/media\/4935"}],"wp:attachment":[{"href":"https:\/\/www.ambalajveetiket.com\/index.php\/wp-json\/wp\/v2\/media?parent=4934"}],"wp:term":[{"taxonomy":"category","embeddable":true,"href":"https:\/\/www.ambalajveetiket.com\/index.php\/wp-json\/wp\/v2\/categories?post=4934"},{"taxonomy":"post_tag","embeddable":true,"href":"https:\/\/www.ambalajveetiket.com\/index.php\/wp-json\/wp\/v2\/tags?post=4934"}],"curies":[{"name":"wp","href":"https:\/\/api.w.org\/{rel}","templated":true}]}}