{"id":4949,"date":"2022-07-04T18:31:37","date_gmt":"2022-07-04T15:31:37","guid":{"rendered":"https:\/\/www.ambalajveetiket.com\/?p=4949"},"modified":"2022-07-04T18:31:37","modified_gmt":"2022-07-04T15:31:37","slug":"kasad-yonetim-kurulu-baskani-alican-duran-ic-pazarda-talep-daraliyor","status":"publish","type":"post","link":"https:\/\/www.ambalajveetiket.com\/index.php\/2022\/07\/04\/kasad-yonetim-kurulu-baskani-alican-duran-ic-pazarda-talep-daraliyor\/","title":{"rendered":"KASAD Y\u00f6netim Kurulu Ba\u015fkan\u0131 Alican Duran:  \u201c\u0130\u00e7 pazarda talep daral\u0131yor\u201d"},"content":{"rendered":"<p>Karton Ambalaj Sanayicileri Derne\u011fi May\u0131s ay\u0131 toplant\u0131s\u0131 18 May\u0131s \u00c7ar\u015famba g\u00fcn\u00fc Swisotel Bosphorus\u2019ta ger\u00e7ekle\u015ftirildi. \u00c7ok say\u0131da KASAD \u00fcyesinin kat\u0131ld\u0131\u011f\u0131 toplant\u0131n\u0131n konu\u011fu ambalaj m\u00fcrekkepleri \u00fcreticisi Siegwerk oldu.<\/p>\n<p>Toplant\u0131n\u0131n a\u00e7\u0131\u015f konu\u015fmas\u0131n\u0131n yapan KASAD Y\u00f6netim Kurulu Ba\u015fkan\u0131 Alican Duran, ekonomide durgunluk i\u015fareti veren talep daralmas\u0131na dikkati \u00e7ekiyor:<\/p>\n<p>\u201c2020 itibar\u0131yla d\u00fcnyada ba\u015flayan farkl\u0131l\u0131klar\u0131, de\u011fi\u015fiklikleri hepimiz halihaz\u0131rda ya\u015f\u0131yoruz. 2020\u2019nin hik\u00e2yesi bamba\u015fkayd\u0131, 2021 bamba\u015fka bir \u015fey getirdi. 2022, her \u015feyi g\u00f6rd\u00fck diyorduk, \u015fu anda kendimizi bamba\u015fka bir yerde g\u00f6r\u00fcyoruz.<\/p>\n<p><img loading=\"lazy\" class=\"alignnone size-large wp-image-10468\" src=\"https:\/\/www.matbaahaber.com\/wp-content\/uploads\/2022\/06\/MH226_KASAD_02-1024x695.jpg\" alt=\"\" width=\"1024\" height=\"695\" \/><\/p>\n<p>2022 y\u0131l\u0131na bir ham madde krizi ile ba\u015flad\u0131k. \u015eu anda bunu biraz \u00e7\u00f6zm\u00fc\u015f gibi g\u00f6r\u00fcn\u00fcyoruz ama b\u00f6yle g\u00f6r\u00fcnmesinin nedeni ham maddenin artm\u0131\u015f olmas\u0131 de\u011fil, ne yaz\u0131k ki talebin daralmas\u0131. T\u00fcrkiye\u2019de \u015fu anda i\u00e7 pazarda talep \u00e7ok ciddi bir \u015fekilde daral\u0131yor. Belki ulusal medyada veya \u00e7e\u015fitli mecralarda bununla ilgili haberler g\u00f6rm\u00fcyoruz ama bizim kontrol etti\u011fimiz kanallarda FBB yani Bristol karton tonaj\u0131 Mart ay\u0131nda %16 d\u00fc\u015ft\u00fc, kroma kartonda talep n\u00f6tr kald\u0131. Bu Mart ay\u0131 i\u00e7in %7-8 k\u00fc\u00e7\u00fclmeyi g\u00f6steriyor. Nisan ay\u0131 da daha iyi gelmeyecek. Daha da k\u00f6t\u00fc gelebilir. Bunun temel nedeni T\u00fcrkiye\u2019de vatanda\u015flar\u0131n al\u0131m g\u00fcc\u00fcn\u00fcn d\u00fc\u015fmesi. \u00c7\u00fcnk\u00fc biz gelen taleplere g\u00f6re ambalaj \u00fcreten \u015firketleriz. G\u00f6z\u00fcken durum pek parlak de\u011fil. Bekledi\u011fimiz o duvara \u00e7arpm\u0131\u015f durumday\u0131z. \u0130hracat yapan \u015firketlerimiz bu konuda daha \u015fansl\u0131. Bunu y\u0131llard\u0131r s\u00f6yl\u00fcyoruz. \u0130hracat l\u00fcks de\u011fil bir gereklilik. Her zaman bunu ajandam\u0131za koymam\u0131z laz\u0131m. Bu tip durumlarda kurtar\u0131c\u0131 olabiliyor. Zaman zaman ihracatta da s\u0131k\u0131nt\u0131lar olabiliyor ama iki taraf\u0131n da dengeli tutulmas\u0131 laz\u0131m.<\/p>\n<h4>\u201cVeriler parlak de\u011fil\u201d<\/h4>\n<p>D\u00fcnyada da \u015fu anda enflasyonun y\u00fckseli\u015fe ge\u00e7mesiyle fazla hareketli durumday\u0131z. Emtiaya ula\u015f\u0131m bir t\u0131k daha iyi g\u00f6z\u00fckse de \u00f6zellikle ihracat taraf\u0131nda \u015f\u00f6yle bir riskimiz var. Kroma kartonda Kartonsan, Muratl\u0131 ve Kipa\u015f gibi \u00fc\u00e7 oyuncumuz var. Bu iyi bir haber ama FBB kanad\u0131nda Avrupa\u2019dan alamad\u0131\u011f\u0131m\u0131z i\u00e7in Uzak Do\u011fu\u2019dan al\u0131yoruz. Bu ilk bak\u0131\u015fta i\u00e7 pazarda iyi g\u00f6z\u00fckse de ihracatta Avrupa ile rekabetimizde ton ba\u015f\u0131na fiyatlar\u0131m\u0131zda Avrupa\u2019dan gelen Bristol ile \u00c7in\u2019den gelenler aras\u0131nda %30\u2019a yak\u0131n fark var. Dolay\u0131s\u0131yla rekabet konusunda biraz \u015fanss\u0131z oluyoruz. Bunun da \u00f6zellikle katma de\u011feri d\u00fc\u015f\u00fck i\u015fler yapan arkada\u015flar\u0131 ciddi s\u0131k\u0131nt\u0131ya sokaca\u011f\u0131n\u0131 g\u00f6r\u00fcyorum.<\/p>\n<p>Veriler \u00e7ok parlak de\u011fil. Hepimiz \u00e7ok dikkatli olmam\u0131z gereken bir d\u00f6nemdeyiz. Yat\u0131r\u0131m yapmay\u0131n demiyorum, yat\u0131r\u0131m yapmazsak gerileriz ama biraz dikkatli olmam\u0131z laz\u0131m. Asla pani\u011fe kap\u0131lmamak, yurt i\u00e7indeki talep d\u00fc\u015ft\u00fc diye rekabeti sertle\u015ftirmemek, mant\u0131ks\u0131z hale getirmemek laz\u0131m.<\/p>\n<p>Bundan daha k\u00f6t\u00fc g\u00fcnler de g\u00f6rd\u00fck. Eminim bu sekt\u00f6r bunu da atlatacakt\u0131r. G\u00f6rd\u00fc\u011f\u00fcm kadar\u0131yla h\u00e2l\u00e2 finansal g\u00f6stergeler iyi\u00a0 durumda. Yat\u0131r\u0131m yapmay\u0131 d\u00fc\u015f\u00fcnen \u015firketler var. Ge\u00e7ti\u011fimiz bu s\u00fcre\u00e7 zor olsa da T\u00fcrkiye ve Polonya Avrupa\u2019n\u0131n b\u00fcy\u00fcmesini ger\u00e7ekle\u015ftirecek \u00fclkeler. O y\u00fczden biz yine \u015fansl\u0131y\u0131z. Bu s\u00fcreci dikkatli bir \u015fekilde atlatarak bundan sonraki s\u00fcrece haz\u0131rlanmam\u0131z laz\u0131m.\u201d<\/p>\n<h4>KASAD\u2019\u0131n yeni \u00fcyeleri<\/h4>\n<p>A\u00e7\u0131\u015f konu\u015fmas\u0131n\u0131n ard\u0131ndan yeni \u00fcyelere rozetleri tak\u0131ld\u0131.<\/p>\n<p><img loading=\"lazy\" class=\"alignnone size-large wp-image-10466\" src=\"https:\/\/www.matbaahaber.com\/wp-content\/uploads\/2022\/06\/MH226_KASAD_YeniUyeler_26-1024x705.jpg\" alt=\"\" width=\"1024\" height=\"705\" \/><\/p>\n<p>Cihan Matbaac\u0131l\u0131k ve Ambalaj\u2019dan \u00d6zcan Acay\u2019a Resim Ofset Genel M\u00fcd\u00fcr\u00fc ve KASAD Y\u00f6netim Kurulu \u00dcyesi \u00d6zcan Kilimci, K\u0131ray Ambalaj\u2019dan Nihat K\u0131ray\u2019a C\u00f6mertler Matbaac\u0131l\u0131k ve Ambalaj Y\u00f6netim Kurulu Ba\u015fkan\u0131 Atilla C\u00f6mert, Pera Tan\u0131t\u0131m Matbaac\u0131l\u0131k\u2019tan Ekin Ozan Yener\u2019e Siegwerk Genel M\u00fcd\u00fcr\u00fc Mustafa G\u00fcler, Graffglue Ambalajlama Teknolojileri San. Tic. Ltd. \u015eti. Teknik M\u00fcd\u00fcr\u00fc Salih \u00d6z\u00e7etin\u2019e G\u00f6rsel Sanatlar A.\u015e. Y\u00f6netim Kurulu Ba\u015fkan Vekili, KASAD Y\u00f6netim Kurulu \u00dcyesi Altu\u011f Ulu, Pasifik \u0130\u00e7 ve D\u0131\u015f Tic. ve M\u00fcmessillik A.\u015e. Y\u00f6netim Kurulu Ba\u015fkan Vekili Emir Okayg\u00fcn\u2019e Duran Do\u011fan Ambalaj A.\u015e. Genel M\u00fcd\u00fcr\u00fc Dikran Acemyan, Aras Makina Sat\u0131\u015f Direkt\u00f6r\u00fc Burhan Kuturman\u2019a Lithosan Ambalaj Genel M\u00fcd\u00fcr\u00fc, KASAD Y\u00f6netim Kurulu \u00dcyesi Ali Topal taraf\u0131ndan rozetleri tak\u0131ld\u0131.<\/p>\n<p>Toplant\u0131, ayl\u0131k tan\u0131t\u0131m toplant\u0131s\u0131 konu\u011fu Siegwerk firmas\u0131n\u0131n sunumlar\u0131yla devam etti ve ak\u015fam yeme\u011fi ile sona erdi.<\/p>\n","protected":false},"excerpt":{"rendered":"<p>Karton Ambalaj Sanayicileri Derne\u011fi May\u0131s ay\u0131 toplant\u0131s\u0131 18 May\u0131s \u00c7ar\u015famba g\u00fcn\u00fc Swisotel Bosphorus\u2019ta ger\u00e7ekle\u015ftirildi. \u00c7ok say\u0131da KASAD \u00fcyesinin kat\u0131ld\u0131\u011f\u0131 toplant\u0131n\u0131n konu\u011fu ambalaj m\u00fcrekkepleri \u00fcreticisi Siegwerk oldu. Toplant\u0131n\u0131n a\u00e7\u0131\u015f konu\u015fmas\u0131n\u0131n yapan KASAD Y\u00f6netim Kurulu Ba\u015fkan\u0131 Alican Duran, ekonomide durgunluk i\u015fareti veren talep daralmas\u0131na dikkati \u00e7ekiyor: \u201c2020 itibar\u0131yla d\u00fcnyada ba\u015flayan farkl\u0131l\u0131klar\u0131, de\u011fi\u015fiklikleri hepimiz halihaz\u0131rda ya\u015f\u0131yoruz. 2020\u2019nin hik\u00e2yesi [&hellip;]<\/p>\n","protected":false},"author":2,"featured_media":4950,"comment_status":"closed","ping_status":"closed","sticky":false,"template":"","format":"standard","meta":[],"categories":[169,1,27],"tags":[],"_links":{"self":[{"href":"https:\/\/www.ambalajveetiket.com\/index.php\/wp-json\/wp\/v2\/posts\/4949"}],"collection":[{"href":"https:\/\/www.ambalajveetiket.com\/index.php\/wp-json\/wp\/v2\/posts"}],"about":[{"href":"https:\/\/www.ambalajveetiket.com\/index.php\/wp-json\/wp\/v2\/types\/post"}],"author":[{"embeddable":true,"href":"https:\/\/www.ambalajveetiket.com\/index.php\/wp-json\/wp\/v2\/users\/2"}],"replies":[{"embeddable":true,"href":"https:\/\/www.ambalajveetiket.com\/index.php\/wp-json\/wp\/v2\/comments?post=4949"}],"version-history":[{"count":1,"href":"https:\/\/www.ambalajveetiket.com\/index.php\/wp-json\/wp\/v2\/posts\/4949\/revisions"}],"predecessor-version":[{"id":4951,"href":"https:\/\/www.ambalajveetiket.com\/index.php\/wp-json\/wp\/v2\/posts\/4949\/revisions\/4951"}],"wp:featuredmedia":[{"embeddable":true,"href":"https:\/\/www.ambalajveetiket.com\/index.php\/wp-json\/wp\/v2\/media\/4950"}],"wp:attachment":[{"href":"https:\/\/www.ambalajveetiket.com\/index.php\/wp-json\/wp\/v2\/media?parent=4949"}],"wp:term":[{"taxonomy":"category","embeddable":true,"href":"https:\/\/www.ambalajveetiket.com\/index.php\/wp-json\/wp\/v2\/categories?post=4949"},{"taxonomy":"post_tag","embeddable":true,"href":"https:\/\/www.ambalajveetiket.com\/index.php\/wp-json\/wp\/v2\/tags?post=4949"}],"curies":[{"name":"wp","href":"https:\/\/api.w.org\/{rel}","templated":true}]}}