{"id":4955,"date":"2022-07-04T18:40:17","date_gmt":"2022-07-04T15:40:17","guid":{"rendered":"https:\/\/www.ambalajveetiket.com\/?p=4955"},"modified":"2022-07-12T19:20:21","modified_gmt":"2022-07-12T16:20:21","slug":"koenig-bauer-tabaka-ofset-cozumleri-satis-baskan-yardimcisi-falk-sparbert-koenig-bauer-olarak-en-genis-makina-parkini-sunan-firmayiz","status":"publish","type":"post","link":"https:\/\/www.ambalajveetiket.com\/index.php\/2022\/07\/04\/koenig-bauer-tabaka-ofset-cozumleri-satis-baskan-yardimcisi-falk-sparbert-koenig-bauer-olarak-en-genis-makina-parkini-sunan-firmayiz\/","title":{"rendered":"Koenig &#038; Bauer Tabaka Ofset \u00c7\u00f6z\u00fcmleri,  Sat\u0131\u015f Ba\u015fkan Yard\u0131mc\u0131s\u0131 Falk Sparbert <br> \u201cKoenig &#038; Bauer olarak en geni\u015f  makina park\u0131n\u0131 sunan firmay\u0131z\u201d"},"content":{"rendered":"<p>Sunumlar ve demolar sonras\u0131nda Koenig &amp; Bauer Tabaka Ofset \u00c7\u00f6z\u00fcmleri Ba\u015fkan Yard\u0131mc\u0131s\u0131 Falk Sparbert\u2019le T\u00fcrkiye operasyonunun, firman\u0131n yeniliklerini ve gelecek projeksiyonunu konu\u015ftuk.<\/p>\n<h4>\u201cT\u00fcrkiye\u2019de \u00e7ok potansiyelli bir aktif durumumuz var\u201d<\/h4>\n<ul>\n<li><em><strong>Bir s\u00fcredir T\u00fcrkiye\u2019de kendi \u015firketinizle faaliyet g\u00f6steriyorsunuz; \u00f6ncesinde temsilcileriniz vard\u0131. Araya pandemi de girdi. Bu iki d\u00f6nemi kar\u015f\u0131la\u015ft\u0131rarak, T\u00fcrkiye\u2019deki sat\u0131\u015flar\u0131 nas\u0131l de\u011ferlendiriyorsunuz?<\/strong><\/em><\/li>\n<\/ul>\n<p>T\u00fcrkiye\u2019de \u00e7ok potansiyelli bir aktif durumumuz var. Koenig &amp; Bauer faaliyette olmadan \u00f6nce de m\u00fcmessil distrib\u00fct\u00f6r \u00fczerinden de \u015fimdi de aktifiz. Pandemiden ba\u011f\u0131ms\u0131z olarak T\u00fcrkiye piyasas\u0131nda de\u011fi\u015fiklik oldu. T\u00fcrkiye gibi bas\u0131m sekt\u00f6r\u00fcn\u00fcn s\u00fcrekli geli\u015fme g\u00f6sterdi\u011fi bir \u00fclkede m\u00fc\u015fterilerimizin Koenig &amp; Bauer ile direkt g\u00f6r\u00fc\u015fmesinin avantaj\u0131 oldu\u011fu kesin. \u00d6nceden tabii ki m\u00fc\u015fterilerimizin m\u00fcmessil bir firmaya g\u00fcvenleri vard\u0131, \u015fimdi ise bu ileti\u015fimin daha da geli\u015fti\u011fini hissediyoruz; daha pozitif bir yakla\u015f\u0131m var. Piyasan\u0131n tepkisini, eksikli\u011fini, ihtiyac\u0131n\u0131 g\u00f6rerek hareket ettik. M\u00fc\u015fterilerin taleplerini, eksikliklerini ve ihtiya\u00e7lar\u0131n\u0131 g\u00f6rerek, onlar\u0131n taleplerine g\u00f6re bir yakla\u015f\u0131m g\u00f6stermek bizim i\u00e7in \u00e7ok \u00f6nemliydi.<\/p>\n<p>T\u00fcrkiye\u2019nin b\u00fcy\u00fck n\u00fcfusu ve geli\u015fen end\u00fcstrisi ile \u00e7ok \u00f6nemli bir pazar oldu\u011funu biliyoruz. Gelecekte de faaliyetlerin giderek artmas\u0131n\u0131\u00a0 bekliyoruz, tabii biraz zaman gerekiyor. T\u00fcrkiye\u2019de faaliyetlerimizin do\u011fru oldu\u011funu ve taleplere yerinde m\u00fcdahalenin faydalar\u0131n\u0131 \u015fimdiden g\u00f6rd\u00fck.<\/p>\n<p>Ge\u00e7i\u015f d\u00f6neminde bir duraklama olmad\u0131, makina sat\u0131\u015flar\u0131m\u0131z duraksamadan s\u00fcrd\u00fc. Do\u011frudan pazara girmemiz daha sonu\u00e7 odakl\u0131 oldu. Pandemide kurulum ve serviste Almanya destekli olmadan ilerlemenin faydalar\u0131n\u0131 da g\u00f6rd\u00fck. T\u00fcrkiye\u2019deki teknik servis ekibine sadece online destek verdik.<\/p>\n<ul>\n<li><em><strong>Pandemide k\u00fcresel malzeme tedarikinde ya\u015fanan sorunlar esnas\u0131nda T\u00fcrkiye ambalajda \u00f6ne \u00e7\u0131kan bir \u00fclke oldu. Bu Koenig &amp; Bauer olarak pazara bak\u0131\u015f\u0131n\u0131z\u0131 etkiledi mi?<\/strong><\/em><\/li>\n<\/ul>\n<p>Ambalaj sekt\u00f6r\u00fcnde pandemide online sipari\u015flere dair ambalaja talep artt\u0131. Ambalajda \u00fcretim daha lokal oldu\u011fundan, \u00c7in\u2019deki gibi toplam bir kilitlenme olmad\u0131. Tamamen s\u0131f\u0131r bir kapan\u0131\u015f olmad\u0131. Do\u011fru ad\u0131m att\u0131\u011f\u0131m\u0131z\u0131n bir g\u00f6stergesi, Avrupa baz\u0131nda k\u0131sa mesafede \u00fcretim yapman\u0131n faydas\u0131n\u0131 g\u00f6rd\u00fck.<\/p>\n<h4>\u201cDijitalde sa\u011flam ad\u0131mlarla ilerliyoruz\u201d<\/h4>\n<ul>\n<li><em><strong>Koenig &amp; Bauer yeniliklerle pazara \u00e7\u0131k\u0131yor. Dijitalde hedefiniz nedir, ne kadar etkin olacaks\u0131n\u0131z?<\/strong><\/em><\/li>\n<\/ul>\n<p>Dijitalde ilk ad\u0131m\u0131 atan olmad\u0131\u011f\u0131m\u0131z i\u00e7in, belirli bir haz\u0131rl\u0131k yapt\u0131k ve haz\u0131r olduktan sonra piyasaya \u00e7\u0131kt\u0131k. M\u00fc\u015fterilerimizle konu\u015ftuk, beklentilerini sorduk, rakip markalarla ilgili beklentileri konu\u015ftuk. Bir i\u015f orta\u011f\u0131 arad\u0131k ve bulduk. Ambalaj sekt\u00f6r\u00fcnde aktif olan \u0130talyan firmas\u0131 Durst yaz\u0131l\u0131m, donan\u0131m ve m\u00fcrekkep teknolojisini sundu. Tecr\u00fcbe beklentimizi kar\u015f\u0131layacak. Ak\u0131c\u0131, verimli, sa\u011flam ad\u0131mlarla ilerliyoruz.<\/p>\n<ul>\n<li><em><strong>Etiket alan\u0131nda T\u00fcrkiye\u2019de etkin g\u00f6z\u00fckm\u00fcyorsunuz; bundan sonra neler\u00a0 yapmay\u0131 planl\u0131yorsunuz?<\/strong><\/em><\/li>\n<\/ul>\n<p>Sat\u0131\u015f anlam\u0131nda ilk ad\u0131m\u0131 en ge\u00e7 sonbaharda ataca\u011f\u0131m\u0131za inan\u0131yorum. Ba\u015fka \u00fclkelere bakt\u0131\u011f\u0131m\u0131zda etiket bask\u0131s\u0131nda \u00e7ok ilerde oldu\u011fumuz kesin. Etiket \u00fcretiminde bir numara olan CCL Industries bir y\u0131ld\u0131r bizim teknolojimizi kullan\u0131yor. Bu bizim i\u00e7in b\u00fcy\u00fck bir ba\u015far\u0131yd\u0131. Rakip markalar da var; onlar da b\u00fcy\u00fck etki yarat\u0131yorlar.<\/p>\n<h4>\u201cT\u00fcrkiye\u2019nin \u015fu andaki stratejik durumu ihracat i\u00e7in \u00f6nemli bir konumda\u201d<\/h4>\n<ul>\n<li><em><strong>Koenig &amp; Bauer gelece\u011fe haz\u0131rl\u0131k anlam\u0131nda b\u00fcy\u00fck bir perspektif sundu. Ofset ve dijitalin birlikte kullan\u0131lmas\u0131, yaz\u0131l\u0131mla t\u00fcm prosesin kontrol\u00fc gibi; bunun sizi nereye ta\u015f\u0131yaca\u011f\u0131n\u0131 d\u00fc\u015f\u00fcn\u00fcyorsunuz?<\/strong><\/em><\/li>\n<\/ul>\n<p>Koenig &amp; Bauer olarak en geni\u015f makina park\u0131n\u0131 sunan firmay\u0131z. Her bask\u0131 teknolojisine, hepsine uygun bir \u00e7\u00f6z\u00fcm sunan ba\u015fka bir marka yok. M\u00fc\u015fterilerimizin ayn\u0131 zamanda dan\u0131\u015fman\u0131y\u0131z. M\u00fc\u015fterinin talebine g\u00f6re bir portf\u00f6y sunabiliriz. Bir rakibimiz m\u00fc\u015fterisine ofset, di\u011feri dijital teklif edecek, ba\u015fka biri flekso sunacak. Biz m\u00fc\u015fterinin ihtiyac\u0131na bakarak portf\u00f6y\u00fcm\u00fcz\u00fc sunaca\u011f\u0131z. Geri d\u00f6n\u00fc\u015f\u00fcme odakl\u0131 olarak bir \u00e7al\u0131\u015fma yap\u0131yoruz, buna \u00f6ncelik veriyoruz.<\/p>\n<ul>\n<li><em><strong>T\u00fcrk bas\u0131m sekt\u00f6r\u00fcn\u00fcn \u00fcst\u00fcnl\u00fckleri neler ve T\u00fcrk matbaac\u0131lar\u0131na neler \u00f6neriyorsunuz?<\/strong><\/em><\/li>\n<\/ul>\n<p>T\u00fcrkiye sorumluluk b\u00f6lgemde. Koenig &amp; Bauer i\u00e7in T\u00fcrkiye Bat\u0131 ve G\u00fcney Avrupa b\u00f6lgesinde yer al\u0131yor. \u0130talya ve Yunanistan gibi. T\u00fcrkiye\u2019nin \u015fu andaki stratejik durumu ihracat i\u00e7in \u00f6nemli bir konumda. T\u00fcrk matbaac\u0131lar ne istediklerini \u00e7ok iyi biliyorlar. T\u00fcrkiye\u2019deki bask\u0131 kalitesinin y\u00fcksek olmas\u0131 \u00f6n\u00fcm\u00fczdeki y\u0131llarda \u00e7ok b\u00fcy\u00fck bir avantaj olacak. Koenig &amp; Bauer onlar\u0131 destekleme ve y\u00f6nlendirme anlam\u0131nda iyi bir i\u015f orta\u011f\u0131 olmay\u0131 hedefliyoruz.<\/p>\n","protected":false},"excerpt":{"rendered":"<p>Sunumlar ve demolar sonras\u0131nda Koenig &amp; Bauer Tabaka Ofset \u00c7\u00f6z\u00fcmleri Ba\u015fkan Yard\u0131mc\u0131s\u0131 Falk Sparbert\u2019le T\u00fcrkiye operasyonunun, firman\u0131n yeniliklerini ve gelecek projeksiyonunu konu\u015ftuk. \u201cT\u00fcrkiye\u2019de \u00e7ok potansiyelli bir aktif durumumuz var\u201d Bir s\u00fcredir T\u00fcrkiye\u2019de kendi \u015firketinizle faaliyet g\u00f6steriyorsunuz; \u00f6ncesinde temsilcileriniz vard\u0131. Araya pandemi de girdi. Bu iki d\u00f6nemi kar\u015f\u0131la\u015ft\u0131rarak, T\u00fcrkiye\u2019deki sat\u0131\u015flar\u0131 nas\u0131l de\u011ferlendiriyorsunuz? T\u00fcrkiye\u2019de \u00e7ok potansiyelli bir [&hellip;]<\/p>\n","protected":false},"author":2,"featured_media":4956,"comment_status":"closed","ping_status":"closed","sticky":false,"template":"","format":"standard","meta":[],"categories":[1,27,44],"tags":[376,51],"_links":{"self":[{"href":"https:\/\/www.ambalajveetiket.com\/index.php\/wp-json\/wp\/v2\/posts\/4955"}],"collection":[{"href":"https:\/\/www.ambalajveetiket.com\/index.php\/wp-json\/wp\/v2\/posts"}],"about":[{"href":"https:\/\/www.ambalajveetiket.com\/index.php\/wp-json\/wp\/v2\/types\/post"}],"author":[{"embeddable":true,"href":"https:\/\/www.ambalajveetiket.com\/index.php\/wp-json\/wp\/v2\/users\/2"}],"replies":[{"embeddable":true,"href":"https:\/\/www.ambalajveetiket.com\/index.php\/wp-json\/wp\/v2\/comments?post=4955"}],"version-history":[{"count":1,"href":"https:\/\/www.ambalajveetiket.com\/index.php\/wp-json\/wp\/v2\/posts\/4955\/revisions"}],"predecessor-version":[{"id":4957,"href":"https:\/\/www.ambalajveetiket.com\/index.php\/wp-json\/wp\/v2\/posts\/4955\/revisions\/4957"}],"wp:featuredmedia":[{"embeddable":true,"href":"https:\/\/www.ambalajveetiket.com\/index.php\/wp-json\/wp\/v2\/media\/4956"}],"wp:attachment":[{"href":"https:\/\/www.ambalajveetiket.com\/index.php\/wp-json\/wp\/v2\/media?parent=4955"}],"wp:term":[{"taxonomy":"category","embeddable":true,"href":"https:\/\/www.ambalajveetiket.com\/index.php\/wp-json\/wp\/v2\/categories?post=4955"},{"taxonomy":"post_tag","embeddable":true,"href":"https:\/\/www.ambalajveetiket.com\/index.php\/wp-json\/wp\/v2\/tags?post=4955"}],"curies":[{"name":"wp","href":"https:\/\/api.w.org\/{rel}","templated":true}]}}