{"id":5035,"date":"2022-09-18T17:19:24","date_gmt":"2022-09-18T14:19:24","guid":{"rendered":"https:\/\/www.ambalajveetiket.com\/?p=5035"},"modified":"2022-09-18T17:19:24","modified_gmt":"2022-09-18T14:19:24","slug":"kuresel-etiket-odulu-kazananlar-aciklandi","status":"publish","type":"post","link":"https:\/\/www.ambalajveetiket.com\/index.php\/2022\/09\/18\/kuresel-etiket-odulu-kazananlar-aciklandi\/","title":{"rendered":"K\u00fcresel Etiket \u00d6d\u00fcl\u00fc kazananlar a\u00e7\u0131kland\u0131"},"content":{"rendered":"<p>Labelexpo Americas 2022\u2019nin a\u00e7\u0131l\u0131\u015f gecesinde \u2018Global Label Awards\u2019 t\u00f6reni vard\u0131<\/p>\n<p>Etiket end\u00fcstrisinin prestijli k\u00fcresel \u00f6d\u00fcllerinin sonu\u00e7lar\u0131, Labelexpo Americas 2022&#8217;nin a\u00e7\u0131l\u0131\u015f gecesinde a\u00e7\u0131kland\u0131.<\/p>\n<p>Kazananlar, TLMI Ba\u015fkan\u0131 Lori Campbell, TLMI Ba\u015fkan\u0131 Linnea Keen, FINAT Ba\u015fkan\u0131 Philippe Voet, Label &amp; Narrow Web Edit\u00f6r\u00fc Greg Hrinya, daha sonra Labels &amp; Narrow Web edit\u00f6r\u00fc James Quirk ve Etiq+Pack Genel Yay\u0131n Y\u00f6netmeni Jean Poncet&#8217;ten olu\u015fan bir j\u00fcri heyeti taraf\u0131ndan se\u00e7ildi. J\u00fcri Ba\u015fkan\u0131, Tarsus Labels &amp; Packaging Group Stratejik Direkt\u00f6r\u00fc Andy Thomas-Emans&#8217;t\u0131.<\/p>\n<p>Daha \u00f6nce a\u00e7\u0131kland\u0131\u011f\u0131 gibi, 2022 R. Stanton Avery K\u00fcresel Ba\u015far\u0131 \u00d6d\u00fcl\u00fc&#8217;n\u00fcn kazanan\u0131 Harveer Sahni oldu. J\u00fcri heyeti, Harveer&#8217;in bir bireyin k\u00fcresel etiket end\u00fcstrisinin b\u00fcy\u00fcmesine ve geli\u015fmesine yapt\u0131\u011f\u0131 katk\u0131 nedeniyle end\u00fcstrinin en prestijli \u00f6d\u00fcl\u00fcn\u00fcn talep etti\u011fi m\u00fckemmellik kriterlerinin tamam\u0131n\u0131 kar\u015f\u0131lad\u0131\u011f\u0131n\u0131 d\u00fc\u015f\u00fcnd\u00fc. Hindistan&#8217;da kendinden yap\u0131\u015fkanl\u0131 etiketler \u00fcretmek i\u00e7in bir \u015firket kurma konusundaki ge\u00e7mi\u015fi, Hindistan etiket derne\u011finin kurulmas\u0131ndaki merkezi rol\u00fcne ve ard\u0131ndan d\u00fcnya sahnesinde etkili bir el\u00e7i olarak hareket etmesine kadar t\u00fcm ge\u00e7mi\u015fi, j\u00fcri heyetinin karar vermesine yard\u0131mc\u0131 oldu.<\/p>\n<p>Y\u00fckselen Y\u0131ld\u0131z \u00d6d\u00fcl\u00fc, MCC Label K\u00fcresel S\u00fcrd\u00fcr\u00fclebilirlik Direkt\u00f6r\u00fc Stijn Billiet&#8217;e verildi. Stijn, 2020 y\u0131l\u0131nda MCC&#8217;ye kat\u0131ld\u0131 ve s\u00fcrd\u00fcr\u00fclebilirli\u011fi g\u00fcndeme getirerek an\u0131nda bir etki yaratt\u0131. 2021&#8217;in ba\u015flar\u0131nda, t\u00fcm k\u00fcresel \u00fcretim tesislerinin karbon ayak izini azaltmalar\u0131 i\u00e7in bir yol haritas\u0131 sunarak Bel\u00e7ika tesisini karbon n\u00f6tr \u00fcretime y\u00f6nlendirdi. Stijn, Holy Grail, RecyClass, APR ve CELAB gibi kurulu\u015flarla olan i\u015f birli\u011finde MCC&#8217;yi temsil ediyor. J\u00fcri heyeti, Stijn&#8217;in gelecekteki bir lider olmak i\u00e7in a\u00e7\u0131k bir potansiyel g\u00f6sterdi\u011fini ve etiket end\u00fcstrisinde zaten g\u00fc\u00e7l\u00fc bir ses oldu\u011funu hissetti.<\/p>\n<p>\u00c7evresel S\u00fcrd\u00fcr\u00fclebilirlik \u00d6d\u00fcl\u00fc, Flint Group Narrow Web taraf\u0131ndan daha s\u00fcrd\u00fcr\u00fclebilir ambalajlama sa\u011flamak \u00fczere tasarlanm\u0131\u015f yeni bir \u00fcr\u00fcn serisi i\u00e7in kazan\u0131ld\u0131. Serinin ilk \u00fcr\u00fcn\u00fc olan Evolution Deinking Primer, Flint Group EkoCure XS m\u00fcrekkepleriyle birlikte kullan\u0131ld\u0131\u011f\u0131nda, kristalize olabilen \u015firink silivlerin m\u00fcrekkebinden ar\u0131nd\u0131r\u0131lmas\u0131n\u0131 sa\u011flayarak temiz \u015firink siliv etiket malzemesinin geri kazan\u0131lmas\u0131na ve PET ambalaj\u0131na geri d\u00f6n\u00fc\u015ft\u00fcr\u00fclmesine olanak tan\u0131yor. J\u00fcri heyeti, Evolution Deinking Primer&#8217;\u0131n etiket malzemeleri i\u00e7in d\u00f6ng\u00fcsel bir ya\u015fam d\u00f6ng\u00fcs\u00fc geli\u015ftirmeye b\u00fcy\u00fck katk\u0131 sa\u011flad\u0131\u011f\u0131n\u0131 hissetti.<\/p>\n<p>300&#8217;den fazla \u00e7al\u0131\u015fan\u0131 olan \u015firketlere verilen \u0130novasyon \u00d6d\u00fcl\u00fc, Signite dekorasyon teknolojisiyle Actega&#8217;ya gitti. UV ile k\u00fcrlenebilen kimyadaki en son geli\u015fmelerden yararlanan Signite s\u00fcslemeleri, tamamen bask\u0131da olu\u015fturularak geleneksel bas\u0131nca duyarl\u0131 etiket \u00fcretiminde kullan\u0131lan lamine yap\u0131lara olan ihtiyac\u0131 ortadan kald\u0131r\u0131yor. Signite s\u00fcslemeleri, grafikler ve etiket i\u00e7eri\u011fi ile uyumlu olarak yap\u0131land\u0131r\u0131lm\u0131\u015f, bu nedenle kal\u0131pl\u0131 kesim ve at\u0131lacak matris yok. Signite s\u00fcslemeleri, ba\u015flang\u0131\u00e7ta d\u00fcz cam kaplar i\u00e7in Actega taraf\u0131ndan geli\u015ftirilen \u00f6zel bir hat i\u00e7i aplikat\u00f6r ile uygulan\u0131yor. J\u00fcri heyeti, bunun etiket s\u00fcslemelerinin \u00fcretilme bi\u00e7iminde bir ad\u0131m de\u011fi\u015fikli\u011fi ve end\u00fcstrinin s\u00fcrd\u00fcr\u00fclebilirli\u011fine b\u00fcy\u00fck bir katk\u0131 oldu\u011funu d\u00fc\u015f\u00fcnd\u00fc.<\/p>\n<p>300&#8217;den az \u00e7al\u0131\u015fan\u0131 olan \u015firketler i\u00e7in \u0130novasyon \u00d6d\u00fcl\u00fc, ReEarth kompostlanabilir esnek ambalaj filmleri i\u00e7in S-OneLP&#8217;ye verildi. ReEarth filmleri, ASTM D6400 ticari kompostlanabilirlik standartlar\u0131na ula\u015fm\u0131\u015f ve hem BPI hem de USDA Biopreferred sertifikal\u0131. Kompostlanabilir bir bask\u0131 filmi, yap\u0131\u015ft\u0131r\u0131c\u0131 ve s\u0131zd\u0131rmazl\u0131k katman\u0131, dijital veya fleksografik teknolojilerle y\u00fczeyi bas\u0131labilen bu lamine yap\u0131y\u0131 olu\u015fturuyor. J\u00fcri, esnek ambalaj \u00fcr\u00fcnlerine \u00e7e\u015fitlenen daha fazla etiket d\u00f6n\u00fc\u015ft\u00fcr\u00fcc\u00fcyle, tamamen kompostlanabilir bir \u00e7\u00f6z\u00fcm\u00fcn gelecekteki ambalaj end\u00fcstrisinin s\u00fcrd\u00fcr\u00fclebilirli\u011fi i\u00e7in b\u00fcy\u00fck bir yard\u0131mc\u0131 oldu\u011funu d\u00fc\u015f\u00fcnd\u00fc.<\/p>\n<p>Y\u00fckselen Y\u0131ld\u0131z \u00f6d\u00fcl\u00fc, Avery Dennison, \u00c7evresel S\u00fcrd\u00fcr\u00fclebilirlik \u00f6d\u00fcl\u00fc, Label &amp; Labeling, 300&#8217;e kadar \u00e7al\u0131\u015fan\u0131 olan \u015firketler i\u00e7in \u0130novasyon \u00d6d\u00fcl\u00fc, Flint Group Narrow Web ve 300&#8217;\u00fcn \u00fczerindeki \u015firketlere verilen \u0130novasyon \u00d6d\u00fcl\u00fc ise Xeikon taraf\u0131ndan destekleniyor.<\/p>\n","protected":false},"excerpt":{"rendered":"<p>Labelexpo Americas 2022\u2019nin a\u00e7\u0131l\u0131\u015f gecesinde \u2018Global Label Awards\u2019 t\u00f6reni vard\u0131 Etiket end\u00fcstrisinin prestijli k\u00fcresel \u00f6d\u00fcllerinin sonu\u00e7lar\u0131, Labelexpo Americas 2022&#8217;nin a\u00e7\u0131l\u0131\u015f gecesinde a\u00e7\u0131kland\u0131. Kazananlar, TLMI Ba\u015fkan\u0131 Lori Campbell, TLMI Ba\u015fkan\u0131 Linnea Keen, FINAT Ba\u015fkan\u0131 Philippe Voet, Label &amp; Narrow Web Edit\u00f6r\u00fc Greg Hrinya, daha sonra Labels &amp; Narrow Web edit\u00f6r\u00fc James Quirk ve Etiq+Pack Genel Yay\u0131n [&hellip;]<\/p>\n","protected":false},"author":2,"featured_media":0,"comment_status":"closed","ping_status":"closed","sticky":false,"template":"","format":"standard","meta":[],"categories":[31,214],"tags":[60,343,390,391,174],"_links":{"self":[{"href":"https:\/\/www.ambalajveetiket.com\/index.php\/wp-json\/wp\/v2\/posts\/5035"}],"collection":[{"href":"https:\/\/www.ambalajveetiket.com\/index.php\/wp-json\/wp\/v2\/posts"}],"about":[{"href":"https:\/\/www.ambalajveetiket.com\/index.php\/wp-json\/wp\/v2\/types\/post"}],"author":[{"embeddable":true,"href":"https:\/\/www.ambalajveetiket.com\/index.php\/wp-json\/wp\/v2\/users\/2"}],"replies":[{"embeddable":true,"href":"https:\/\/www.ambalajveetiket.com\/index.php\/wp-json\/wp\/v2\/comments?post=5035"}],"version-history":[{"count":1,"href":"https:\/\/www.ambalajveetiket.com\/index.php\/wp-json\/wp\/v2\/posts\/5035\/revisions"}],"predecessor-version":[{"id":5036,"href":"https:\/\/www.ambalajveetiket.com\/index.php\/wp-json\/wp\/v2\/posts\/5035\/revisions\/5036"}],"wp:attachment":[{"href":"https:\/\/www.ambalajveetiket.com\/index.php\/wp-json\/wp\/v2\/media?parent=5035"}],"wp:term":[{"taxonomy":"category","embeddable":true,"href":"https:\/\/www.ambalajveetiket.com\/index.php\/wp-json\/wp\/v2\/categories?post=5035"},{"taxonomy":"post_tag","embeddable":true,"href":"https:\/\/www.ambalajveetiket.com\/index.php\/wp-json\/wp\/v2\/tags?post=5035"}],"curies":[{"name":"wp","href":"https:\/\/api.w.org\/{rel}","templated":true}]}}