{"id":5091,"date":"2025-01-27T14:28:32","date_gmt":"2025-01-27T11:28:32","guid":{"rendered":"https:\/\/www.ambalajveetiket.com\/?p=5091"},"modified":"2025-01-27T14:28:32","modified_gmt":"2025-01-27T11:28:32","slug":"grasikraft-cim-liflerinden-uretilen-kagit-piyasada","status":"publish","type":"post","link":"https:\/\/www.ambalajveetiket.com\/index.php\/2025\/01\/27\/grasikraft-cim-liflerinden-uretilen-kagit-piyasada\/","title":{"rendered":"GrasiKraft\u2122: \u00e7im liflerinden \u00fcretilen k\u00e2\u011f\u0131t piyasada"},"content":{"rendered":"<p>E-ticaret ve end\u00fcstriyel tedarik zincirleri i\u00e7in \u00e7evresel olarak s\u00fcrd\u00fcr\u00fclebilir, k\u00e2\u011f\u0131t bazl\u0131 ambalaj \u00e7\u00f6z\u00fcmlerinin \u00f6nde gelen tedarik\u00e7isi Ranpak Holdings Corp., 12 Kas\u0131m\u2019da \u00e7im lifleriyle \u00fcretilen yeni GrasiKraft\u2122 k\u00e2\u011f\u0131t dolgusunun piyasaya s\u00fcr\u00fcld\u00fc\u011f\u00fcn\u00fc duyurdu.<\/p>\n<p>Ranpak, otomatik ambalaj \u00e7\u00f6z\u00fcmleri ve bir kutu i\u00e7inde ihtiya\u00e7 duyulan her t\u00fcrl\u00fc uygulamaya hizmet edebilen k\u00e2\u011f\u0131t d\u00f6n\u00fc\u015ft\u00fcr\u00fcc\u00fcler de dahil olmak \u00fczere yenilik\u00e7i \u00fcr\u00fcn grubuna kat\u0131lan bo\u015fluk dolgusu i\u00e7in standart \u00fcr\u00fcn portf\u00f6y\u00fcn\u00fcn bir par\u00e7as\u0131 olarak \u00e7im k\u00e2\u011f\u0131d\u0131 sunan d\u00fcnyadaki ilk \u015firket.<\/p>\n<p>GrasiKraft\u2122 k\u00e2\u011f\u0131t dolgusu s\u00fcrd\u00fcr\u00fclebilir \u015fekilde hasat edilen \u00e7im lifleri ve geri d\u00f6n\u00fc\u015ft\u00fcr\u00fclm\u00fc\u015f k\u00e2\u011f\u0131t kaynaklar\u0131ndan elde edilen liflerin bir kar\u0131\u015f\u0131m\u0131yla \u00fcretiliyor. Bu ka\u011f\u0131t Ranpak\u2019\u0131n di\u011fer k\u00e2\u011f\u0131t \u00e7e\u015fitlerinin performans\u0131n\u0131, \u00e7imi ek bir lif kayna\u011f\u0131 olarak kullanman\u0131n sundu\u011fu benzersiz faydalarla birle\u015ftiriyor. Bu faydalar aras\u0131nda, di\u011fer kraft k\u00e2\u011f\u0131t dolgu \u00fcr\u00fcnlerine k\u0131yasla \u00fcretim s\u00fcrecinde t\u00fcketilen suyun azalt\u0131lmas\u0131 ve ikincil ambalaj malzemelerinin d\u00f6ng\u00fcselli\u011fine katk\u0131da bulunabilecek yenilenebilir lif kaynaklar\u0131n\u0131n \u00e7e\u015fitlendirilmesi yer al\u0131yor.<\/p>\n<p>Ranpak Y\u00f6netim Kurulu Ba\u015fkan\u0131 ve CEO\u2019su Omar Asali, \u201c\u00dcr\u00fcn teklifimize GrasiKraft\u2122 k\u00e2\u011f\u0131d\u0131n\u0131 eklemekten heyecan duyuyoruz. \u00c7imi lif kayna\u011f\u0131 olarak kullanan ilk ticari olarak temin edilebilen k\u00e2\u011f\u0131t malzememiz olarak, bu kilometre ta\u015f\u0131 Ranpak\u2019\u0131n m\u00fcmk\u00fcn olan en s\u00fcrd\u00fcr\u00fclebilir malzemeleri de\u011ferlendirmeye devam etmesi i\u00e7in \u00f6nemli bir ad\u0131m. Tek kullan\u0131ml\u0131k ambalajlar\u0131n geri d\u00f6n\u00fc\u015ft\u00fcr\u00fclebilir olmas\u0131 ve gelecek nesiller i\u00e7in d\u00fcnyam\u0131z\u0131 korumak i\u00e7in yenilenebilir kaynaklardan gelmesi gerekti\u011fine inan\u0131yoruz ve \u00e7imin bir malzeme olarak yenilenebilir nitelikleri onu m\u00fckemmel bir uyum haline getiriyor.\u201d<\/p>\n<p>GrasiKraft\u2122, \u00e7imin k\u00e2\u011f\u0131t yap\u0131m\u0131nda s\u00fcrd\u00fcr\u00fclebilir bir lif kayna\u011f\u0131 olarak kullan\u0131m\u0131n\u0131 ke\u015ffetmek i\u00e7in Creapaper ile b\u00fcy\u00fcyen bir ortakl\u0131kla geli\u015ftirildi. Yenilik s\u00fcreci, Ranpak\u2019\u0131n mevcut d\u00f6n\u00fc\u015ft\u00fcr\u00fcc\u00fcleriyle uyumlu kalacak kadar g\u00fc\u00e7l\u00fc ve \u00e7im liflerini de i\u00e7eren bir k\u00e2\u011f\u0131t kaplama malzemesi \u00fcretmek i\u00e7in kapsaml\u0131 testler i\u00e7eriyordu.<\/p>\n<p>\u00c7im, y\u0131lda birka\u00e7 kez hasat edilebilen olduk\u00e7a yenilenebilir bir kaynak. GrasiKraft\u2122, kaynaktan i\u015flemeye kadar olan seyahat mesafelerini en aza indirmeye yard\u0131mc\u0131 olabilen ve ayn\u0131 zamanda bu alanlar\u0131n \u00fcretken \u00e7\u0131kt\u0131s\u0131n\u0131 en \u00fcst d\u00fczeye \u00e7\u0131karabilen tar\u0131m arazilerinin marjinal alanlar\u0131ndan elde edilen lifleri kullan\u0131yor. \u00c7im, yeniden \u0131slat\u0131lm\u0131\u015f batakl\u0131k arazilerinden de elde edilebiliyor ve Orta Avrupa\u2019daki de\u011ferli biyolojik \u00e7e\u015fitlilik habitatlar\u0131n\u0131n korunmas\u0131na yard\u0131mc\u0131 oluyor.<\/p>\n<p>\u201cS\u00fcrd\u00fcr\u00fclebilirli\u011fe olan ba\u011fl\u0131l\u0131\u011f\u0131m\u0131z\u0131 g\u00f6stermek i\u00e7in bir s\u00fcre \u00f6nce k\u00e2\u011f\u0131t bazl\u0131 ambalaj malzemelerine ge\u00e7tikten sonra, \u00e7im k\u00e2\u011f\u0131d\u0131n\u0131 hem \u00e7evreye olan ba\u011fl\u0131l\u0131\u011f\u0131m\u0131z hem de m\u00fc\u015fterilerimizin paket a\u00e7ma deneyimi a\u00e7\u0131s\u0131ndan heyecan verici bir ad\u0131m olarak g\u00f6r\u00fcyoruz\u201d diyen, geleneksel fiziki ve \u00e7evrim i\u00e7i eczaneler i\u00e7in \u00f6nde gelen bir Bel\u00e7ika ila\u00e7 da\u011f\u0131t\u0131c\u0131s\u0131 Multipharma\u2019da Lojistik Hizmetleri M\u00fcd\u00fcr\u00fc St\u00e9phane Doerane, ekliyor: \u201cGrasiKraft\u2019\u0131 ambalajlar\u0131m\u0131zda birka\u00e7 ayd\u0131r kullan\u0131yoruz ve bu standartlar\u0131m\u0131z\u0131 kar\u015f\u0131lamakla kalm\u0131yor, ayn\u0131 zamanda daha yumu\u015fak bir his veriyor ve bu da olumlu m\u00fc\u015fteri geri bildirimlerine yol a\u00e7t\u0131.\u201d<\/p>\n<div class=\"jeg_ad jeg_ad_article jnews_content_inline_2_ads  \">\n<div class=\"ads-wrapper align-center \"><\/div>\n<\/div>\n<p>GrasiKraft\u2122 k\u00e2\u011f\u0131d\u0131, yap\u0131s\u0131ndaki g\u00f6r\u00fcn\u00fcr \u00e7im lifi sayesinde benzersiz bir g\u00f6r\u00fcn\u00fcm ve daha yumu\u015fak bir his sa\u011fl\u0131yor ve paket a\u00e7ma deneyimi s\u0131ras\u0131nda s\u00fcrd\u00fcr\u00fclebilirli\u011fe olan ba\u011fl\u0131l\u0131\u011f\u0131 \u00f6n plana \u00e7\u0131karmaya yard\u0131mc\u0131 oluyor. T\u00fcm Ranpak<sup>\u00ae<\/sup>\u00a0k\u00e2\u011f\u0131tlar\u0131 gibi, GrasiKraft\u2122 da yerinde tamamen geri d\u00f6n\u00fc\u015ft\u00fcr\u00fclebiliyor ve biyolojik olarak par\u00e7alanabiliyor, ambalaj\u0131 d\u00f6ng\u00fcsel ekonominin bir par\u00e7as\u0131 olarak tutuyor ve daha iyi bir d\u00fcnya sunmaya yard\u0131mc\u0131 oluyor.<\/p>\n","protected":false},"excerpt":{"rendered":"<p>E-ticaret ve end\u00fcstriyel tedarik zincirleri i\u00e7in \u00e7evresel olarak s\u00fcrd\u00fcr\u00fclebilir, k\u00e2\u011f\u0131t bazl\u0131 ambalaj \u00e7\u00f6z\u00fcmlerinin \u00f6nde gelen tedarik\u00e7isi Ranpak Holdings Corp., 12 Kas\u0131m\u2019da \u00e7im lifleriyle \u00fcretilen yeni GrasiKraft\u2122 k\u00e2\u011f\u0131t dolgusunun piyasaya s\u00fcr\u00fcld\u00fc\u011f\u00fcn\u00fc duyurdu. Ranpak, otomatik ambalaj \u00e7\u00f6z\u00fcmleri ve bir kutu i\u00e7inde ihtiya\u00e7 duyulan her t\u00fcrl\u00fc uygulamaya hizmet edebilen k\u00e2\u011f\u0131t d\u00f6n\u00fc\u015ft\u00fcr\u00fcc\u00fcler de dahil olmak \u00fczere yenilik\u00e7i \u00fcr\u00fcn grubuna [&hellip;]<\/p>\n","protected":false},"author":2,"featured_media":5092,"comment_status":"closed","ping_status":"closed","sticky":false,"template":"","format":"standard","meta":[],"categories":[168,169,39],"tags":[396,63,397],"_links":{"self":[{"href":"https:\/\/www.ambalajveetiket.com\/index.php\/wp-json\/wp\/v2\/posts\/5091"}],"collection":[{"href":"https:\/\/www.ambalajveetiket.com\/index.php\/wp-json\/wp\/v2\/posts"}],"about":[{"href":"https:\/\/www.ambalajveetiket.com\/index.php\/wp-json\/wp\/v2\/types\/post"}],"author":[{"embeddable":true,"href":"https:\/\/www.ambalajveetiket.com\/index.php\/wp-json\/wp\/v2\/users\/2"}],"replies":[{"embeddable":true,"href":"https:\/\/www.ambalajveetiket.com\/index.php\/wp-json\/wp\/v2\/comments?post=5091"}],"version-history":[{"count":1,"href":"https:\/\/www.ambalajveetiket.com\/index.php\/wp-json\/wp\/v2\/posts\/5091\/revisions"}],"predecessor-version":[{"id":5093,"href":"https:\/\/www.ambalajveetiket.com\/index.php\/wp-json\/wp\/v2\/posts\/5091\/revisions\/5093"}],"wp:featuredmedia":[{"embeddable":true,"href":"https:\/\/www.ambalajveetiket.com\/index.php\/wp-json\/wp\/v2\/media\/5092"}],"wp:attachment":[{"href":"https:\/\/www.ambalajveetiket.com\/index.php\/wp-json\/wp\/v2\/media?parent=5091"}],"wp:term":[{"taxonomy":"category","embeddable":true,"href":"https:\/\/www.ambalajveetiket.com\/index.php\/wp-json\/wp\/v2\/categories?post=5091"},{"taxonomy":"post_tag","embeddable":true,"href":"https:\/\/www.ambalajveetiket.com\/index.php\/wp-json\/wp\/v2\/tags?post=5091"}],"curies":[{"name":"wp","href":"https:\/\/api.w.org\/{rel}","templated":true}]}}