{"id":5094,"date":"2025-01-27T14:33:36","date_gmt":"2025-01-27T11:33:36","guid":{"rendered":"https:\/\/www.ambalajveetiket.com\/?p=5094"},"modified":"2025-01-27T14:33:39","modified_gmt":"2025-01-27T11:33:39","slug":"odul-sayisi-200e-yaklasan-bir-matbaa-ciftsan-etiket-ve-ambalaj","status":"publish","type":"post","link":"https:\/\/www.ambalajveetiket.com\/index.php\/2025\/01\/27\/odul-sayisi-200e-yaklasan-bir-matbaa-ciftsan-etiket-ve-ambalaj\/","title":{"rendered":"\u00d6d\u00fcl say\u0131s\u0131 200&#8217;e yakla\u015fan bir matbaa: \u00c7iftsan Etiket ve Ambalaj"},"content":{"rendered":"<h1 class=\"jeg_post_title\">Ebru Yolgun (\u00c7iftsan Etiket ve Ambalaj A.\u015e. Y\u00f6netim Kurulu \u00dcyesi:<br \/>\n\u201c\u0130novasyon, e\u011fitim ve ba\u015far\u0131l\u0131 projelerle b\u00fcy\u00fcmeyi hedefliyoruz\u201d<\/h1>\n<p>Etiket ve ambalaj, 2000\u2019li y\u0131llardan itibaren iyi e\u011fitimli, yenilik\u00e7i, sekt\u00f6r\u00fcnde zirveyi hedefleyen giri\u015fimcilerin itici g\u00fcc\u00fcyle, makine ve malzemede ithalat\u00e7\u0131 olman\u0131n handikaplar\u0131n\u0131 a\u015farak d\u0131\u015f pazarda daha fazla g\u00f6r\u00fcn\u00fcr oldu ve y\u0131llar ge\u00e7tik\u00e7e d\u0131\u015f ticarette fazla veren bir sekt\u00f6r olarak y\u0131ld\u0131zla\u015ft\u0131. Sekt\u00f6r\u00fcn \u00f6nemli bile\u015fenleri olarak etiket ve ambalaj matbaalar\u0131 da bu ba\u015far\u0131da pay sahibi oldular. \u00c7iftsan Etiket Ambalaj da d\u00fcnyan\u0131n en iyi etiketlerini \u00fcretmeye odakl\u0131 bir firma olarak, ihracat\u0131n\u0131 art\u0131rmak i\u00e7in uluslararas\u0131 fuarlara kat\u0131larak ve ulusal, uluslararas\u0131 arenada \u00f6d\u00fcller alarak sekt\u00f6r\u00fcn gurur vesilesi olmaya devam ediyor.<\/p>\n<p>Y\u00f6netim Kurulu \u00dcyesi Ebru Yolgun, \u00f6d\u00fclleri, \u00e7al\u0131\u015fmalar\u0131, yat\u0131r\u0131mlar\u0131 ve hedeflerine dair sorular\u0131m\u0131z\u0131 yan\u0131tlad\u0131.<\/p>\n<ul>\n<li><em>D\u00f6rt y\u0131l \u00f6nce yapt\u0131\u011f\u0131m\u0131z bir r\u00f6portajda \u00f6d\u00fcllerin ayn\u0131 zamanda b\u00fcy\u00fck bir sorumluluk y\u00fckledi\u011fini s\u00f6ylemi\u015ftiniz. Bu sorumluluk dahilinde 2020 sonras\u0131nda kalitenizi art\u0131rmak ve s\u00fcrd\u00fcrmek ad\u0131na donan\u0131m, kadro ve e\u011fitim alan\u0131nda ne gibi ad\u0131mlar att\u0131n\u0131z?<\/em><\/li>\n<\/ul>\n<p>\u00c7iftsan Etiket Ambalaj olarak, \u00f6d\u00fcllerin getirdi\u011fi sorumlulu\u011fun fark\u0131nday\u0131z ve her ad\u0131m\u0131m\u0131z\u0131 bu bilin\u00e7le at\u0131yoruz. 2020 sonras\u0131 d\u00f6nemde, kaliteyi art\u0131rmak ve s\u00fcrd\u00fcr\u00fclebilir k\u0131lmak ad\u0131na pek \u00e7ok yenilik\u00e7i hamlede bulunduk.<\/p>\n<p>\u0130lk olarak donan\u0131m taraf\u0131nda, teknolojik altyap\u0131m\u0131z\u0131 g\u00fc\u00e7lendirdik. \u00dcretim s\u00fcre\u00e7lerimizi h\u0131zland\u0131rmak ve en y\u00fcksek kalite standartlar\u0131na ula\u015fmak amac\u0131yla son teknoloji bask\u0131 makineleri ve ekipman yat\u0131r\u0131mlar\u0131na devam ettik. Bu sayede, m\u00fc\u015fteri taleplerini daha h\u0131zl\u0131 ve hatas\u0131z kar\u015f\u0131layabilir hale geldik.<\/p>\n<p>Kadro alan\u0131nda ise sekt\u00f6rdeki uzmanl\u0131\u011f\u0131m\u0131z\u0131 daha da g\u00fc\u00e7lendirmek ad\u0131na yeni yetenekleri b\u00fcnyemize katt\u0131k. Ancak, as\u0131l dikkat etti\u011fimiz nokta, \u00c7iftsan\u2019\u0131n \u201csekt\u00f6r\u00fcn okulu\u201d kimli\u011fini koruyarak \u00e7al\u0131\u015fanlar\u0131m\u0131z\u0131n %95\u2019ini kendi e\u011fitim programlar\u0131m\u0131zla yeti\u015ftirmek oldu. Hem deneyimli kadromuzu hem de gen\u00e7 yetenekleri bir araya getirerek, tecr\u00fcbeyi dinamizmle harmanlayan bir ekip olu\u015fturduk.<\/p>\n<p>Son olarak, e\u011fitim konusunda olduk\u00e7a titiz davrand\u0131k. T\u00fcm \u00e7al\u0131\u015fanlar\u0131m\u0131z\u0131n geli\u015fimini desteklemek amac\u0131yla hem teknik hem de ki\u015fisel geli\u015fim e\u011fitimlerine a\u011f\u0131rl\u0131k verdik. \u00c7al\u0131\u015fanlar\u0131m\u0131za, s\u00fcrekli \u00f6\u011frenme ve geli\u015fim f\u0131rsatlar\u0131 sunarak, sekt\u00f6rdeki yenilikleri yak\u0131ndan takip etmelerini sa\u011flad\u0131k. Bu e\u011fitimler sayesinde, sadece i\u015f g\u00fcc\u00fcm\u00fcz\u00fc g\u00fc\u00e7lendirmekle kalmad\u0131k, ayn\u0131 zamanda kalite standard\u0131m\u0131z\u0131 da s\u00fcrekli y\u00fcksek tutmay\u0131 ba\u015fard\u0131k.<\/p>\n<p>T\u00fcm bu ad\u0131mlar, kaliteyi s\u00fcrd\u00fcr\u00fclebilir k\u0131lmam\u0131z ve \u00f6d\u00fcllerin getirdi\u011fi sorumlulu\u011fu en iyi \u015fekilde yerine getirmemiz a\u00e7\u0131s\u0131ndan b\u00fcy\u00fck \u00f6nem ta\u015f\u0131yor.<\/p>\n<div class=\"jeg_ad jeg_ad_article jnews_content_inline_2_ads  \">\n<div class=\"ads-wrapper align-center \"><\/div>\n<\/div>\n<ul>\n<li><em>Ekibinizden s\u00f6z etmek ister misiniz? Ka\u00e7 ki\u015filik bir kadronuz var; b\u00fcnyenizde ne gibi e\u011fitim \u00e7al\u0131\u015fmalar\u0131 y\u00fcr\u00fct\u00fcyorsunuz?<\/em><\/li>\n<\/ul>\n<p>\u00c7iftsan Etiket Ambalaj olarak \u015fu anda 48 ki\u015filik bir ekibe sahibiz. Bu say\u0131, bizim i\u00e7in sadece bir rakam de\u011fil; her bir \u00e7al\u0131\u015fan\u0131m\u0131z\u0131n \u015firkete katt\u0131\u011f\u0131 de\u011ferle b\u00fcy\u00fck anlam ifade ediyor. Kadromuz hem tecr\u00fcbeli profesyonellerden hem de sekt\u00f6re yeni ad\u0131m atan yetenekli gen\u00e7lerden olu\u015fuyor. Bu \u00e7e\u015fitlilik, bizi g\u00fc\u00e7l\u00fc k\u0131lan \u00f6nemli unsurlardan biri.<\/p>\n<p>Ekibimizi olu\u015ftururken, yaln\u0131zca sekt\u00f6rdeki uzmanl\u0131\u011f\u0131 de\u011fil, ayn\u0131 zamanda \u00f6\u011frenme ve geli\u015fim arzusunu da \u00f6n planda tutuyoruz. Bu nedenle, \u015firketimizde e\u011fitim \u00e7al\u0131\u015fmalar\u0131na b\u00fcy\u00fck \u00f6nem veriyoruz. \u00c7iftsan, sekt\u00f6rde \u201cokul\u201d olarak bilinen bir kimli\u011fe sahip ve bu unvan\u0131 korumak i\u00e7in e\u011fitim programlar\u0131m\u0131z\u0131 s\u00fcrekli geli\u015ftiriyoruz. \u00c7al\u0131\u015fanlar\u0131m\u0131z\u0131n %95\u2019i bu mesle\u011fi \u00c7iftsan\u2019da ald\u0131klar\u0131 e\u011fitimlerle \u00f6\u011frenmi\u015f durumda. Yeni ba\u015flayan \u00e7al\u0131\u015fanlar\u0131m\u0131z i\u00e7in kapsaml\u0131 e\u011fitim programlar\u0131 d\u00fczenlerken, mevcut kadromuzun da s\u00fcrekli geli\u015fimini desteklemek amac\u0131yla teknik ve ki\u015fisel geli\u015fim e\u011fitimleri veriyoruz. Bu e\u011fitimler sayesinde sadece \u00e7al\u0131\u015fanlar\u0131m\u0131z\u0131n bireysel ba\u015far\u0131lar\u0131n\u0131 art\u0131rmakla kalm\u0131yoruz, ayn\u0131 zamanda \u015firketimizin genel performans\u0131n\u0131 ve kalite standard\u0131n\u0131 da en \u00fcst seviyede tutmay\u0131 ba\u015far\u0131yoruz. Ekibimizin enerjisi, \u00f6\u011frenmeye olan iste\u011fi ve profesyonel yakla\u015f\u0131m\u0131, \u00c7iftsan\u2019\u0131n her y\u0131l daha da b\u00fcy\u00fcmesine ve g\u00fc\u00e7lenmesine olanak tan\u0131yor.<\/p>\n<ul>\n<li><em>Yar\u0131\u015fmalarda grup birinciliklerinizin yan\u0131 s\u0131ra \u00f6zellikle bask\u0131 proseslerindeki \u00f6d\u00fclleriniz dikkati \u00e7ekiyor. Bu y\u0131l da be\u015f kategori ve bir grup birincili\u011fi aras\u0131nda Serigrafi dal\u0131nda birincili\u011finiz ve dijital dahil di\u011fer dallarda \u00e7ok say\u0131da mansiyon \u00f6d\u00fcl\u00fcn\u00fcz var. Hemen her prosese \u00fcst d\u00fczeyde h\u00e2kim bir kadroyu istihdam etmeyi nas\u0131l ba\u015fard\u0131n\u0131z?<\/em><\/li>\n<\/ul>\n<p>\u00d6ncelikle, her bir bask\u0131 prosesiyle ilgili kazand\u0131\u011f\u0131m\u0131z \u00f6d\u00fcller, ekibimizin uzmanl\u0131\u011f\u0131n\u0131n ve g\u00f6sterdi\u011fimiz \u00e7aban\u0131n bir yans\u0131mas\u0131. FINAT\u2019taki bu ba\u015far\u0131lar\u0131m\u0131z, sadece teknolojik altyap\u0131m\u0131z\u0131n de\u011fil, ayn\u0131 zamanda arkam\u0131zdaki ekibin yetkinli\u011finin de bir g\u00f6stergesi. \u00c7e\u015fitli bask\u0131 proseslerinde kazand\u0131\u011f\u0131m\u0131z birincilikler ve mansiyonlar, her alanda derin bir uzmanl\u0131\u011fa sahip olmam\u0131z\u0131n sonucudur.<\/p>\n<p>B\u00f6ylesine her prosese h\u00e2kim bir kadro olu\u015fturman\u0131n temelinde e\u011fitim ve s\u00fcrekli geli\u015fim yat\u0131yor. \u00c7iftsan Etiket Ambalaj olarak, \u00e7al\u0131\u015fanlar\u0131m\u0131z\u0131n her birini sekt\u00f6re en iyi \u015fekilde haz\u0131rlamak i\u00e7in geni\u015f kapsaml\u0131 e\u011fitim programlar\u0131 d\u00fczenliyoruz. Serigrafiden dijitale, ofsetten flekso bask\u0131 tekniklerine kadar t\u00fcm proseslerde y\u00fcksek uzmanl\u0131k d\u00fczeyine sahip olmay\u0131 hem teorik hem de pratik e\u011fitimlerle sa\u011fl\u0131yoruz. \u00c7al\u0131\u015fanlar\u0131m\u0131z\u0131n \u00e7o\u011fu, bu mesle\u011fi bizim \u00e7at\u0131m\u0131z alt\u0131nda \u00f6\u011frenip geli\u015ftirdi\u011fi i\u00e7in, onlar\u0131n teknik bilgi ve becerilerini s\u00fcrekli olarak g\u00fc\u00e7lendirme imk\u00e2n\u0131 buluyoruz.<\/p>\n<p>Ayr\u0131ca, \u015firketimizde \u00f6\u011frenme k\u00fclt\u00fcr\u00fcn\u00fc ve inovasyonu destekleyen bir ortam olu\u015fturduk. Her yeni teknolojiye h\u0131zla adapte olabilen, \u00f6\u011frenmeye a\u00e7\u0131k ve kendini geli\u015ftiren bir ekip ruhu, bu ba\u015far\u0131lar\u0131m\u0131z\u0131n arkas\u0131ndaki en b\u00fcy\u00fck g\u00fc\u00e7. Teknolojiyi do\u011fru kullanmak kadar, onu do\u011fru anlay\u0131p uygulayan bir ekibe sahip olmak, bask\u0131 s\u00fcre\u00e7lerimizde elde etti\u011fimiz ba\u015far\u0131lar\u0131n temelini olu\u015fturuyor.<\/p>\n<p>\u00c7al\u0131\u015fanlar\u0131m\u0131z\u0131n her biri, farkl\u0131 proseslerde uzmanl\u0131k kazan\u0131rken, ayn\u0131 zamanda birbirinden \u00f6\u011frenmeyi ve deneyimlerini payla\u015fmay\u0131 te\u015fvik eden bir k\u00fclt\u00fcre sahip. Bu yakla\u015f\u0131m, her bask\u0131 prosesinde \u00fcst d\u00fczey ba\u015far\u0131 elde etmemizi m\u00fcmk\u00fcn k\u0131l\u0131yor.<\/p>\n<ul>\n<li><em>Kat\u0131ld\u0131\u011f\u0131n\u0131z yar\u0131\u015fmalarda tasar\u0131m\u0131n, \u00f6d\u00fcl almada bask\u0131n\u0131n \u00f6n\u00fcne ge\u00e7ti\u011fi \u00f6rnekler de g\u00f6rd\u00fcn\u00fcz m\u00fc? \u00d6d\u00fcllerinizde m\u00fc\u015fterilerinizden gelen tasar\u0131mlar\u0131n da pay\u0131 var m\u0131?<\/em><\/li>\n<\/ul>\n<p>Evet, kat\u0131ld\u0131\u011f\u0131m\u0131z yar\u0131\u015fmalarda m\u00fc\u015fterilerimizin g\u00f6nderdi\u011fi tasar\u0131mlar\u0131n ba\u015far\u0131lar\u0131m\u0131zda \u00f6nemli bir pay\u0131 var. \u00c7iftsan Etiket Ambalaj olarak, m\u00fc\u015fterilerimizin yarat\u0131c\u0131 vizyonlar\u0131n\u0131 en iyi \u015fekilde hayata ge\u00e7irmek bizim \u00f6nceliklerimizden biri. \u00d6zellikle etiket ve ambalaj tasar\u0131mlar\u0131n\u0131n hem estetik hem de teknik a\u00e7\u0131dan en \u00fcst d\u00fczeyde olmas\u0131, kazand\u0131\u011f\u0131m\u0131z \u00f6d\u00fcllerin arkas\u0131ndaki en b\u00fcy\u00fck temel unsur diyebilirim.<\/p>\n<p>Bununla birlikte, sadece m\u00fc\u015fterilerimizin tasar\u0131mlar\u0131na ba\u011fl\u0131 kalm\u0131yoruz. B\u00fcnyemizde, profesyonel bir tasar\u0131m ekibimiz bulunuyor ve bu ekip, yarat\u0131c\u0131 ve inovatif \u00e7\u00f6z\u00fcmler sunarak m\u00fc\u015fterilerimize destek oluyor. Tasar\u0131m ekibimiz, teknik bilgi ve sanatsal vizyonlar\u0131n\u0131 birle\u015ftirerek her proje i\u00e7in en ideal sonu\u00e7lar\u0131 ortaya koyuyor. M\u00fc\u015fterilerimizle yak\u0131n i\u015f birli\u011fi i\u00e7inde \u00e7al\u0131\u015farak, hem onlar\u0131n isteklerini en iyi \u015fekilde kar\u015f\u0131l\u0131yor hem de teknik bilgi ve deneyimimizle tasar\u0131mlar\u0131 daha ileriye ta\u015f\u0131yoruz.<\/p>\n<p>Bu yakla\u015f\u0131m, kazand\u0131\u011f\u0131m\u0131z \u00f6d\u00fcllerde tasar\u0131m\u0131n b\u00fcy\u00fck bir rol oynamas\u0131n\u0131 sa\u011fl\u0131yor. M\u00fc\u015fterilerimizin yarat\u0131c\u0131 bak\u0131\u015f a\u00e7\u0131lar\u0131yla, bizim teknik yetkinli\u011fimizin birle\u015fimi, sekt\u00f6rdeki ba\u015far\u0131lar\u0131m\u0131z\u0131n temelini olu\u015fturuyor. Her iki taraf\u0131n katk\u0131lar\u0131yla ortaya \u00e7\u0131kan bu sinerji, Finat, World Label Awards ve Ambalaj Ayy\u0131ld\u0131zlar\u0131 gibi prestijli yar\u0131\u015fmalarda elde etti\u011fimiz \u00f6d\u00fcllerin en b\u00fcy\u00fck nedenlerinden biri olarak \u00f6ne \u00e7\u0131kmaktad\u0131r.<\/p>\n<ul>\n<li><em>Bu y\u0131l Esnek Ambalaj kategorisinde de \u00f6d\u00fcl\u00fcn\u00fcz var. Son y\u0131llarda yat\u0131r\u0131mlar\u0131n\u0131zla ayn\u0131 zamanda bir esnek ambalaj \u00fcreticisi olarak da hizmet veriyorsunuz. \u00dcretiminizdeki pay\u0131 nedir?<\/em><\/li>\n<\/ul>\n<p>Evet, bu y\u0131l esnek ambalaj kategorisinde kazand\u0131\u011f\u0131m\u0131z \u00f6d\u00fcl, son y\u0131llarda yapt\u0131\u011f\u0131m\u0131z yat\u0131r\u0131mlar\u0131n bir meyvesi olarak kar\u015f\u0131m\u0131za \u00e7\u0131kt\u0131. \u00c7iftsan Etiket Ambalaj olarak, etiket \u00fcretimindeki uzmanl\u0131\u011f\u0131m\u0131z\u0131 esnek ambalaj alan\u0131na da ta\u015f\u0131mak amac\u0131yla ciddi yat\u0131r\u0131mlar yapt\u0131k ve bu alandaki kapasitemizi h\u0131zla art\u0131rd\u0131k. \u00d6zellikle m\u00fc\u015fterilerimizin de\u011fi\u015fen taleplerine ve pazar\u0131n gereksinimlerine cevap verebilmek ad\u0131na esnek ambalaj \u00fcretimimizi stratejik bir b\u00fcy\u00fcme alan\u0131 olarak belirledik.<\/p>\n<p>\u015eu anda, esnek ambalaj \u00fcretimi, genel \u00fcretimimizin \u00f6nemli bir k\u0131sm\u0131n\u0131 olu\u015fturuyor. Bu alana yapt\u0131\u011f\u0131m\u0131z yat\u0131r\u0131mlar sayesinde hem teknolojik altyap\u0131m\u0131z\u0131 g\u00fc\u00e7lendirdik hem de esnek ambalaj konusunda uzman bir ekip olu\u015fturduk. Esnek ambalaj, giderek daha fazla talep g\u00f6ren bir \u00fcr\u00fcn kategorisi haline geldi ve bu alandaki pazar pay\u0131m\u0131z da her ge\u00e7en y\u0131l art\u0131yor.<\/p>\n<p>Esnek ambalaj \u00fcretimimiz, \u015firketimizin toplam \u00fcretim kapasitesinin \u00f6nemli bir y\u00fczdesini olu\u015fturuyor. Bu yat\u0131r\u0131mlar\u0131n sonucunda, \u00fcr\u00fcn yelpazemizi geni\u015fletmekle kalmad\u0131k, ayn\u0131 zamanda m\u00fc\u015fterilerimize \u00e7ok daha kapsaml\u0131 \u00e7\u00f6z\u00fcmler sunabilen bir konuma ula\u015ft\u0131k. Bu da sekt\u00f6rdeki rekabet g\u00fcc\u00fcm\u00fcz\u00fc art\u0131rmam\u0131za ve \u00f6d\u00fcllerle ta\u00e7land\u0131r\u0131lmam\u0131za katk\u0131 sa\u011flad\u0131.<\/p>\n<ul>\n<li><em>\u00c7iftsan Etiket ve Ambalaj olarak \u00f6d\u00fcllerinizle sadece kendi tan\u0131t\u0131m\u0131n\u0131z\u0131 yapm\u0131yorsunuz, sekt\u00f6r\u00fcn tan\u0131t\u0131m\u0131na da b\u00fcy\u00fck katk\u0131n\u0131z var. \u0130hracatta, yurt d\u0131\u015f\u0131nda tan\u0131t\u0131mda ve fuarlarda yeterli kamu deste\u011fi al\u0131yor musunuz?<\/em><\/li>\n<\/ul>\n<p>\u00c7iftsan Etiket Ambalaj olarak, kazand\u0131\u011f\u0131m\u0131z \u00f6d\u00fcllerin sadece \u015firketimizin de\u011fil, ayn\u0131 zamanda sekt\u00f6r\u00fcm\u00fcz\u00fcn de tan\u0131t\u0131m\u0131na b\u00fcy\u00fck katk\u0131 sa\u011flad\u0131\u011f\u0131n\u0131 d\u00fc\u015f\u00fcn\u00fcyoruz. Ba\u015far\u0131lar\u0131m\u0131z\u0131n yurt d\u0131\u015f\u0131nda tan\u0131nmas\u0131, T\u00fcrkiye etiket ve ambalaj sekt\u00f6r\u00fcn\u00fcn global d\u00fczeyde rekabet g\u00fcc\u00fcn\u00fc g\u00f6stermesi a\u00e7\u0131s\u0131ndan da son derece \u00f6nemli. \u0130hracatta elde etti\u011fimiz ba\u015far\u0131lar ve uluslararas\u0131 fuarlarda sergiledi\u011fimiz performans, bu alandaki g\u00f6r\u00fcn\u00fcrl\u00fc\u011f\u00fcm\u00fcz\u00fc art\u0131r\u0131rken sekt\u00f6r\u00fcm\u00fcz\u00fcn g\u00fcc\u00fcn\u00fc de g\u00f6zler \u00f6n\u00fcne seriyor.<\/p>\n<p>Ancak, tan\u0131t\u0131m faaliyetlerinde ve yurt d\u0131\u015f\u0131 fuarlar\u0131nda kamu deste\u011finin daha etkili olabilece\u011fini d\u00fc\u015f\u00fcn\u00fcyoruz. \u015eirket olarak, uluslararas\u0131 arenada T\u00fcrk etiket ve ambalaj sekt\u00f6r\u00fcn\u00fc temsil etmek ad\u0131na ciddi yat\u0131r\u0131mlar yap\u0131yoruz. Bu s\u00fcre\u00e7te, sekt\u00f6rel tan\u0131t\u0131m ve pazarlama a\u00e7\u0131s\u0131ndan ald\u0131\u011f\u0131m\u0131z destekler mevcut olmakla birlikte, bu desteklerin art\u0131r\u0131lmas\u0131 ve daha geni\u015f kapsaml\u0131 hale getirilmesi gerekti\u011fini de g\u00f6r\u00fcyoruz.<\/p>\n<p>T\u00fcrkiye\u2019deki etiket ve ambalaj sekt\u00f6r\u00fcn\u00fcn uluslararas\u0131 ba\u015far\u0131lar\u0131n\u0131 daha g\u00fc\u00e7l\u00fc bir \u015fekilde duyurabilmek i\u00e7in, kamunun ihracat\u00e7\u0131lara ve sekt\u00f6rel firmalara y\u00f6nelik desteklerini art\u0131rmas\u0131, kat\u0131l\u0131m sa\u011flad\u0131\u011f\u0131m\u0131z fuarlarda daha fazla tan\u0131t\u0131m f\u0131rsatlar\u0131 sunulmas\u0131, sekt\u00f6rel i\u015f birliklerini g\u00fc\u00e7lendirecektir. Biz \u00c7iftsan Etiket Ambalaj olarak, bu s\u00fcre\u00e7te sekt\u00f6r\u00fcn temsilcisi olmaktan gurur duyuyoruz ve daha geni\u015f \u00e7apl\u0131 desteklerle T\u00fcrk etiket ve ambalaj sekt\u00f6r\u00fcn\u00fcn daha da g\u00fc\u00e7l\u00fc bir konuma gelece\u011fine inan\u0131yoruz.<\/p>\n<ul>\n<li><em>Toplam ka\u00e7 \u00f6d\u00fcl\u00fcn\u00fcz oldu? Koyacak yer s\u0131k\u0131nt\u0131s\u0131 \u00e7ekiyor musunuz?<\/em><\/li>\n<\/ul>\n<p>Kazand\u0131\u011f\u0131m\u0131z \u00f6d\u00fcl say\u0131s\u0131 her ge\u00e7en y\u0131l artmaya devam ediyor. \u015eu ana kadar \u00c7iftsan Etiket Ambalaj olarak 175\u2019ten fazla \u00f6d\u00fcl kazand\u0131k. Bu \u00f6d\u00fcller hem ulusal hem de uluslararas\u0131 arenada elde etti\u011fimiz ba\u015far\u0131lar\u0131n birer g\u00f6stergesi. Her biri, ekibimizin eme\u011fini, m\u00fc\u015fterilerimizin g\u00fcvenini ve teknolojik yat\u0131r\u0131mlar\u0131m\u0131z\u0131n sonucunu yans\u0131t\u0131yor.<\/p>\n<p>Tabii, bu kadar \u00e7ok \u00f6d\u00fcl kazand\u0131\u011f\u0131m\u0131zda fiziki olarak onlar\u0131 sergilemek de bir sorun haline gelebiliyor. Koyacak yer bulmak zaman zaman zorla\u015fsa da bu bizim i\u00e7in tatl\u0131 bir sorun. \u00c7\u00fcnk\u00fc her \u00f6d\u00fcl, bizi daha da motive ediyor ve yeni hedefler i\u00e7in daha \u00e7ok \u00e7al\u0131\u015fmam\u0131z gerekti\u011fini hat\u0131rlat\u0131yor. \u015eirketimizde, bu \u00f6d\u00fclleri sergilemek i\u00e7in \u00f6zel alanlar olu\u015fturduk, ancak kazanmaya devam ettik\u00e7e her y\u0131l daha fazla yer a\u00e7mam\u0131z gerekecek gibi g\u00f6r\u00fcn\u00fcyor.<\/p>\n<ul>\n<li><em>Gelecek i\u00e7in hedefleriniz hakk\u0131nda neler s\u00f6yleyebilirsiniz?<\/em><\/li>\n<\/ul>\n<p>Gelecek hedeflerimiz, her zaman oldu\u011fu gibi yenilik\u00e7i bir bak\u0131\u015f a\u00e7\u0131s\u0131yla \u015fekilleniyor. \u00c7iftsan Etiket Ambalaj olarak, sekt\u00f6rdeki \u00f6nc\u00fc rol\u00fcm\u00fcz\u00fc s\u00fcrd\u00fcrebilmek ad\u0131na inovasyon bizim i\u00e7in vazge\u00e7ilmez bir unsur. Teknolojiye yapt\u0131\u011f\u0131m\u0131z yat\u0131r\u0131mlar\u0131 art\u0131rarak, dijitalle\u015fme ve otomasyon s\u00fcre\u00e7lerinde en yeni geli\u015fmeleri yak\u0131ndan takip ediyoruz. Hedefimiz, \u00fcretim verimlili\u011fimizi ve kalite standartlar\u0131m\u0131z\u0131 daha da \u00fcst seviyelere ta\u015f\u0131mak. Bu anlamda, inovasyon odakl\u0131 projelerimizle hem ulusal hem de uluslararas\u0131 arenada rekabet g\u00fcc\u00fcm\u00fcz\u00fc korumay\u0131 ama\u00e7l\u0131yoruz.<\/p>\n<p>Ayr\u0131ca, gen\u00e7lere y\u00f6nelik e\u011fitimler bizim i\u00e7in her zaman \u00f6ncelikli bir alan oldu ve olmaya devam edecek. \u00c7iftsan, sekt\u00f6r\u00fcn okulu olarak an\u0131l\u0131yor ve bu kimli\u011fimizi daha da g\u00fc\u00e7lendirmek istiyoruz. Gen\u00e7 yeteneklerin sekt\u00f6re kazand\u0131r\u0131lmas\u0131 i\u00e7in e\u011fitim programlar\u0131m\u0131z\u0131 s\u00fcrekli g\u00fcncelliyoruz ve gelece\u011fin profesyonellerini yeti\u015ftirmek amac\u0131yla onlara daha fazla f\u0131rsat sunmaya kararl\u0131y\u0131z. Bu do\u011frultuda, b\u00fcnyemizde e\u011fitim alan \u00e7al\u0131\u015fanlar\u0131m\u0131z\u0131n sekt\u00f6rde fark yaratacak niteliklere sahip olmas\u0131n\u0131 sa\u011fl\u0131yoruz. Gen\u00e7lerimize yapt\u0131\u011f\u0131m\u0131z yat\u0131r\u0131mlar, \u015firketimizin gelece\u011fi ve s\u00fcrd\u00fcr\u00fclebilir ba\u015far\u0131s\u0131 a\u00e7\u0131s\u0131ndan b\u00fcy\u00fck bir \u00f6neme sahip.<\/p>\n<p>Ba\u015far\u0131l\u0131 projelerimizin devam\u0131 da bir di\u011fer \u00f6nemli hedefimiz. Bug\u00fcne kadar kazand\u0131\u011f\u0131m\u0131z \u00f6d\u00fcller ve hayata ge\u00e7irdi\u011fimiz projeler, bizim i\u00e7in birer motivasyon kayna\u011f\u0131 oldu. Ancak, bu ba\u015far\u0131larla yetinmiyoruz. \u0130leriye d\u00f6n\u00fck olarak daha b\u00fcy\u00fck projelere imza atmak ve sekt\u00f6rde yeni standartlar belirlemek i\u00e7in \u00e7al\u0131\u015fmaya devam ediyoruz. Her yeni projede, m\u00fc\u015fterilerimize daha fazla katma de\u011fer sunmak ve sekt\u00f6rdeki yenilik\u00e7i \u00e7\u00f6z\u00fcmlerle \u00f6nc\u00fc olmak hedeflerimiz aras\u0131nda.<\/p>\n<p>Sonu\u00e7 olarak, inovasyon, e\u011fitim ve ba\u015far\u0131l\u0131 projelerle hem \u00c7iftsan Etiket Ambalaj\u2019\u0131n hem de sekt\u00f6rdeki lider konumumuzun gelecekte de s\u00fcrd\u00fcr\u00fclebilir olmas\u0131n\u0131 ama\u00e7l\u0131yoruz. Gelecekte daha da b\u00fcy\u00fcmeyi ve yeni ba\u015far\u0131lara imza atmay\u0131 d\u00f6rt g\u00f6zle bekliyoruz.<\/p>\n","protected":false},"excerpt":{"rendered":"<p>Ebru Yolgun (\u00c7iftsan Etiket ve Ambalaj A.\u015e. Y\u00f6netim Kurulu \u00dcyesi: \u201c\u0130novasyon, e\u011fitim ve ba\u015far\u0131l\u0131 projelerle b\u00fcy\u00fcmeyi hedefliyoruz\u201d Etiket ve ambalaj, 2000\u2019li y\u0131llardan itibaren iyi e\u011fitimli, yenilik\u00e7i, sekt\u00f6r\u00fcnde zirveyi hedefleyen giri\u015fimcilerin itici g\u00fcc\u00fcyle, makine ve malzemede ithalat\u00e7\u0131 olman\u0131n handikaplar\u0131n\u0131 a\u015farak d\u0131\u015f pazarda daha fazla g\u00f6r\u00fcn\u00fcr oldu ve y\u0131llar ge\u00e7tik\u00e7e d\u0131\u015f ticarette fazla veren bir sekt\u00f6r olarak [&hellip;]<\/p>\n","protected":false},"author":2,"featured_media":5095,"comment_status":"closed","ping_status":"closed","sticky":false,"template":"","format":"standard","meta":[],"categories":[31,42],"tags":[398],"_links":{"self":[{"href":"https:\/\/www.ambalajveetiket.com\/index.php\/wp-json\/wp\/v2\/posts\/5094"}],"collection":[{"href":"https:\/\/www.ambalajveetiket.com\/index.php\/wp-json\/wp\/v2\/posts"}],"about":[{"href":"https:\/\/www.ambalajveetiket.com\/index.php\/wp-json\/wp\/v2\/types\/post"}],"author":[{"embeddable":true,"href":"https:\/\/www.ambalajveetiket.com\/index.php\/wp-json\/wp\/v2\/users\/2"}],"replies":[{"embeddable":true,"href":"https:\/\/www.ambalajveetiket.com\/index.php\/wp-json\/wp\/v2\/comments?post=5094"}],"version-history":[{"count":1,"href":"https:\/\/www.ambalajveetiket.com\/index.php\/wp-json\/wp\/v2\/posts\/5094\/revisions"}],"predecessor-version":[{"id":5096,"href":"https:\/\/www.ambalajveetiket.com\/index.php\/wp-json\/wp\/v2\/posts\/5094\/revisions\/5096"}],"wp:featuredmedia":[{"embeddable":true,"href":"https:\/\/www.ambalajveetiket.com\/index.php\/wp-json\/wp\/v2\/media\/5095"}],"wp:attachment":[{"href":"https:\/\/www.ambalajveetiket.com\/index.php\/wp-json\/wp\/v2\/media?parent=5094"}],"wp:term":[{"taxonomy":"category","embeddable":true,"href":"https:\/\/www.ambalajveetiket.com\/index.php\/wp-json\/wp\/v2\/categories?post=5094"},{"taxonomy":"post_tag","embeddable":true,"href":"https:\/\/www.ambalajveetiket.com\/index.php\/wp-json\/wp\/v2\/tags?post=5094"}],"curies":[{"name":"wp","href":"https:\/\/api.w.org\/{rel}","templated":true}]}}