{"id":5116,"date":"2025-01-27T15:41:19","date_gmt":"2025-01-27T12:41:19","guid":{"rendered":"https:\/\/www.ambalajveetiket.com\/?p=5116"},"modified":"2025-01-27T15:41:23","modified_gmt":"2025-01-27T12:41:23","slug":"karton-ambalaj-sektorunde-yesil-dijital-donusum-ve-ihracat-stratejileri-semineri","status":"publish","type":"post","link":"https:\/\/www.ambalajveetiket.com\/index.php\/2025\/01\/27\/karton-ambalaj-sektorunde-yesil-dijital-donusum-ve-ihracat-stratejileri-semineri\/","title":{"rendered":"Karton ambalaj sekt\u00f6r\u00fcnde ye\u015fil, dijital d\u00f6n\u00fc\u015f\u00fcm ve ihracat stratejileri semineri"},"content":{"rendered":"<h5>Karton ambalaj \u00fcreticileri, Avrupa Birli\u011fi (AB) ve AB d\u0131\u015f\u0131 piyasalara yapt\u0131klar\u0131 ihracatlarda kar\u015f\u0131la\u015ft\u0131klar\u0131 darbo\u011fazlar\u0131 a\u015fmak amac\u0131yla d\u00fczenlenen seminere kat\u0131ld\u0131lar. ISO Odakule Binas\u0131\u2019nda ger\u00e7ekle\u015ftirilen etkinlikte, sekt\u00f6r\u00fcn mevcut durumu ve \u00e7\u00f6z\u00fcm \u00f6nerileri tart\u0131\u015f\u0131ld\u0131.<\/h5>\n<p>Seminerde, Do\u00e7. Dr. Yavuz G\u00f6kalp Y\u0131ld\u0131z, Avrupa Birli\u011fi Ye\u015fil Mutabakat\u0131, S\u0131n\u0131rda Karbon D\u00fczenlemesi Mekanizmas\u0131 (SKDM) ve Dijital \u00dcr\u00fcn Pasaportu (DPP) konular\u0131nda kat\u0131l\u0131mc\u0131lara derinlemesine bilgiler sundu.<\/p>\n<p>Do\u00e7. Dr. Yavuz G\u00f6kalp Y\u0131ld\u0131z, \u015funlar\u0131 s\u00f6yl\u00fcyor: \u201cYe\u015fil Mutabakat ve SKDM gibi uygulamalar, s\u00fcrd\u00fcr\u00fclebilirlik a\u00e7\u0131s\u0131ndan b\u00fcy\u00fck bir \u00f6neme sahiptir. T\u00fcrkiye\u2019nin bu s\u00fcre\u00e7te atmas\u0131 gereken ad\u0131mlar ve stratejiler \u00fczerine yo\u011funla\u015fmal\u0131y\u0131z. Avrupa Birli\u011fi SKMD ile; ye\u015fil d\u00f6n\u00fc\u015f\u00fcm maliyetini ihracat\u00e7\u0131 firmalara ve \u00fclkelere y\u00fckleyerek maliyeti azaltma, emisyon azalt\u0131m hedefinde de di\u011fer \u00fclkelere de SKDM \u00fczerinden vergi koyarak onlar\u0131 su\u0308rece dahil edip zorlama hedeflemektedir, ihracat yapan sekt\u00f6rlere y\u00f6nelik desteklerin art\u0131r\u0131lmas\u0131 gerekti\u011fini d\u00fc\u015f\u00fcn\u00fcyorum.\u201d<\/p>\n<p>Y\u0131ld\u0131z, Dijital \u00dcr\u00fcn Pasaportu (Digital Product Passport \/ DPP)\u2019nun dijitalle\u015fme s\u00fcrecine katk\u0131s\u0131n\u0131n \u00f6nemli oldu\u011funa de\u011finerek, AB\u2019nin ye\u015fil d\u00f6n\u00fc\u015f\u00fcm hedefleri do\u011frultusunda, sekt\u00f6rlerin bu de\u011fi\u015fime h\u0131zl\u0131 bir \u015fekilde uyum sa\u011flamas\u0131 gerekti\u011fini vurguluyor.<\/p>\n<h4><strong>Dijital \u00dcr\u00fcn Pasaportu ne zaman y\u00fcr\u00fcrl\u00fc\u011fe giriyor?<\/strong><\/h4>\n<p>Etkinlik boyunca, iklim de\u011fi\u015fikli\u011fiyle m\u00fccadele amac\u0131yla d\u00fcnya genelinde y\u00fcr\u00fcrl\u00fc\u011fe giren yeni d\u00fczenlemelerin \u015firketler \u00fczerindeki etkileri derinlemesine de\u011ferlendirildi.<\/p>\n<p>Europedpp Dijital \u00dcr\u00fcn Pasaportu Yaz\u0131l\u0131m ve Dan\u0131\u015fmanl\u0131k Kurucusu Do\u00e7. Dr. Yavuz G\u00f6kalp Y\u0131ld\u0131z, Avrupa Birli\u011fi\u2019ne ticarette y\u00f6netmeliklere uymayan firmalar i\u00e7in \u00e7e\u015fitli yapt\u0131r\u0131mlar ve cezalar \u00f6ng\u00f6ru\u0308ld\u00fc\u011f\u00fcn\u00fc hat\u0131rlatarak, \u201cAra mal\u0131 ihracat\u0131 yapan firmalardan dijital \u00fcr\u00fcn pasaportu istenmeyecek ancak karbon sal\u0131n\u0131m\u0131 \u00f6l\u00e7\u00fcm\u00fc istenecek\u201d diyor ve \u015f\u00f6yle devam ediyor: \u201cYapt\u0131r\u0131mlar aras\u0131nda para cezalar\u0131, u\u0308ru\u0308n geri \u00e7a\u011f\u0131rmalar\u0131 ve sat\u0131\u015f yasaklar\u0131 bulunmaktad\u0131r. Uyum su\u0308re\u00e7lerini takip etmeyen firmalar, ekonomik zararlarla kar\u015f\u0131 kar\u015f\u0131ya kalabilirler.\u201d AB\u2019ye ihracatta S\u0131n\u0131rda Karbon D\u00fczenlemesi Mekanizmas\u0131 (SKMD)\u2019n\u0131n 2026\u2019da demir-\u00e7elik, al\u00fcminyum, g\u00fcbre, elektrik ve \u00e7imento sekt\u00f6rlerinde devreye girece\u011fini s\u00f6yleyen Y\u0131ld\u0131z, Dijital \u00dcr\u00fcn Pasaportu uygulamas\u0131n\u0131n 2030\u2019a kadar tekstil, bataryalar, elektronik gibi \u00fcr\u00fcnlerde y\u00fcr\u00fcrl\u00fc\u011fe girece\u011fini g\u00f6steren genel uygulama takvimini payla\u015ft\u0131<\/p>\n<h4><strong>\u0130hracat i\u00e7in kritik ad\u0131mlar<\/strong><\/h4>\n<p>\u00d6zellikle ihracat yapan ve son kullan\u0131c\u0131lar\u0131 arac\u0131l\u0131\u011f\u0131yla dolayl\u0131 olarak ihracat ger\u00e7ekle\u015ftiren karton ambalaj \u00fcreticileri i\u00e7in bu seminer b\u00fcy\u00fck \u00f6nem ta\u015f\u0131yordu. S\u00f6z konusu uygulamalar, bu t\u00fcr \u00fcreticilerin uluslararas\u0131 pazarda rekabet\u00e7i kalabilmeleri i\u00e7in gerekli ko\u015fullar\u0131 sa\u011flamak ad\u0131na kritik bir rol oynuyor. Seminer, kat\u0131l\u0131mc\u0131lara sekt\u00f6rdeki geli\u015fmeler hakk\u0131nda \u00f6nemli bilgiler sunarak, ihracat s\u00fcre\u00e7lerinde kar\u015f\u0131la\u015f\u0131lan zorluklar\u0131n a\u015f\u0131lmas\u0131 i\u00e7in gerekli stratejilerin belirlenmesine katk\u0131 sa\u011flad\u0131.<\/p>\n","protected":false},"excerpt":{"rendered":"<p>Karton ambalaj \u00fcreticileri, Avrupa Birli\u011fi (AB) ve AB d\u0131\u015f\u0131 piyasalara yapt\u0131klar\u0131 ihracatlarda kar\u015f\u0131la\u015ft\u0131klar\u0131 darbo\u011fazlar\u0131 a\u015fmak amac\u0131yla d\u00fczenlenen seminere kat\u0131ld\u0131lar. ISO Odakule Binas\u0131\u2019nda ger\u00e7ekle\u015ftirilen etkinlikte, sekt\u00f6r\u00fcn mevcut durumu ve \u00e7\u00f6z\u00fcm \u00f6nerileri tart\u0131\u015f\u0131ld\u0131. Seminerde, Do\u00e7. Dr. Yavuz G\u00f6kalp Y\u0131ld\u0131z, Avrupa Birli\u011fi Ye\u015fil Mutabakat\u0131, S\u0131n\u0131rda Karbon D\u00fczenlemesi Mekanizmas\u0131 (SKDM) ve Dijital \u00dcr\u00fcn Pasaportu (DPP) konular\u0131nda kat\u0131l\u0131mc\u0131lara derinlemesine bilgiler [&hellip;]<\/p>\n","protected":false},"author":2,"featured_media":5117,"comment_status":"closed","ping_status":"closed","sticky":false,"template":"","format":"standard","meta":[],"categories":[1],"tags":[403,288,408],"_links":{"self":[{"href":"https:\/\/www.ambalajveetiket.com\/index.php\/wp-json\/wp\/v2\/posts\/5116"}],"collection":[{"href":"https:\/\/www.ambalajveetiket.com\/index.php\/wp-json\/wp\/v2\/posts"}],"about":[{"href":"https:\/\/www.ambalajveetiket.com\/index.php\/wp-json\/wp\/v2\/types\/post"}],"author":[{"embeddable":true,"href":"https:\/\/www.ambalajveetiket.com\/index.php\/wp-json\/wp\/v2\/users\/2"}],"replies":[{"embeddable":true,"href":"https:\/\/www.ambalajveetiket.com\/index.php\/wp-json\/wp\/v2\/comments?post=5116"}],"version-history":[{"count":1,"href":"https:\/\/www.ambalajveetiket.com\/index.php\/wp-json\/wp\/v2\/posts\/5116\/revisions"}],"predecessor-version":[{"id":5118,"href":"https:\/\/www.ambalajveetiket.com\/index.php\/wp-json\/wp\/v2\/posts\/5116\/revisions\/5118"}],"wp:featuredmedia":[{"embeddable":true,"href":"https:\/\/www.ambalajveetiket.com\/index.php\/wp-json\/wp\/v2\/media\/5117"}],"wp:attachment":[{"href":"https:\/\/www.ambalajveetiket.com\/index.php\/wp-json\/wp\/v2\/media?parent=5116"}],"wp:term":[{"taxonomy":"category","embeddable":true,"href":"https:\/\/www.ambalajveetiket.com\/index.php\/wp-json\/wp\/v2\/categories?post=5116"},{"taxonomy":"post_tag","embeddable":true,"href":"https:\/\/www.ambalajveetiket.com\/index.php\/wp-json\/wp\/v2\/tags?post=5116"}],"curies":[{"name":"wp","href":"https:\/\/api.w.org\/{rel}","templated":true}]}}